{"id":1008,"date":"2010-12-10T05:50:56","date_gmt":"2010-12-10T03:50:56","guid":{"rendered":"http:\/\/martinemrichard.fr\/blog\/?p=1008"},"modified":"2011-05-17T07:39:53","modified_gmt":"2011-05-17T05:39:53","slug":"premiers-flocons","status":"publish","type":"post","link":"https:\/\/martinemrichard.fr\/blog\/?p=1008","title":{"rendered":"Premiers flocons"},"content":{"rendered":"<p>Pour le rendez-vous du \u00ab\u00a0Coucou du ha\u00efku\u00a0\u00bb et son petit d\u00e9fi du vendredi sur une photo de mamylilou<\/p>\n<p><a href=\"http:\/\/www.over-blog.com\/com-1172092675\/Le_coucou_du_haiku.html\">Lien <img loading=\"lazy\" decoding=\"async\" class=\"alignright size-medium wp-image-1010\" title=\"Sous-la-neige---97-\" src=\"https:\/\/martinemrichard.fr\/blog\/wp-content\/uploads\/2010\/12\/Sous-la-neige-97--300x199.jpg\" alt=\"\" width=\"300\" height=\"199\" srcset=\"https:\/\/martinemrichard.fr\/blog\/wp-content\/uploads\/2010\/12\/Sous-la-neige-97--300x199.jpg 300w, https:\/\/martinemrichard.fr\/blog\/wp-content\/uploads\/2010\/12\/Sous-la-neige-97--1024x681.jpg 1024w, https:\/\/martinemrichard.fr\/blog\/wp-content\/uploads\/2010\/12\/Sous-la-neige-97-.jpg 1200w\" sizes=\"auto, (max-width: 300px) 100vw, 300px\" \/><\/a><\/p>\n<p>.<\/p>\n<p style=\"text-align: justify;\">L&rsquo;automne, dos courb\u00e9, t\u00eate rentr\u00e9e dans les \u00e9paules, secoue sa chevelure dor\u00e9e,\u00a0 ses m\u00e8ches flamboyantes. L&rsquo;hiver , moqueur, l&rsquo;arrose de confettis neigeux&#8230;<\/p>\n<p style=\"text-align: justify;\">.<\/p>\n<p style=\"text-align: justify;\">Aux premiers flocons-<\/p>\n<p style=\"text-align: justify;\"><a href=\"https:\/\/martinemrichard.fr\/blog\/wp-content\/uploads\/2010\/12\/les-flocons1.jpg\"><img loading=\"lazy\" decoding=\"async\" class=\"alignright size-medium wp-image-1023\" title=\"les flocons\" src=\"https:\/\/martinemrichard.fr\/blog\/wp-content\/uploads\/2010\/12\/les-flocons1-225x300.jpg\" alt=\"\" width=\"225\" height=\"300\" srcset=\"https:\/\/martinemrichard.fr\/blog\/wp-content\/uploads\/2010\/12\/les-flocons1-225x300.jpg 225w, https:\/\/martinemrichard.fr\/blog\/wp-content\/uploads\/2010\/12\/les-flocons1-768x1024.jpg 768w, https:\/\/martinemrichard.fr\/blog\/wp-content\/uploads\/2010\/12\/les-flocons1.jpg 1495w\" sizes=\"auto, (max-width: 225px) 100vw, 225px\" \/><\/a>Les maisons font le gros dos<\/p>\n<p style=\"text-align: justify;\">Silence ouat\u00e9<\/p>\n<p style=\"text-align: justify;\">.<\/p>\n<p style=\"text-align: justify;\">Les nuages se d\u00e9sagr\u00e8gent en milliards de bribes cotonneuses&#8230;<\/p>\n<p style=\"text-align: justify;\">.<\/p>\n<p style=\"text-align: justify;\">Danse des flocons-<\/p>\n<p style=\"text-align: justify;\">D\u00e9cembre aux pas de velours<\/p>\n<p style=\"text-align: justify;\">Feutre les chemins<\/p>\n<p style=\"text-align: justify;\">.<\/p>\n<p style=\"text-align: justify;\">Le Temps semble s&rsquo;arr\u00eater. La vie, entre parenth\u00e8ses, s&rsquo;enlise dans la blancheur&#8230;.<\/p>\n<p style=\"text-align: justify;\">. <a href=\"https:\/\/martinemrichard.fr\/blog\/wp-content\/uploads\/2010\/12\/le-village.jpg\"><img loading=\"lazy\" decoding=\"async\" class=\"alignright size-medium wp-image-1024\" title=\"le village\" src=\"https:\/\/martinemrichard.fr\/blog\/wp-content\/uploads\/2010\/12\/le-village-225x300.jpg\" alt=\"\" width=\"225\" height=\"300\" srcset=\"https:\/\/martinemrichard.fr\/blog\/wp-content\/uploads\/2010\/12\/le-village-225x300.jpg 225w, https:\/\/martinemrichard.fr\/blog\/wp-content\/uploads\/2010\/12\/le-village-768x1024.jpg 768w\" sizes=\"auto, (max-width: 225px) 100vw, 225px\" \/><\/a><\/p>\n<p style=\"text-align: justify;\">Poussi\u00e8res glac\u00e9es-<\/p>\n<p style=\"text-align: justify;\">Village sous un manteau blanc<\/p>\n<p style=\"text-align: justify;\">\u0152uvre impressionniste<\/p>\n<p style=\"text-align: justify;\">.<\/p>\n<p style=\"text-align: justify;\">Pass\u00e9 l&rsquo;\u00e9merveillement, les adultes r\u00e2lent en maniant les pelles \u00e0 neige. Les enfants ne sont pas du m\u00eame avis et applaudissent!<\/p>\n<p style=\"text-align: justify;\">.<\/p>\n<p style=\"text-align: justify;\">Matin sans \u00e9cole-<\/p>\n<p style=\"text-align: justify;\">Les routes sont impraticables<\/p>\n<p style=\"text-align: justify;\">Rires et boules de neige<\/p>\n<p style=\"text-align: justify;\">. <a href=\"https:\/\/martinemrichard.fr\/blog\/wp-content\/uploads\/2010\/12\/rouge-et-blanc.jpg\"><img loading=\"lazy\" decoding=\"async\" class=\"alignright size-medium wp-image-1025\" title=\"rouge et blanc\" src=\"https:\/\/martinemrichard.fr\/blog\/wp-content\/uploads\/2010\/12\/rouge-et-blanc-300x225.jpg\" alt=\"\" width=\"300\" height=\"225\" srcset=\"https:\/\/martinemrichard.fr\/blog\/wp-content\/uploads\/2010\/12\/rouge-et-blanc-300x225.jpg 300w, https:\/\/martinemrichard.fr\/blog\/wp-content\/uploads\/2010\/12\/rouge-et-blanc-1024x768.jpg 1024w\" sizes=\"auto, (max-width: 300px) 100vw, 300px\" \/><\/a><\/p>\n<p style=\"text-align: justify;\">A la faveur d&rsquo;une \u00e9claircie, les courageux mettent le nez dehors. Spectacle f\u00e9\u00e9rique. Le ciel pleure quelques duvets soyeux.<\/p>\n<p style=\"text-align: justify;\">.<\/p>\n<p style=\"text-align: justify;\">Pie sur la barri\u00e8re-<\/p>\n<p style=\"text-align: justify;\">Monet aurait appr\u00e9ci\u00e9<\/p>\n<p style=\"text-align: justify;\">Pinceau \u00e0 la main<\/p>\n<p style=\"text-align: justify;\">. <a href=\"https:\/\/martinemrichard.fr\/blog\/wp-content\/uploads\/2010\/12\/tourbillons.jpg\"><img loading=\"lazy\" decoding=\"async\" class=\"alignright size-medium wp-image-1027\" title=\"tourbillons\" src=\"https:\/\/martinemrichard.fr\/blog\/wp-content\/uploads\/2010\/12\/tourbillons-300x224.jpg\" alt=\"\" width=\"300\" height=\"224\" srcset=\"https:\/\/martinemrichard.fr\/blog\/wp-content\/uploads\/2010\/12\/tourbillons-300x224.jpg 300w, https:\/\/martinemrichard.fr\/blog\/wp-content\/uploads\/2010\/12\/tourbillons-1024x767.jpg 1024w\" sizes=\"auto, (max-width: 300px) 100vw, 300px\" \/><\/a><\/p>\n<p style=\"text-align: justify;\">Dans la campagne le vent s&rsquo;en donne \u00e0 c\u0153ur joie. Soulevant, rabattant,\u00a0 amoncelant ses p\u00e2t\u00e9s au n\u00e9v\u00e9&#8230;<\/p>\n<p style=\"text-align: justify;\">.<\/p>\n<p style=\"text-align: justify;\">Cong\u00e8res rampantes-<\/p>\n<p style=\"text-align: justify;\">Le froid , prince en son royaume<\/p>\n<p style=\"text-align: justify;\">Vin chaud et cannelle<\/p>\n<p style=\"text-align: justify;\">. <a href=\"https:\/\/martinemrichard.fr\/blog\/wp-content\/uploads\/2010\/12\/pays-du-froid.jpg\"><img loading=\"lazy\" decoding=\"async\" class=\"alignright size-medium wp-image-1028\" title=\"pays du froid\" src=\"https:\/\/martinemrichard.fr\/blog\/wp-content\/uploads\/2010\/12\/pays-du-froid-225x300.jpg\" alt=\"\" width=\"225\" height=\"300\" srcset=\"https:\/\/martinemrichard.fr\/blog\/wp-content\/uploads\/2010\/12\/pays-du-froid-225x300.jpg 225w, https:\/\/martinemrichard.fr\/blog\/wp-content\/uploads\/2010\/12\/pays-du-froid-768x1024.jpg 768w, https:\/\/martinemrichard.fr\/blog\/wp-content\/uploads\/2010\/12\/pays-du-froid.jpg 1982w\" sizes=\"auto, (max-width: 225px) 100vw, 225px\" \/><\/a><\/p>\n<p style=\"text-align: justify;\">Faisant fi des morsures , appareil photo en poche, l&rsquo;amateur brave les gifles venteuses.<\/p>\n<p style=\"text-align: justify;\">tanka:<\/p>\n<p style=\"text-align: justify;\">Fra\u00eeches draperies-<\/p>\n<p style=\"text-align: justify;\">Pays de la f\u00e9e des neiges<\/p>\n<p style=\"text-align: justify;\">Nez rouge et doigts gourds<\/p>\n<p style=\"text-align: justify;\">.<\/p>\n<p style=\"text-align: justify;\">Sculptures au ciseau polaire<\/p>\n<p style=\"text-align: justify;\">A l&rsquo;\u00e9ph\u00e9m\u00e8re beaut\u00e9<\/p>\n<p style=\"text-align: justify;\">.<\/p>\n<p style=\"text-align: justify;\">MMR ( tous droits r\u00e9serv\u00e9s)<\/p>\n<p style=\"text-align: justify;\">\n","protected":false},"excerpt":{"rendered":"<p>Pour le rendez-vous du \u00ab\u00a0Coucou du ha\u00efku\u00a0\u00bb et son petit d\u00e9fi du vendredi sur une photo de mamylilou Lien . L&rsquo;automne, dos courb\u00e9, t\u00eate rentr\u00e9e dans les \u00e9paules, secoue sa chevelure dor\u00e9e,\u00a0 ses m\u00e8ches flamboyantes. L&rsquo;hiver , moqueur, l&rsquo;arrose de confettis neigeux&#8230; . Aux premiers flocons- Les maisons font le gros dos Silence ouat\u00e9 . [&hellip;]<\/p>\n","protected":false},"author":1,"featured_media":0,"comment_status":"open","ping_status":"open","sticky":false,"template":"","format":"standard","meta":{"footnotes":""},"categories":[35],"tags":[],"class_list":["post-1008","post","type-post","status-publish","format-standard","hentry","category-haikus-haibuns"],"_links":{"self":[{"href":"https:\/\/martinemrichard.fr\/blog\/index.php?rest_route=\/wp\/v2\/posts\/1008","targetHints":{"allow":["GET"]}}],"collection":[{"href":"https:\/\/martinemrichard.fr\/blog\/index.php?rest_route=\/wp\/v2\/posts"}],"about":[{"href":"https:\/\/martinemrichard.fr\/blog\/index.php?rest_route=\/wp\/v2\/types\/post"}],"author":[{"embeddable":true,"href":"https:\/\/martinemrichard.fr\/blog\/index.php?rest_route=\/wp\/v2\/users\/1"}],"replies":[{"embeddable":true,"href":"https:\/\/martinemrichard.fr\/blog\/index.php?rest_route=%2Fwp%2Fv2%2Fcomments&post=1008"}],"version-history":[{"count":10,"href":"https:\/\/martinemrichard.fr\/blog\/index.php?rest_route=\/wp\/v2\/posts\/1008\/revisions"}],"predecessor-version":[{"id":1607,"href":"https:\/\/martinemrichard.fr\/blog\/index.php?rest_route=\/wp\/v2\/posts\/1008\/revisions\/1607"}],"wp:attachment":[{"href":"https:\/\/martinemrichard.fr\/blog\/index.php?rest_route=%2Fwp%2Fv2%2Fmedia&parent=1008"}],"wp:term":[{"taxonomy":"category","embeddable":true,"href":"https:\/\/martinemrichard.fr\/blog\/index.php?rest_route=%2Fwp%2Fv2%2Fcategories&post=1008"},{"taxonomy":"post_tag","embeddable":true,"href":"https:\/\/martinemrichard.fr\/blog\/index.php?rest_route=%2Fwp%2Fv2%2Ftags&post=1008"}],"curies":[{"name":"wp","href":"https:\/\/api.w.org\/{rel}","templated":true}]}}