{"id":10119,"date":"2015-10-25T06:36:09","date_gmt":"2015-10-25T05:36:09","guid":{"rendered":"http:\/\/martinemrichard.fr\/blog\/?p=10119"},"modified":"2015-12-10T20:45:04","modified_gmt":"2015-12-10T19:45:04","slug":"un-ete-un-jour","status":"publish","type":"post","link":"https:\/\/martinemrichard.fr\/blog\/?p=10119","title":{"rendered":"Un \u00e9t\u00e9&#8230; un jour&#8230;"},"content":{"rendered":"<p>Un \u00e9t\u00e9&#8230; un jour<a href=\"https:\/\/martinemrichard.fr\/blog\/wp-content\/uploads\/2015\/10\/IMG_9517_v1.jpg\"><img loading=\"lazy\" decoding=\"async\" class=\"alignright size-medium wp-image-10120\" src=\"https:\/\/martinemrichard.fr\/blog\/wp-content\/uploads\/2015\/10\/IMG_9517_v1-300x225.jpg\" alt=\"IMG_9517_v1\" width=\"300\" height=\"225\" srcset=\"https:\/\/martinemrichard.fr\/blog\/wp-content\/uploads\/2015\/10\/IMG_9517_v1-300x225.jpg 300w, https:\/\/martinemrichard.fr\/blog\/wp-content\/uploads\/2015\/10\/IMG_9517_v1-1024x768.jpg 1024w, https:\/\/martinemrichard.fr\/blog\/wp-content\/uploads\/2015\/10\/IMG_9517_v1.jpg 1770w\" sizes=\"auto, (max-width: 300px) 100vw, 300px\" \/><\/a><\/p>\n<p>Abandonner ses pas au gr\u00e9 des heures mignot\u00e9es par trois moutons c\u00e9lestes&#8230;<\/p>\n<p>\u00catre surpris<\/p>\n<p>Par la violence\u00a0 sucr\u00e9e du ch\u00e8vre-feuille<\/p>\n<p>Qui caresse et captive<\/p>\n<p>Sur un chemin d&rsquo;hu\u00eetres bris\u00e9es&#8230;<\/p>\n<p>Un \u00e9t\u00e9&#8230; un jour<a href=\"https:\/\/martinemrichard.fr\/blog\/wp-content\/uploads\/2015\/10\/IMG_9089_v1.jpg\"><img loading=\"lazy\" decoding=\"async\" class=\"alignright size-medium wp-image-10121\" src=\"https:\/\/martinemrichard.fr\/blog\/wp-content\/uploads\/2015\/10\/IMG_9089_v1-189x300.jpg\" alt=\"IMG_9089_v1\" width=\"189\" height=\"300\" srcset=\"https:\/\/martinemrichard.fr\/blog\/wp-content\/uploads\/2015\/10\/IMG_9089_v1-189x300.jpg 189w, https:\/\/martinemrichard.fr\/blog\/wp-content\/uploads\/2015\/10\/IMG_9089_v1-644x1024.jpg 644w, https:\/\/martinemrichard.fr\/blog\/wp-content\/uploads\/2015\/10\/IMG_9089_v1.jpg 1374w\" sizes=\"auto, (max-width: 189px) 100vw, 189px\" \/><\/a><\/p>\n<p>Glisser son indiscr\u00e9tion<\/p>\n<p>Le long d&rsquo;un couloir clair obscur<\/p>\n<p>O\u00f9 s\u2019entrelacent en libert\u00e9<\/p>\n<p>Lierres et passiflores,<\/p>\n<p>Tandis que, c\u0153ur au secret,<\/p>\n<p>Dorment les belles de nuit &#8230;<\/p>\n<p>Un \u00e9t\u00e9&#8230; un jour<\/p>\n<p>Nez en l&rsquo;air<a href=\"https:\/\/martinemrichard.fr\/blog\/wp-content\/uploads\/2015\/10\/IMG_9086_v1.jpg\"><img loading=\"lazy\" decoding=\"async\" class=\"alignright size-medium wp-image-10123\" src=\"https:\/\/martinemrichard.fr\/blog\/wp-content\/uploads\/2015\/10\/IMG_9086_v1-300x228.jpg\" alt=\"IMG_9086_v1\" width=\"300\" height=\"228\" srcset=\"https:\/\/martinemrichard.fr\/blog\/wp-content\/uploads\/2015\/10\/IMG_9086_v1-300x228.jpg 300w, https:\/\/martinemrichard.fr\/blog\/wp-content\/uploads\/2015\/10\/IMG_9086_v1-1024x780.jpg 1024w, https:\/\/martinemrichard.fr\/blog\/wp-content\/uploads\/2015\/10\/IMG_9086_v1.jpg 1119w\" sizes=\"auto, (max-width: 300px) 100vw, 300px\" \/><\/a><\/p>\n<p>Sourire aux l\u00e8vres<\/p>\n<p>Suivre le remue-m\u00e9nage<\/p>\n<p>De deux hirondeaux<\/p>\n<p>Harcelant de leur voracit\u00e9<\/p>\n<p>La patience de leurs parents.<\/p>\n<p>Un \u00e9t\u00e9&#8230; un jour&#8230;<a href=\"https:\/\/martinemrichard.fr\/blog\/wp-content\/uploads\/2015\/10\/IMG_9080_v1.jpg\"><img loading=\"lazy\" decoding=\"async\" class=\"alignright size-medium wp-image-10125\" src=\"https:\/\/martinemrichard.fr\/blog\/wp-content\/uploads\/2015\/10\/IMG_9080_v1-300x209.jpg\" alt=\"IMG_9080_v1\" width=\"300\" height=\"209\" srcset=\"https:\/\/martinemrichard.fr\/blog\/wp-content\/uploads\/2015\/10\/IMG_9080_v1-300x209.jpg 300w, https:\/\/martinemrichard.fr\/blog\/wp-content\/uploads\/2015\/10\/IMG_9080_v1-1024x713.jpg 1024w\" sizes=\"auto, (max-width: 300px) 100vw, 300px\" \/><\/a><\/p>\n<p>Guigner , un rien rieur,<\/p>\n<p>L&rsquo;insouciance d\u00e9contract\u00e9e<\/p>\n<p>Du chien, indiff\u00e9rent au vacarme,<\/p>\n<p>Livr\u00e9 sans retenue au r\u00eave s&rsquo;enfuyant&#8230;<\/p>\n<p>Un \u00e9t\u00e9&#8230; un jour<\/p>\n<p>Extravaguer<\/p>\n<p><a href=\"https:\/\/martinemrichard.fr\/blog\/wp-content\/uploads\/2015\/10\/IMG_9065_v1.jpg\"><img loading=\"lazy\" decoding=\"async\" class=\"alignright size-medium wp-image-10135\" src=\"https:\/\/martinemrichard.fr\/blog\/wp-content\/uploads\/2015\/10\/IMG_9065_v1-225x300.jpg\" alt=\"IMG_9065_v1\" width=\"225\" height=\"300\" srcset=\"https:\/\/martinemrichard.fr\/blog\/wp-content\/uploads\/2015\/10\/IMG_9065_v1-225x300.jpg 225w, https:\/\/martinemrichard.fr\/blog\/wp-content\/uploads\/2015\/10\/IMG_9065_v1-768x1024.jpg 768w, https:\/\/martinemrichard.fr\/blog\/wp-content\/uploads\/2015\/10\/IMG_9065_v1.jpg 1327w\" sizes=\"auto, (max-width: 225px) 100vw, 225px\" \/><\/a>Fileter d&rsquo;or les images<\/p>\n<p>Les souvenirs bronz\u00e9s<\/p>\n<p>M\u00e2chouiller l&rsquo;air sal\u00e9<\/p>\n<p>Ce bleu du Bassin<\/p>\n<p>O\u00f9 baillent les hu\u00eetres.<\/p>\n<p>Un \u00e9t\u00e9&#8230; un jour<\/p>\n<p>Blotti dans ma m\u00e9moire<\/p>\n<p>Ce nacr\u00e9 ineffable<\/p>\n<p>Attend l&rsquo;heure du retour&#8230;<\/p>\n<p>.<\/p>\n<p>MMR ( tous droits r\u00e9serv\u00e9s)<\/p>\n<p><span style=\"color: #800080;\"><strong>Cliquez sur les photos pour agrandir svp, merci.<\/strong><\/span><\/p>\n<p>.<\/p>\n<p><span style=\"color: #ff0000;\"><strong>Un immense Merci pour tous vos commentaires qui donnent vie \u00e0 ce blog<\/strong><\/span><\/p>\n<p><span style=\"color: #ff0000;\"><strong>\ud83d\ude09<\/strong><\/span><\/p>\n","protected":false},"excerpt":{"rendered":"<p>Un \u00e9t\u00e9&#8230; un jour Abandonner ses pas au gr\u00e9 des heures mignot\u00e9es par trois moutons c\u00e9lestes&#8230; \u00catre surpris Par la violence\u00a0 sucr\u00e9e du ch\u00e8vre-feuille Qui caresse et captive Sur un chemin d&rsquo;hu\u00eetres bris\u00e9es&#8230; Un \u00e9t\u00e9&#8230; un jour Glisser son indiscr\u00e9tion Le long d&rsquo;un couloir clair obscur O\u00f9 s\u2019entrelacent en libert\u00e9 Lierres et passiflores, Tandis que, [&hellip;]<\/p>\n","protected":false},"author":1,"featured_media":0,"comment_status":"open","ping_status":"open","sticky":false,"template":"","format":"standard","meta":{"footnotes":""},"categories":[70],"tags":[135,61,273,160,938,59,163],"class_list":["post-10119","post","type-post","status-publish","format-standard","hentry","category-ocean-et-bassin-darcachon","tag-bassin-darcachon","tag-bleu","tag-chevre-feuille","tag-ete","tag-hirondeaux","tag-or","tag-reve"],"_links":{"self":[{"href":"https:\/\/martinemrichard.fr\/blog\/index.php?rest_route=\/wp\/v2\/posts\/10119","targetHints":{"allow":["GET"]}}],"collection":[{"href":"https:\/\/martinemrichard.fr\/blog\/index.php?rest_route=\/wp\/v2\/posts"}],"about":[{"href":"https:\/\/martinemrichard.fr\/blog\/index.php?rest_route=\/wp\/v2\/types\/post"}],"author":[{"embeddable":true,"href":"https:\/\/martinemrichard.fr\/blog\/index.php?rest_route=\/wp\/v2\/users\/1"}],"replies":[{"embeddable":true,"href":"https:\/\/martinemrichard.fr\/blog\/index.php?rest_route=%2Fwp%2Fv2%2Fcomments&post=10119"}],"version-history":[{"count":22,"href":"https:\/\/martinemrichard.fr\/blog\/index.php?rest_route=\/wp\/v2\/posts\/10119\/revisions"}],"predecessor-version":[{"id":10527,"href":"https:\/\/martinemrichard.fr\/blog\/index.php?rest_route=\/wp\/v2\/posts\/10119\/revisions\/10527"}],"wp:attachment":[{"href":"https:\/\/martinemrichard.fr\/blog\/index.php?rest_route=%2Fwp%2Fv2%2Fmedia&parent=10119"}],"wp:term":[{"taxonomy":"category","embeddable":true,"href":"https:\/\/martinemrichard.fr\/blog\/index.php?rest_route=%2Fwp%2Fv2%2Fcategories&post=10119"},{"taxonomy":"post_tag","embeddable":true,"href":"https:\/\/martinemrichard.fr\/blog\/index.php?rest_route=%2Fwp%2Fv2%2Ftags&post=10119"}],"curies":[{"name":"wp","href":"https:\/\/api.w.org\/{rel}","templated":true}]}}