{"id":10178,"date":"2015-10-11T03:10:06","date_gmt":"2015-10-11T02:10:06","guid":{"rendered":"http:\/\/martinemrichard.fr\/blog\/?p=10178"},"modified":"2015-10-21T19:04:39","modified_gmt":"2015-10-21T18:04:39","slug":"couleur-automne","status":"publish","type":"post","link":"https:\/\/martinemrichard.fr\/blog\/?p=10178","title":{"rendered":"Couleur automne"},"content":{"rendered":"<p><em>R\u00e9ponse au texto\u00e9sie de Suz\u00e2me, \u00ab\u00a0Aux doigts de l&rsquo;automne\u00a0\u00bb<\/em>:\u00a0<a href=\"http:\/\/suzame-ecriture.over-blog.com\/2015\/10\/textoesies-et-vous-mon-bel-automne.html\"> <span style=\"color: #0000ff;\"><strong>ICI<\/strong><\/span><\/a><\/p>\n<p><a href=\"https:\/\/martinemrichard.fr\/blog\/wp-content\/uploads\/2015\/10\/img_0446_v1.jpg\"><img loading=\"lazy\" decoding=\"async\" class=\"alignright size-medium wp-image-10182\" src=\"https:\/\/martinemrichard.fr\/blog\/wp-content\/uploads\/2015\/10\/img_0446_v1-300x295.jpg\" alt=\"img_0446_v1\" width=\"300\" height=\"295\" srcset=\"https:\/\/martinemrichard.fr\/blog\/wp-content\/uploads\/2015\/10\/img_0446_v1-300x295.jpg 300w, https:\/\/martinemrichard.fr\/blog\/wp-content\/uploads\/2015\/10\/img_0446_v1.jpg 725w\" sizes=\"auto, (max-width: 300px) 100vw, 300px\" \/><\/a>.<\/p>\n<p>Paysages br\u00fbl\u00e9s<\/p>\n<p>Aux \u00e9lans Tramontane *<\/p>\n<p>L&rsquo; Automne d&rsquo;un doigt dirige<\/p>\n<p>La symphonie du vent&#8230;<\/p>\n<p>.<\/p>\n<p>* <em>Tramontane: vent du Nord\/ Nord- Ouest, soufflant sur le Languedoc, souvent avec violence, en direction de la M\u00e9diterran\u00e9e.<\/em><\/p>\n<p><em>De plus,\u00a0 le th\u00e8me de l&rsquo;automne m&rsquo;a inspir\u00e9 ce petit po\u00e8me<\/em><\/p>\n<p>.<\/p>\n<p>Or et rubis<\/p>\n<p>Un ruisseau de feuilles serpente entre les vignes.<\/p>\n<p>Etincelles violentes<\/p>\n<p>Ces joyaux attirent une pie vagabonde.<\/p>\n<p>Elle pique<\/p>\n<p>Fouille<\/p>\n<p>Tente de capturer cette beaut\u00e9 offerte.<\/p>\n<p>La voleuse<\/p>\n<p>Ne saisit qu&rsquo;un reflet \u00e9vanoui \u00e0 l&rsquo;envol.<\/p>\n<p>Reste \u00e0 l&rsquo;oiseau<\/p>\n<p>Une tache boueuse \u00e0 son bec d\u00e9sabus\u00e9&#8230;<\/p>\n<p>.<\/p>\n<p>MMR ( tous droits r\u00e9serv\u00e9s)<\/p>\n<p>En illustration, une oeuvre, technique mixte \u00e0 partir de gravure maroufl\u00e9e sur toile . 15&#215;15<\/p>\n<p><span style=\"color: #993366;\"><strong>Cliquez sur l&rsquo;image pour agrandir svp, merci.<\/strong><\/span><\/p>\n","protected":false},"excerpt":{"rendered":"<p>R\u00e9ponse au texto\u00e9sie de Suz\u00e2me, \u00ab\u00a0Aux doigts de l&rsquo;automne\u00a0\u00bb:\u00a0 ICI . Paysages br\u00fbl\u00e9s Aux \u00e9lans Tramontane * L&rsquo; Automne d&rsquo;un doigt dirige La symphonie du vent&#8230; . * Tramontane: vent du Nord\/ Nord- Ouest, soufflant sur le Languedoc, souvent avec violence, en direction de la M\u00e9diterran\u00e9e. De plus,\u00a0 le th\u00e8me de l&rsquo;automne m&rsquo;a inspir\u00e9 ce [&hellip;]<\/p>\n","protected":false},"author":1,"featured_media":0,"comment_status":"open","ping_status":"open","sticky":false,"template":"","format":"standard","meta":{"footnotes":""},"categories":[4,631],"tags":[222,59,403,134,469,865],"class_list":["post-10178","post","type-post","status-publish","format-standard","hentry","category-poemes","category-textoesies","tag-automne","tag-or","tag-pie","tag-poeme","tag-rubis","tag-textoesie"],"_links":{"self":[{"href":"https:\/\/martinemrichard.fr\/blog\/index.php?rest_route=\/wp\/v2\/posts\/10178","targetHints":{"allow":["GET"]}}],"collection":[{"href":"https:\/\/martinemrichard.fr\/blog\/index.php?rest_route=\/wp\/v2\/posts"}],"about":[{"href":"https:\/\/martinemrichard.fr\/blog\/index.php?rest_route=\/wp\/v2\/types\/post"}],"author":[{"embeddable":true,"href":"https:\/\/martinemrichard.fr\/blog\/index.php?rest_route=\/wp\/v2\/users\/1"}],"replies":[{"embeddable":true,"href":"https:\/\/martinemrichard.fr\/blog\/index.php?rest_route=%2Fwp%2Fv2%2Fcomments&post=10178"}],"version-history":[{"count":12,"href":"https:\/\/martinemrichard.fr\/blog\/index.php?rest_route=\/wp\/v2\/posts\/10178\/revisions"}],"predecessor-version":[{"id":10213,"href":"https:\/\/martinemrichard.fr\/blog\/index.php?rest_route=\/wp\/v2\/posts\/10178\/revisions\/10213"}],"wp:attachment":[{"href":"https:\/\/martinemrichard.fr\/blog\/index.php?rest_route=%2Fwp%2Fv2%2Fmedia&parent=10178"}],"wp:term":[{"taxonomy":"category","embeddable":true,"href":"https:\/\/martinemrichard.fr\/blog\/index.php?rest_route=%2Fwp%2Fv2%2Fcategories&post=10178"},{"taxonomy":"post_tag","embeddable":true,"href":"https:\/\/martinemrichard.fr\/blog\/index.php?rest_route=%2Fwp%2Fv2%2Ftags&post=10178"}],"curies":[{"name":"wp","href":"https:\/\/api.w.org\/{rel}","templated":true}]}}