{"id":10217,"date":"2015-10-27T05:03:52","date_gmt":"2015-10-27T04:03:52","guid":{"rendered":"http:\/\/martinemrichard.fr\/blog\/?p=10217"},"modified":"2015-10-27T05:03:52","modified_gmt":"2015-10-27T04:03:52","slug":"hantise","status":"publish","type":"post","link":"https:\/\/martinemrichard.fr\/blog\/?p=10217","title":{"rendered":"Hantise"},"content":{"rendered":"<p>D&rsquo;apr\u00e8s\u00a0 une r\u00e9cr\u00e9anote de l&rsquo;Herbier de po\u00e9sie d&rsquo;Adamante\u00a0<span style=\"color: #0000ff;\"><strong><a href=\"http:\/\/adamante-images-et-reves.over-blog.com\/2015\/10\/l-herbier-de-poesie-18-l-image.html\"> ICI<\/a><\/strong><\/span><\/p>\n<p>.<a href=\"https:\/\/martinemrichard.fr\/blog\/wp-content\/uploads\/2015\/10\/ob_f7aeed_2015-10-23-12-05-46.png.jpeg\"><img loading=\"lazy\" decoding=\"async\" class=\"alignright size-medium wp-image-10218\" src=\"https:\/\/martinemrichard.fr\/blog\/wp-content\/uploads\/2015\/10\/ob_f7aeed_2015-10-23-12-05-46.png-235x300.jpeg\" alt=\"ob_f7aeed_2015-10-23-12-05-46.png\" width=\"235\" height=\"300\" srcset=\"https:\/\/martinemrichard.fr\/blog\/wp-content\/uploads\/2015\/10\/ob_f7aeed_2015-10-23-12-05-46.png-235x300.jpeg 235w, https:\/\/martinemrichard.fr\/blog\/wp-content\/uploads\/2015\/10\/ob_f7aeed_2015-10-23-12-05-46.png.jpeg 506w\" sizes=\"auto, (max-width: 235px) 100vw, 235px\" \/><\/a><\/p>\n<p>A la nuit, \u00e0 la nuit<br \/>\nLorsque tout dort dans les chaumi\u00e8res<br \/>\nQue les chats grimpent aux goutti\u00e8res<br \/>\nPoil hirsute, \u0153il de chasseur.<\/p>\n<p>A la nuit, \u00e0 la nuit<br \/>\nLorsque nos r\u00eaves se d\u00e9guisent<br \/>\nQue les heures coulent sans courage<br \/>\nMasques blafards, hantises am\u00e8res.<\/p>\n<p>A la nuit, \u00e0 la nuit<br \/>\nSpectre \u00e9plor\u00e9 cherche Dame Blanche<br \/>\nLumi\u00e8re confuse \u00e0 sa lanterne<br \/>\nPhantasme bleu, sourire granit.<\/p>\n<p>A la nuit, \u00e0 la nuit<br \/>\nLes mots se d\u00e9sagr\u00e8gent<br \/>\nSur les chemins abandonn\u00e9s<br \/>\nConfettis h\u00e2ves, fumet terreux&#8230;<\/p>\n<p>.<\/p>\n<p>MMR ( tous droits r\u00e9serv\u00e9s)<\/p>\n","protected":false},"excerpt":{"rendered":"<p>D&rsquo;apr\u00e8s\u00a0 une r\u00e9cr\u00e9anote de l&rsquo;Herbier de po\u00e9sie d&rsquo;Adamante\u00a0 ICI . A la nuit, \u00e0 la nuit Lorsque tout dort dans les chaumi\u00e8res Que les chats grimpent aux goutti\u00e8res Poil hirsute, \u0153il de chasseur. A la nuit, \u00e0 la nuit Lorsque nos r\u00eaves se d\u00e9guisent Que les heures coulent sans courage Masques blafards, hantises am\u00e8res. A [&hellip;]<\/p>\n","protected":false},"author":1,"featured_media":0,"comment_status":"open","ping_status":"open","sticky":false,"template":"","format":"standard","meta":{"footnotes":""},"categories":[900],"tags":[61,946,410,432,163,947],"class_list":["post-10217","post","type-post","status-publish","format-standard","hentry","category-lherbier-de-poesie","tag-bleu","tag-dame-blanche","tag-masque","tag-nuit","tag-reve","tag-spectre"],"_links":{"self":[{"href":"https:\/\/martinemrichard.fr\/blog\/index.php?rest_route=\/wp\/v2\/posts\/10217","targetHints":{"allow":["GET"]}}],"collection":[{"href":"https:\/\/martinemrichard.fr\/blog\/index.php?rest_route=\/wp\/v2\/posts"}],"about":[{"href":"https:\/\/martinemrichard.fr\/blog\/index.php?rest_route=\/wp\/v2\/types\/post"}],"author":[{"embeddable":true,"href":"https:\/\/martinemrichard.fr\/blog\/index.php?rest_route=\/wp\/v2\/users\/1"}],"replies":[{"embeddable":true,"href":"https:\/\/martinemrichard.fr\/blog\/index.php?rest_route=%2Fwp%2Fv2%2Fcomments&post=10217"}],"version-history":[{"count":1,"href":"https:\/\/martinemrichard.fr\/blog\/index.php?rest_route=\/wp\/v2\/posts\/10217\/revisions"}],"predecessor-version":[{"id":10219,"href":"https:\/\/martinemrichard.fr\/blog\/index.php?rest_route=\/wp\/v2\/posts\/10217\/revisions\/10219"}],"wp:attachment":[{"href":"https:\/\/martinemrichard.fr\/blog\/index.php?rest_route=%2Fwp%2Fv2%2Fmedia&parent=10217"}],"wp:term":[{"taxonomy":"category","embeddable":true,"href":"https:\/\/martinemrichard.fr\/blog\/index.php?rest_route=%2Fwp%2Fv2%2Fcategories&post=10217"},{"taxonomy":"post_tag","embeddable":true,"href":"https:\/\/martinemrichard.fr\/blog\/index.php?rest_route=%2Fwp%2Fv2%2Ftags&post=10217"}],"curies":[{"name":"wp","href":"https:\/\/api.w.org\/{rel}","templated":true}]}}