{"id":10222,"date":"2015-11-03T07:36:27","date_gmt":"2015-11-03T06:36:27","guid":{"rendered":"http:\/\/martinemrichard.fr\/blog\/?p=10222"},"modified":"2015-11-03T07:36:27","modified_gmt":"2015-11-03T06:36:27","slug":"le-mur","status":"publish","type":"post","link":"https:\/\/martinemrichard.fr\/blog\/?p=10222","title":{"rendered":"Le mur"},"content":{"rendered":"<p>Pour l&rsquo;Herbier de po\u00e9sie ,\u00a0 Adamante,\u00a0<a href=\"http:\/\/adamante-images-et-reves.over-blog.com\/2015\/10\/l-herbier-p-19-l-image-de-susi-s.html\"><span style=\"color: #0000ff;\"><strong> ICI<\/strong><\/span><\/a> , nous propose d&rsquo;\u00e9crire en s&rsquo;inspirant de ce tableau de<span style=\"color: #0000ff;\"><strong><a href=\"https:\/\/plus.google.com\/113330419729360599494\/posts?cfem=1\"> Susy S<\/a><\/strong><\/span><\/p>\n<p>. <a href=\"https:\/\/martinemrichard.fr\/blog\/wp-content\/uploads\/2015\/10\/ob_2b7a3e_26-10-15-1.jpg\"><img loading=\"lazy\" decoding=\"async\" class=\"alignright size-medium wp-image-10223\" src=\"https:\/\/martinemrichard.fr\/blog\/wp-content\/uploads\/2015\/10\/ob_2b7a3e_26-10-15-1-232x300.jpg\" alt=\"ob_2b7a3e_26-10-15-1\" width=\"232\" height=\"300\" srcset=\"https:\/\/martinemrichard.fr\/blog\/wp-content\/uploads\/2015\/10\/ob_2b7a3e_26-10-15-1-232x300.jpg 232w, https:\/\/martinemrichard.fr\/blog\/wp-content\/uploads\/2015\/10\/ob_2b7a3e_26-10-15-1.jpg 644w\" sizes=\"auto, (max-width: 232px) 100vw, 232px\" \/><\/a><\/p>\n<p>Au seuil de l&rsquo;hiver<\/p>\n<p>Gris mis\u00e8re<\/p>\n<p>Bouche close<\/p>\n<p>Regard mort<\/p>\n<p>Le mur<\/p>\n<p>Garde en lui la m\u00e9moire du soleil<\/p>\n<p>Celle des vacances o\u00f9 chantent les cigales&#8230;<\/p>\n<p>.<\/p>\n<p>MMR ( tous droits r\u00e9serv\u00e9s)<\/p>\n","protected":false},"excerpt":{"rendered":"<p>Pour l&rsquo;Herbier de po\u00e9sie ,\u00a0 Adamante,\u00a0 ICI , nous propose d&rsquo;\u00e9crire en s&rsquo;inspirant de ce tableau de Susy S . Au seuil de l&rsquo;hiver Gris mis\u00e8re Bouche close Regard mort Le mur Garde en lui la m\u00e9moire du soleil Celle des vacances o\u00f9 chantent les cigales&#8230; . MMR ( tous droits r\u00e9serv\u00e9s)<\/p>\n","protected":false},"author":1,"featured_media":0,"comment_status":"open","ping_status":"open","sticky":false,"template":"","format":"standard","meta":{"footnotes":""},"categories":[900],"tags":[533,788,948,950,951,122],"class_list":["post-10222","post","type-post","status-publish","format-standard","hentry","category-lherbier-de-poesie","tag-cigale","tag-gris","tag-herbier-de-poesie","tag-memoire","tag-mur","tag-soleil"],"_links":{"self":[{"href":"https:\/\/martinemrichard.fr\/blog\/index.php?rest_route=\/wp\/v2\/posts\/10222","targetHints":{"allow":["GET"]}}],"collection":[{"href":"https:\/\/martinemrichard.fr\/blog\/index.php?rest_route=\/wp\/v2\/posts"}],"about":[{"href":"https:\/\/martinemrichard.fr\/blog\/index.php?rest_route=\/wp\/v2\/types\/post"}],"author":[{"embeddable":true,"href":"https:\/\/martinemrichard.fr\/blog\/index.php?rest_route=\/wp\/v2\/users\/1"}],"replies":[{"embeddable":true,"href":"https:\/\/martinemrichard.fr\/blog\/index.php?rest_route=%2Fwp%2Fv2%2Fcomments&post=10222"}],"version-history":[{"count":5,"href":"https:\/\/martinemrichard.fr\/blog\/index.php?rest_route=\/wp\/v2\/posts\/10222\/revisions"}],"predecessor-version":[{"id":10257,"href":"https:\/\/martinemrichard.fr\/blog\/index.php?rest_route=\/wp\/v2\/posts\/10222\/revisions\/10257"}],"wp:attachment":[{"href":"https:\/\/martinemrichard.fr\/blog\/index.php?rest_route=%2Fwp%2Fv2%2Fmedia&parent=10222"}],"wp:term":[{"taxonomy":"category","embeddable":true,"href":"https:\/\/martinemrichard.fr\/blog\/index.php?rest_route=%2Fwp%2Fv2%2Fcategories&post=10222"},{"taxonomy":"post_tag","embeddable":true,"href":"https:\/\/martinemrichard.fr\/blog\/index.php?rest_route=%2Fwp%2Fv2%2Ftags&post=10222"}],"curies":[{"name":"wp","href":"https:\/\/api.w.org\/{rel}","templated":true}]}}