{"id":10377,"date":"2015-11-22T06:25:19","date_gmt":"2015-11-22T05:25:19","guid":{"rendered":"http:\/\/martinemrichard.fr\/blog\/?p=10377"},"modified":"2015-11-28T08:04:53","modified_gmt":"2015-11-28T07:04:53","slug":"une-note","status":"publish","type":"post","link":"https:\/\/martinemrichard.fr\/blog\/?p=10377","title":{"rendered":"Une note"},"content":{"rendered":"<p><a href=\"https:\/\/martinemrichard.fr\/blog\/wp-content\/uploads\/2015\/11\/IMG_9394_v1.jpg\"><img loading=\"lazy\" decoding=\"async\" class=\"alignright size-medium wp-image-10381\" src=\"https:\/\/martinemrichard.fr\/blog\/wp-content\/uploads\/2015\/11\/IMG_9394_v1-300x270.jpg\" alt=\"IMG_9394_v1\" width=\"300\" height=\"270\" srcset=\"https:\/\/martinemrichard.fr\/blog\/wp-content\/uploads\/2015\/11\/IMG_9394_v1-300x270.jpg 300w, https:\/\/martinemrichard.fr\/blog\/wp-content\/uploads\/2015\/11\/IMG_9394_v1-1024x921.jpg 1024w, https:\/\/martinemrichard.fr\/blog\/wp-content\/uploads\/2015\/11\/IMG_9394_v1.jpg 1476w\" sizes=\"auto, (max-width: 300px) 100vw, 300px\" \/><\/a>Une note<\/p>\n<p>Sur un fil<\/p>\n<p>Que rien ne retient.<\/p>\n<p>Sur la port\u00e9e<\/p>\n<p>Du Temps qui passe<\/p>\n<p>Une noire<\/p>\n<p>Que rien ne croche,<\/p>\n<p>Juste un soupir&#8230;<a href=\"https:\/\/martinemrichard.fr\/blog\/wp-content\/uploads\/2015\/11\/P1040632_v1.jpg\"><img loading=\"lazy\" decoding=\"async\" class=\"alignright size-medium wp-image-10382\" src=\"https:\/\/martinemrichard.fr\/blog\/wp-content\/uploads\/2015\/11\/P1040632_v1-300x293.jpg\" alt=\"P1040632_v1\" width=\"300\" height=\"293\" srcset=\"https:\/\/martinemrichard.fr\/blog\/wp-content\/uploads\/2015\/11\/P1040632_v1-300x293.jpg 300w, https:\/\/martinemrichard.fr\/blog\/wp-content\/uploads\/2015\/11\/P1040632_v1.jpg 952w\" sizes=\"auto, (max-width: 300px) 100vw, 300px\" \/><\/a><\/p>\n<p>Une note<\/p>\n<p>Nuit et ronde<\/p>\n<p>Se d\u00e9croche.<\/p>\n<p>Elle s&rsquo;\u00e9vade<\/p>\n<p>Sur la vague<\/p>\n<p>D&rsquo;un silence.<\/p>\n<p>Une note<\/p>\n<p><a href=\"https:\/\/martinemrichard.fr\/blog\/wp-content\/uploads\/2015\/11\/IMG_9155_v1.jpg\"><img loading=\"lazy\" decoding=\"async\" class=\"alignright size-medium wp-image-10380\" src=\"https:\/\/martinemrichard.fr\/blog\/wp-content\/uploads\/2015\/11\/IMG_9155_v1-300x228.jpg\" alt=\"IMG_9155_v1\" width=\"300\" height=\"228\" srcset=\"https:\/\/martinemrichard.fr\/blog\/wp-content\/uploads\/2015\/11\/IMG_9155_v1-300x228.jpg 300w, https:\/\/martinemrichard.fr\/blog\/wp-content\/uploads\/2015\/11\/IMG_9155_v1-1024x777.jpg 1024w, https:\/\/martinemrichard.fr\/blog\/wp-content\/uploads\/2015\/11\/IMG_9155_v1.jpg 1583w\" sizes=\"auto, (max-width: 300px) 100vw, 300px\" \/><\/a>Loin du fil<\/p>\n<p>Pique et pique<\/p>\n<p>Le hasard<\/p>\n<p>Au miroir<\/p>\n<p>De son reflet&#8230;.<\/p>\n<p>.<\/p>\n<p>MMR ( tous droits r\u00e9serv\u00e9s)<\/p>\n<p><span style=\"color: #800080;\"><strong>N&rsquo;oubliez pas de cliquer sur les photos pour agrandir svp, merci.<\/strong><\/span><\/p>\n<p>Avec<\/p>\n<p>L&rsquo;\u00e9cureuil<\/p>\n<p>Le foulque<\/p>\n<p>et un limicole ( peut-\u00eatre un chevalier aboyeur?)<\/p>\n<p><span style=\"color: #ff0000;\"><strong>.<\/strong><\/span><\/p>\n<p><span style=\"color: #ff0000;\"><strong>Merci<\/strong><strong> pour tous vos commentaires, po\u00e8mes qui me comblent. Quelle joie de vous lire.<\/strong><\/span><\/p>\n<p><span style=\"color: #ff0000;\"><strong>Je viens juste de m&rsquo;apercevoir que ce billet est le 530 \u00e8me publi\u00e9 depuis le 3 mars 2010. <\/strong><\/span><\/p>\n<p><span style=\"color: #0000ff;\"><strong>\ud83d\ude09<\/strong><\/span><\/p>\n<p>&nbsp;<\/p>\n","protected":false},"excerpt":{"rendered":"<p>Une note Sur un fil Que rien ne retient. Sur la port\u00e9e Du Temps qui passe Une noire Que rien ne croche, Juste un soupir&#8230; Une note Nuit et ronde Se d\u00e9croche. Elle s&rsquo;\u00e9vade Sur la vague D&rsquo;un silence. Une note Loin du fil Pique et pique Le hasard Au miroir De son reflet&#8230;. . [&hellip;]<\/p>\n","protected":false},"author":1,"featured_media":0,"comment_status":"open","ping_status":"open","sticky":false,"template":"","format":"standard","meta":{"footnotes":""},"categories":[70],"tags":[957,958,955,959,956,324],"class_list":["post-10377","post","type-post","status-publish","format-standard","hentry","category-ocean-et-bassin-darcachon","tag-croche","tag-noire","tag-note","tag-portee","tag-silence","tag-soupir"],"_links":{"self":[{"href":"https:\/\/martinemrichard.fr\/blog\/index.php?rest_route=\/wp\/v2\/posts\/10377","targetHints":{"allow":["GET"]}}],"collection":[{"href":"https:\/\/martinemrichard.fr\/blog\/index.php?rest_route=\/wp\/v2\/posts"}],"about":[{"href":"https:\/\/martinemrichard.fr\/blog\/index.php?rest_route=\/wp\/v2\/types\/post"}],"author":[{"embeddable":true,"href":"https:\/\/martinemrichard.fr\/blog\/index.php?rest_route=\/wp\/v2\/users\/1"}],"replies":[{"embeddable":true,"href":"https:\/\/martinemrichard.fr\/blog\/index.php?rest_route=%2Fwp%2Fv2%2Fcomments&post=10377"}],"version-history":[{"count":11,"href":"https:\/\/martinemrichard.fr\/blog\/index.php?rest_route=\/wp\/v2\/posts\/10377\/revisions"}],"predecessor-version":[{"id":10396,"href":"https:\/\/martinemrichard.fr\/blog\/index.php?rest_route=\/wp\/v2\/posts\/10377\/revisions\/10396"}],"wp:attachment":[{"href":"https:\/\/martinemrichard.fr\/blog\/index.php?rest_route=%2Fwp%2Fv2%2Fmedia&parent=10377"}],"wp:term":[{"taxonomy":"category","embeddable":true,"href":"https:\/\/martinemrichard.fr\/blog\/index.php?rest_route=%2Fwp%2Fv2%2Fcategories&post=10377"},{"taxonomy":"post_tag","embeddable":true,"href":"https:\/\/martinemrichard.fr\/blog\/index.php?rest_route=%2Fwp%2Fv2%2Ftags&post=10377"}],"curies":[{"name":"wp","href":"https:\/\/api.w.org\/{rel}","templated":true}]}}