{"id":10398,"date":"2015-11-29T08:22:05","date_gmt":"2015-11-29T07:22:05","guid":{"rendered":"http:\/\/martinemrichard.fr\/blog\/?p=10398"},"modified":"2015-12-14T20:53:01","modified_gmt":"2015-12-14T19:53:01","slug":"fantastique","status":"publish","type":"post","link":"https:\/\/martinemrichard.fr\/blog\/?p=10398","title":{"rendered":"Fantastique"},"content":{"rendered":"<p><a href=\"https:\/\/martinemrichard.fr\/blog\/wp-content\/uploads\/2015\/11\/IMG_6743_v1.jpg\"><img loading=\"lazy\" decoding=\"async\" class=\"alignright size-medium wp-image-10422\" src=\"https:\/\/martinemrichard.fr\/blog\/wp-content\/uploads\/2015\/11\/IMG_6743_v1-240x300.jpg\" alt=\"IMG_6743_v1\" width=\"240\" height=\"300\" srcset=\"https:\/\/martinemrichard.fr\/blog\/wp-content\/uploads\/2015\/11\/IMG_6743_v1-240x300.jpg 240w, https:\/\/martinemrichard.fr\/blog\/wp-content\/uploads\/2015\/11\/IMG_6743_v1-819x1024.jpg 819w, https:\/\/martinemrichard.fr\/blog\/wp-content\/uploads\/2015\/11\/IMG_6743_v1.jpg 1116w\" sizes=\"auto, (max-width: 240px) 100vw, 240px\" \/><\/a><a href=\"https:\/\/martinemrichard.fr\/blog\/wp-content\/uploads\/2015\/11\/IMG_8894_v1.jpg\"><img loading=\"lazy\" decoding=\"async\" class=\"alignright size-medium wp-image-10399\" src=\"https:\/\/martinemrichard.fr\/blog\/wp-content\/uploads\/2015\/11\/IMG_8894_v1-285x300.jpg\" alt=\"IMG_8894_v1\" width=\"285\" height=\"300\" srcset=\"https:\/\/martinemrichard.fr\/blog\/wp-content\/uploads\/2015\/11\/IMG_8894_v1-285x300.jpg 285w, https:\/\/martinemrichard.fr\/blog\/wp-content\/uploads\/2015\/11\/IMG_8894_v1-972x1024.jpg 972w, https:\/\/martinemrichard.fr\/blog\/wp-content\/uploads\/2015\/11\/IMG_8894_v1.jpg 1261w\" sizes=\"auto, (max-width: 285px) 100vw, 285px\" \/><\/a><a href=\"https:\/\/martinemrichard.fr\/blog\/wp-content\/uploads\/2015\/11\/IMG_8891_v1.jpg\"><img loading=\"lazy\" decoding=\"async\" class=\"alignright size-medium wp-image-10400\" src=\"https:\/\/martinemrichard.fr\/blog\/wp-content\/uploads\/2015\/11\/IMG_8891_v1-300x167.jpg\" alt=\"IMG_8891_v1\" width=\"300\" height=\"167\" srcset=\"https:\/\/martinemrichard.fr\/blog\/wp-content\/uploads\/2015\/11\/IMG_8891_v1-300x167.jpg 300w, https:\/\/martinemrichard.fr\/blog\/wp-content\/uploads\/2015\/11\/IMG_8891_v1-1024x569.jpg 1024w, https:\/\/martinemrichard.fr\/blog\/wp-content\/uploads\/2015\/11\/IMG_8891_v1.jpg 1514w\" sizes=\"auto, (max-width: 300px) 100vw, 300px\" \/><\/a>Au calme d&rsquo;un jour sans<\/p>\n<p>Sans envie<\/p>\n<p>Sans effort<\/p>\n<p>Un jour de flemme estivale<\/p>\n<p>Posez l\u00e0 sa paresse et l\u00e2chez la bride au regard.<\/p>\n<p>Le cerisier \u00e0 bout de souffle, poignant, dressait ses branches tavel\u00e9es par les ans, de maigres\u00a0 brindilles tordues par l&rsquo;hiver aux dents pointues.\u00a0 Un rameau aride, dess\u00e9ch\u00e9, \u00e9puis\u00e9 se mit soudain \u00e0 trembler! Puis \u00e0 se d\u00e9placer. Avais-je la berlue?\u00a0 Le soleil\u00a0 avait-il tap\u00e9 trop fort sur mon cap d\u00e9coiff\u00e9? Je me rapprochai tr\u00e8\u00e8\u00e8s lentement et d\u00e9couvris un insecte tr\u00e8s \u00e9trange. Il me fit penser \u00e0 une sorte de mante religieuse. Apr\u00e8s recherche, j&rsquo;appris que c&rsquo;\u00e9tait un Empusa. Peut-\u00eatre pennata? je n&rsquo;ose pr\u00e9ciser. Cela se passait dans les Hautes Alpes un 15 juin 2013.<\/p>\n<p><a href=\"https:\/\/martinemrichard.fr\/blog\/wp-content\/uploads\/2015\/11\/IMG_0872_v1.jpg\"><img loading=\"lazy\" decoding=\"async\" class=\"alignright size-medium wp-image-10405\" src=\"https:\/\/martinemrichard.fr\/blog\/wp-content\/uploads\/2015\/11\/IMG_0872_v1-300x269.jpg\" alt=\"IMG_0872_v1\" width=\"300\" height=\"269\" srcset=\"https:\/\/martinemrichard.fr\/blog\/wp-content\/uploads\/2015\/11\/IMG_0872_v1-300x269.jpg 300w, https:\/\/martinemrichard.fr\/blog\/wp-content\/uploads\/2015\/11\/IMG_0872_v1-1024x918.jpg 1024w, https:\/\/martinemrichard.fr\/blog\/wp-content\/uploads\/2015\/11\/IMG_0872_v1.jpg 1251w\" sizes=\"auto, (max-width: 300px) 100vw, 300px\" \/><\/a><a href=\"https:\/\/martinemrichard.fr\/blog\/wp-content\/uploads\/2015\/11\/IMG_0863_v1.jpg\"><img loading=\"lazy\" decoding=\"async\" class=\"alignright size-medium wp-image-10406\" src=\"https:\/\/martinemrichard.fr\/blog\/wp-content\/uploads\/2015\/11\/IMG_0863_v1-300x119.jpg\" alt=\"IMG_0863_v1\" width=\"300\" height=\"119\" srcset=\"https:\/\/martinemrichard.fr\/blog\/wp-content\/uploads\/2015\/11\/IMG_0863_v1-300x119.jpg 300w, https:\/\/martinemrichard.fr\/blog\/wp-content\/uploads\/2015\/11\/IMG_0863_v1-1024x405.jpg 1024w, https:\/\/martinemrichard.fr\/blog\/wp-content\/uploads\/2015\/11\/IMG_0863_v1.jpg 1835w\" sizes=\"auto, (max-width: 300px) 100vw, 300px\" \/><\/a> Le 20 novembre 2015, dans mon jardin cette fois<\/p>\n<p>Sur la balancelle rose d&rsquo;un cosmos accroch\u00e9 \u00e0 la vie<\/p>\n<p>Tu oscillais<\/p>\n<p>Ind\u00e9cise<\/p>\n<p>Singuli\u00e8re<\/p>\n<p>Si jolie dans ta livr\u00e9e \u00e9meraude, dressant quatre cornes rose vif,\u00a0 portant sur le dos le poids de deux ocelles bleu\u00e2tres. Qui \u00e9tais-tu gracieuse chenille?<\/p>\n<p>&nbsp;<\/p>\n<p>Le 1er juillet 2015<a href=\"https:\/\/martinemrichard.fr\/blog\/wp-content\/uploads\/2015\/11\/IMG_6770_v1.jpg\"><img loading=\"lazy\" decoding=\"async\" class=\"alignright size-medium wp-image-10403\" src=\"https:\/\/martinemrichard.fr\/blog\/wp-content\/uploads\/2015\/11\/IMG_6770_v1-225x300.jpg\" alt=\"IMG_6770_v1\" width=\"225\" height=\"300\" srcset=\"https:\/\/martinemrichard.fr\/blog\/wp-content\/uploads\/2015\/11\/IMG_6770_v1-225x300.jpg 225w, https:\/\/martinemrichard.fr\/blog\/wp-content\/uploads\/2015\/11\/IMG_6770_v1-768x1024.jpg 768w, https:\/\/martinemrichard.fr\/blog\/wp-content\/uploads\/2015\/11\/IMG_6770_v1.jpg 1327w\" sizes=\"auto, (max-width: 225px) 100vw, 225px\" \/><\/a><a href=\"https:\/\/martinemrichard.fr\/blog\/wp-content\/uploads\/2015\/11\/IMG_6743_v1.jpg\"><img loading=\"lazy\" decoding=\"async\" class=\"alignright size-medium wp-image-10422\" src=\"https:\/\/martinemrichard.fr\/blog\/wp-content\/uploads\/2015\/11\/IMG_6743_v1-240x300.jpg\" alt=\"IMG_6743_v1\" width=\"240\" height=\"300\" srcset=\"https:\/\/martinemrichard.fr\/blog\/wp-content\/uploads\/2015\/11\/IMG_6743_v1-240x300.jpg 240w, https:\/\/martinemrichard.fr\/blog\/wp-content\/uploads\/2015\/11\/IMG_6743_v1-819x1024.jpg 819w, https:\/\/martinemrichard.fr\/blog\/wp-content\/uploads\/2015\/11\/IMG_6743_v1.jpg 1116w\" sizes=\"auto, (max-width: 240px) 100vw, 240px\" \/><\/a><a href=\"https:\/\/martinemrichard.fr\/blog\/wp-content\/uploads\/2015\/11\/IMG_6785_v1.jpg\"><img loading=\"lazy\" decoding=\"async\" class=\"alignright size-medium wp-image-10404\" src=\"https:\/\/martinemrichard.fr\/blog\/wp-content\/uploads\/2015\/11\/IMG_6785_v1-300x240.jpg\" alt=\"IMG_6785_v1\" width=\"300\" height=\"240\" srcset=\"https:\/\/martinemrichard.fr\/blog\/wp-content\/uploads\/2015\/11\/IMG_6785_v1-300x240.jpg 300w, https:\/\/martinemrichard.fr\/blog\/wp-content\/uploads\/2015\/11\/IMG_6785_v1-1024x819.jpg 1024w\" sizes=\"auto, (max-width: 300px) 100vw, 300px\" \/><\/a><\/p>\n<p>Surprise<\/p>\n<p>Entre 6 et 7h du matin.<\/p>\n<p>Surprenante arriv\u00e9e vrombissante. Enorme,\u00a0 plus grande qu&rsquo;un\u00a0 frelon. Pendant un heure tu fis le tour de cette vieille souche de cypr\u00e8s. Fouinant, recherchant le bon emplacement pour donner toutes ses chances \u00e0 ta descendance. Ce n&rsquo;\u00e9tait pas un dard que tu pointais\u00a0 mais une immense tari\u00e8re. Tu m&rsquo;as impressionn\u00e9e et \u00e9blouie Madame Urocerus Auger. Le Sirex g\u00e9ant est un hym\u00e9nopt\u00e8re siricidae tr\u00e8s tr\u00e8s ancien. <a href=\"https:\/\/www.youtube.com\/watch?v=Chm6qJOBTCw\"><span style=\"color: #0000ff;\"><strong>Voir cette vid\u00e9o<\/strong> <\/span><\/a>le montrant en pleine action:<\/p>\n<p>Mes rencontres avec des insectes surprenants seront l&rsquo;objet d&rsquo;autres billets.<\/p>\n<p>MMR ( tous droits r\u00e9serv\u00e9s)<\/p>\n<p><span style=\"color: #800080;\"><strong>Cliquez sur les photos pour agrandir svp, merc<\/strong><\/span>i<\/p>\n<p><span style=\"color: #ff0000;\"><strong>Merci \u00e0 <a href=\"http:\/\/lejardindelucie.blogspot.fr\/\">Lucie<\/a> qui a identifi\u00e9 ma chenille:<\/strong><\/span><\/p>\n<p><span style=\"color: #ff0000;\"><strong><em> \u00ab\u00a0la chenille c\u2019est celle du superbe Pacha \u00e0 deux queues, Charaxes jasius, ou le Jason ou encore la Nymphale de l\u2019arbousier.\u00a0\u00bb<\/em><\/strong><\/span><\/p>\n","protected":false},"excerpt":{"rendered":"<p>Au calme d&rsquo;un jour sans Sans envie Sans effort Un jour de flemme estivale Posez l\u00e0 sa paresse et l\u00e2chez la bride au regard. Le cerisier \u00e0 bout de souffle, poignant, dressait ses branches tavel\u00e9es par les ans, de maigres\u00a0 brindilles tordues par l&rsquo;hiver aux dents pointues.\u00a0 Un rameau aride, dess\u00e9ch\u00e9, \u00e9puis\u00e9 se mit soudain [&hellip;]<\/p>\n","protected":false},"author":1,"featured_media":0,"comment_status":"open","ping_status":"open","sticky":false,"template":"","format":"standard","meta":{"footnotes":""},"categories":[72],"tags":[962,960,11,961],"class_list":["post-10398","post","type-post","status-publish","format-standard","hentry","category-animaux","tag-chenille-verte","tag-empusa","tag-jardin","tag-sirex-geant"],"_links":{"self":[{"href":"https:\/\/martinemrichard.fr\/blog\/index.php?rest_route=\/wp\/v2\/posts\/10398","targetHints":{"allow":["GET"]}}],"collection":[{"href":"https:\/\/martinemrichard.fr\/blog\/index.php?rest_route=\/wp\/v2\/posts"}],"about":[{"href":"https:\/\/martinemrichard.fr\/blog\/index.php?rest_route=\/wp\/v2\/types\/post"}],"author":[{"embeddable":true,"href":"https:\/\/martinemrichard.fr\/blog\/index.php?rest_route=\/wp\/v2\/users\/1"}],"replies":[{"embeddable":true,"href":"https:\/\/martinemrichard.fr\/blog\/index.php?rest_route=%2Fwp%2Fv2%2Fcomments&post=10398"}],"version-history":[{"count":30,"href":"https:\/\/martinemrichard.fr\/blog\/index.php?rest_route=\/wp\/v2\/posts\/10398\/revisions"}],"predecessor-version":[{"id":10607,"href":"https:\/\/martinemrichard.fr\/blog\/index.php?rest_route=\/wp\/v2\/posts\/10398\/revisions\/10607"}],"wp:attachment":[{"href":"https:\/\/martinemrichard.fr\/blog\/index.php?rest_route=%2Fwp%2Fv2%2Fmedia&parent=10398"}],"wp:term":[{"taxonomy":"category","embeddable":true,"href":"https:\/\/martinemrichard.fr\/blog\/index.php?rest_route=%2Fwp%2Fv2%2Fcategories&post=10398"},{"taxonomy":"post_tag","embeddable":true,"href":"https:\/\/martinemrichard.fr\/blog\/index.php?rest_route=%2Fwp%2Fv2%2Ftags&post=10398"}],"curies":[{"name":"wp","href":"https:\/\/api.w.org\/{rel}","templated":true}]}}