{"id":1050,"date":"2010-12-17T10:36:37","date_gmt":"2010-12-17T08:36:37","guid":{"rendered":"http:\/\/martinemrichard.fr\/blog\/?p=1050"},"modified":"2011-05-17T07:37:11","modified_gmt":"2011-05-17T05:37:11","slug":"raconte-moi-un-conte","status":"publish","type":"post","link":"https:\/\/martinemrichard.fr\/blog\/?p=1050","title":{"rendered":"Raconte-moi un conte"},"content":{"rendered":"<p>Pour le rendez-vous du \u00ab\u00a0Coucou du ha\u00efku\u00a0\u00bb et son petit d\u00e9fi du vendredi:<\/p>\n<p><a href=\"http:\/\/www.over-blog.com\/com-1172092675\/Le_coucou_du_haiku.html\">lien<\/a><\/p>\n<p>.<\/p>\n<p style=\"text-align: justify;\">Lorsque nous \u00e9tions petits, et particuli\u00e8rement sages, ma grand-m\u00e8re nous racontait des histoires. L&rsquo;une d&rsquo;elles nous fascina: \u00ab\u00a0La Reine des Neiges\u00a0\u00bb de Hans Christian Andersen. Un conte en sept histoires.<\/p>\n<p style=\"text-align: justify;\">1\u00e8re histoire\u00a0<a href=\"https:\/\/martinemrichard.fr\/blog\/wp-content\/uploads\/2010\/12\/glace3.jpg\"><img loading=\"lazy\" decoding=\"async\" class=\"alignright size-medium wp-image-1056\" title=\"glace\" src=\"https:\/\/martinemrichard.fr\/blog\/wp-content\/uploads\/2010\/12\/glace3-300x225.jpg\" alt=\"\" width=\"300\" height=\"225\" srcset=\"https:\/\/martinemrichard.fr\/blog\/wp-content\/uploads\/2010\/12\/glace3-300x225.jpg 300w, https:\/\/martinemrichard.fr\/blog\/wp-content\/uploads\/2010\/12\/glace3-1024x768.jpg 1024w\" sizes=\"auto, (max-width: 300px) 100vw, 300px\" \/><\/a>qui traite d&rsquo;un miroir et de ses morceaux.<\/p>\n<p style=\"text-align: justify;\">Un jour un m\u00e9chant sorcier cr\u00e9a un miroir sp\u00e9cial. Le bon et le beau se r\u00e9duisaient \u00e0 presque rien. Mais tout ce qui \u00e9tait mauvais apparaissait et empirait encore.<\/p>\n<p style=\"text-align: justify;\">Miroir d\u00e9formant-<\/p>\n<p style=\"text-align: justify;\">La belle se voit laideron<\/p>\n<p style=\"text-align: justify;\">V\u00e9rit\u00e9 s&rsquo;envole<\/p>\n<p style=\"text-align: justify;\">.<\/p>\n<p style=\"text-align: justify;\">Les apprentis sorciers ricanaient et applaudissaient. Ils vol\u00e8rent vers le ciel pour se moquer des anges et du Seigneur.<a href=\"https:\/\/martinemrichard.fr\/blog\/wp-content\/uploads\/2010\/12\/eclats-glace-1.jpg\"><img loading=\"lazy\" decoding=\"async\" class=\"alignright size-medium wp-image-1057\" title=\"eclats glace\" src=\"https:\/\/martinemrichard.fr\/blog\/wp-content\/uploads\/2010\/12\/eclats-glace-1-300x225.jpg\" alt=\"\" width=\"300\" height=\"225\" srcset=\"https:\/\/martinemrichard.fr\/blog\/wp-content\/uploads\/2010\/12\/eclats-glace-1-300x225.jpg 300w, https:\/\/martinemrichard.fr\/blog\/wp-content\/uploads\/2010\/12\/eclats-glace-1-1024x768.jpg 1024w, https:\/\/martinemrichard.fr\/blog\/wp-content\/uploads\/2010\/12\/eclats-glace-1.jpg 1183w\" sizes=\"auto, (max-width: 300px) 100vw, 300px\" \/><\/a><\/p>\n<p style=\"text-align: justify;\">Le miroir fr\u00e9mit-<\/p>\n<p style=\"text-align: justify;\">S&rsquo;arrache aux mains et se brise<\/p>\n<p style=\"text-align: justify;\">\u00c9clats mal\u00e9fiques<\/p>\n<p style=\"text-align: justify;\">.<\/p>\n<p style=\"text-align: justify;\">La Terre enti\u00e8re en f\u00fbt recouverte!<\/p>\n<p style=\"text-align: justify;\">2\u00e8me histoire: Un petit gar\u00e7on et une petite fille<\/p>\n<p style=\"text-align: justify;\">Deux enfants pauvres, Kay et Gerda, s&rsquo;aimaient comme fr\u00e8re et s\u0153ur. L&rsquo;\u00e9t\u00e9, les roses embaumaient au dessus de leurs jeux. L&rsquo;hiver, la neige tourbillonnait .<\/p>\n<p style=\"text-align: justify;\">Mille abeilles blanches- <a href=\"https:\/\/martinemrichard.fr\/blog\/wp-content\/uploads\/2010\/12\/rouge-et-blanc1.jpg\"><img loading=\"lazy\" decoding=\"async\" class=\"alignright size-medium wp-image-1058\" title=\"rouge et blanc\" src=\"https:\/\/martinemrichard.fr\/blog\/wp-content\/uploads\/2010\/12\/rouge-et-blanc1-225x300.jpg\" alt=\"\" width=\"225\" height=\"300\" srcset=\"https:\/\/martinemrichard.fr\/blog\/wp-content\/uploads\/2010\/12\/rouge-et-blanc1-225x300.jpg 225w, https:\/\/martinemrichard.fr\/blog\/wp-content\/uploads\/2010\/12\/rouge-et-blanc1-768x1024.jpg 768w, https:\/\/martinemrichard.fr\/blog\/wp-content\/uploads\/2010\/12\/rouge-et-blanc1.jpg 1586w\" sizes=\"auto, (max-width: 225px) 100vw, 225px\" \/><\/a><\/p>\n<p style=\"text-align: justify;\">Leur reine au regard cristal<\/p>\n<p style=\"text-align: justify;\">Fige toute vie<\/p>\n<p style=\"text-align: justify;\">.<\/p>\n<p style=\"text-align: justify;\">\u00ab\u00a0Elle n&rsquo;a qu&rsquo;\u00e0 venir dit le petit gar\u00e7on, je la mettrai sur le po\u00eale br\u00fblant et elle fondra aussit\u00f4t.\u00a0\u00bb Le soir, il vit un flocon grandir&#8230; grandir.. jusqu&rsquo;\u00e0 devenir une belle dame v\u00eatue de blanc. Elle secoua sa t\u00eate, fit un geste vers l&rsquo;enfant , le terrifia.<\/p>\n<p style=\"text-align: justify;\">L&rsquo;\u00e9t\u00e9 vint et fleurirent les roses. \u00a0\u00bb Aie! Quelque chose m&rsquo;a piqu\u00e9 au c\u0153ur et une poussi\u00e8re m&rsquo;est entr\u00e9 dans l&rsquo;\u0153il!\u00a0\u00bb se plaignit Kay. Son caract\u00e8re changea. Il se moqua de son amie, arracha les roses les trouvant affreuses.<\/p>\n<p style=\"text-align: justify;\">Baiser sur le front-<a href=\"https:\/\/martinemrichard.fr\/blog\/wp-content\/uploads\/2010\/12\/pays-des-neiges-.jpg\"><img loading=\"lazy\" decoding=\"async\" class=\"alignright size-medium wp-image-1059\" title=\"pays des neiges\" src=\"https:\/\/martinemrichard.fr\/blog\/wp-content\/uploads\/2010\/12\/pays-des-neiges--300x225.jpg\" alt=\"\" width=\"300\" height=\"225\" srcset=\"https:\/\/martinemrichard.fr\/blog\/wp-content\/uploads\/2010\/12\/pays-des-neiges--300x225.jpg 300w, https:\/\/martinemrichard.fr\/blog\/wp-content\/uploads\/2010\/12\/pays-des-neiges--1024x768.jpg 1024w, https:\/\/martinemrichard.fr\/blog\/wp-content\/uploads\/2010\/12\/pays-des-neiges-.jpg 1404w\" sizes=\"auto, (max-width: 300px) 100vw, 300px\" \/><\/a><\/p>\n<p style=\"text-align: justify;\">C\u0153ur glac\u00e9 et sans m\u00e9moire<\/p>\n<p style=\"text-align: justify;\">L&rsquo;enfant suit la Reine<\/p>\n<p style=\"text-align: justify;\">.<\/p>\n<p style=\"text-align: justify;\">3\u00e8me histoire: Le jardin de la magicienne<\/p>\n<p style=\"text-align: justify;\">Gerda pleura longtemps son ami disparu. Puis d\u00e9cida de partir \u00e0 sa recherche. Elle questionna la rivi\u00e8re, lui offrit ses beaux souliers rouges&#8230;\u00a0 Puis\u00a0 monta dans une barque que le courant entra\u00eena loin&#8230; loin&#8230;<\/p>\n<p style=\"text-align: justify;\">Petite fille pleure- <a href=\"https:\/\/martinemrichard.fr\/blog\/wp-content\/uploads\/2010\/12\/jacinthe.jpg\"><img loading=\"lazy\" decoding=\"async\" class=\"alignright size-medium wp-image-1060\" title=\"jacinthe\" src=\"https:\/\/martinemrichard.fr\/blog\/wp-content\/uploads\/2010\/12\/jacinthe-225x300.jpg\" alt=\"\" width=\"225\" height=\"300\" srcset=\"https:\/\/martinemrichard.fr\/blog\/wp-content\/uploads\/2010\/12\/jacinthe-225x300.jpg 225w, https:\/\/martinemrichard.fr\/blog\/wp-content\/uploads\/2010\/12\/jacinthe-768x1024.jpg 768w, https:\/\/martinemrichard.fr\/blog\/wp-content\/uploads\/2010\/12\/jacinthe.jpg 870w\" sizes=\"auto, (max-width: 225px) 100vw, 225px\" \/><\/a><\/p>\n<p style=\"text-align: justify;\">Jolie maison sur la berge<\/p>\n<p style=\"text-align: justify;\">D&rsquo;o\u00f9 sort une vieille<\/p>\n<p style=\"text-align: justify;\">.<\/p>\n<p style=\"text-align: justify;\">La femme sauva Gerda, la nourrit , puis effa\u00e7a sa m\u00e9moire en la coiffant.\u00a0 Faisant disparaitre ses rosiers, la magicienne esp\u00e9ra que la petite oublierait Kay. Mais , une rose \u00e9chappa \u00e0 sa vigilance: celle sur son chapeau.<\/p>\n<p style=\"text-align: justify;\">Gerda se souvient-<\/p>\n<p style=\"text-align: justify;\">Elle questionne la jacinthe<\/p>\n<p style=\"text-align: justify;\">Puis le bouton d&rsquo;or<\/p>\n<p style=\"text-align: justify;\">.<\/p>\n<p style=\"text-align: justify;\">4\u00e8me histoire: Prince et princesse.<\/p>\n<p style=\"text-align: justify;\">La petite reprit la route. Une corneille lui parla d&rsquo;un gar\u00e7on qui pourrait \u00eatre Kay. Il vivait aupr\u00e8s d&rsquo;une princesse.\u00a0 La nuit venue, Gerda , pleine d&rsquo;espoir,\u00a0 suivit l&rsquo;oiseau au ch\u00e2teau.\u00a0 Elle s&rsquo;approcha des dormeurs.<a href=\"https:\/\/martinemrichard.fr\/blog\/wp-content\/uploads\/2010\/12\/or1.jpg\"><img loading=\"lazy\" decoding=\"async\" class=\"alignright size-medium wp-image-1062\" title=\"or\" src=\"https:\/\/martinemrichard.fr\/blog\/wp-content\/uploads\/2010\/12\/or1-300x225.jpg\" alt=\"\" width=\"300\" height=\"225\" srcset=\"https:\/\/martinemrichard.fr\/blog\/wp-content\/uploads\/2010\/12\/or1-300x225.jpg 300w, https:\/\/martinemrichard.fr\/blog\/wp-content\/uploads\/2010\/12\/or1-1024x768.jpg 1024w, https:\/\/martinemrichard.fr\/blog\/wp-content\/uploads\/2010\/12\/or1.jpg 1183w\" sizes=\"auto, (max-width: 300px) 100vw, 300px\" \/><\/a><\/p>\n<p style=\"text-align: justify;\">Deux lits fleur de lys-<\/p>\n<p style=\"text-align: justify;\">Gerda reconnait la nuque<\/p>\n<p style=\"text-align: justify;\">Mais ce n&rsquo;est pas Kay<\/p>\n<p style=\"text-align: justify;\">.<\/p>\n<p style=\"text-align: justify;\">En pleurs , elle raconta sa triste histoire au prince et \u00e0 la princesse. Ceux-ci la r\u00e9confort\u00e8rent l&rsquo;invitant \u00e0 rester. Face \u00e0 son refus, ils lui offrirent des v\u00eatements et des friandises et un carrosse d&rsquo;or pur.\u00a0 La qu\u00eate reprit.<\/p>\n<p style=\"text-align: justify;\">5\u00e8me histoire: la petite fille des brigands<\/p>\n<p style=\"text-align: justify;\">Le carrosse f\u00fbt attaqu\u00e9 . Postillons, cocher et laquais furent occis. Une vieille brigande trouva Gerda tr\u00e8s app\u00e9tissante. Elle allait la tuer . Mais sa fille , en la mordant, l&rsquo;obligea \u00e0 l\u00e2cher son couteau.<\/p>\n<p style=\"text-align: justify;\">Une amie curieuse- <a href=\"https:\/\/martinemrichard.fr\/blog\/wp-content\/uploads\/2010\/12\/pigeon.jpg\"><img loading=\"lazy\" decoding=\"async\" class=\"alignright size-medium wp-image-1063\" title=\"pigeon\" src=\"https:\/\/martinemrichard.fr\/blog\/wp-content\/uploads\/2010\/12\/pigeon-300x224.jpg\" alt=\"\" width=\"300\" height=\"224\" srcset=\"https:\/\/martinemrichard.fr\/blog\/wp-content\/uploads\/2010\/12\/pigeon-300x224.jpg 300w, https:\/\/martinemrichard.fr\/blog\/wp-content\/uploads\/2010\/12\/pigeon-1024x767.jpg 1024w, https:\/\/martinemrichard.fr\/blog\/wp-content\/uploads\/2010\/12\/pigeon.jpg 1431w\" sizes=\"auto, (max-width: 300px) 100vw, 300px\" \/><\/a><\/p>\n<p style=\"text-align: justify;\">Mariant sourires et menaces<\/p>\n<p style=\"text-align: justify;\">Terrifie Gerda<\/p>\n<p style=\"text-align: justify;\">.<\/p>\n<p style=\"text-align: justify;\">Des pigeons chuchot\u00e8rent qu&rsquo;ils avaient vu le gar\u00e7on dans le tra\u00eeneau de la Reine des Neiges. Ils allaient l\u00e0 o\u00f9 les cristaux sont\u00a0 \u00e9ternels.\u00a0 La fille de la brigande aida sa nouvelle amie \u00e0 s&rsquo;enfuir en lui donnant\u00a0 les grosses moufles de sa m\u00e8re,\u00a0 pain, jambon et son renne pr\u00e9f\u00e9r\u00e9 . Celui-ci courut&#8230; courut&#8230; vers le pays des aurores bor\u00e9ales&#8230;.<\/p>\n<p style=\"text-align: justify;\">6\u00e8me histoire: La femme lapone et la finnoise<\/p>\n<p style=\"text-align: justify;\">Ils s&rsquo;arr\u00eat\u00e8rent pr\u00e8s d&rsquo;une maison tr\u00e8s mis\u00e9rable o\u00f9 vivait une vieille solitaire. Elle \u00e9couta, r\u00e9chauffa la fillette gel\u00e9e et affam\u00e9e.\u00a0\u00bb Pauvres de vous! Encore au moins cent lieux pour p\u00e9n\u00e9trer au Finmark! La finnoise vous renseignera mieux que moi!\u00a0\u00bb<\/p>\n<p style=\"text-align: justify;\">La femme lapone- <a href=\"https:\/\/martinemrichard.fr\/blog\/wp-content\/uploads\/2010\/12\/pays-de-neige-.jpg\"><img loading=\"lazy\" decoding=\"async\" class=\"alignright size-medium wp-image-1068\" title=\"pays de neige\" src=\"https:\/\/martinemrichard.fr\/blog\/wp-content\/uploads\/2010\/12\/pays-de-neige--300x225.jpg\" alt=\"\" width=\"300\" height=\"225\" srcset=\"https:\/\/martinemrichard.fr\/blog\/wp-content\/uploads\/2010\/12\/pays-de-neige--300x225.jpg 300w, https:\/\/martinemrichard.fr\/blog\/wp-content\/uploads\/2010\/12\/pays-de-neige--1024x768.jpg 1024w\" sizes=\"auto, (max-width: 300px) 100vw, 300px\" \/><\/a><\/p>\n<p style=\"text-align: justify;\">Donne un mot sur morue s\u00e8che<\/p>\n<p style=\"text-align: justify;\">Indique la route<\/p>\n<p style=\"text-align: justify;\">.<\/p>\n<p style=\"text-align: justify;\">Les voici repartis \u00e0 brides abattues. Ils d\u00e9barqu\u00e8rent pr\u00e8s d&rsquo; une\u00a0 maison-\u00e9tuve.<\/p>\n<p style=\"text-align: justify;\">Souillon presque nue-<\/p>\n<p style=\"text-align: justify;\">Lit par trois fois le message<\/p>\n<p style=\"text-align: justify;\">Puis cuit la morue<\/p>\n<p style=\"text-align: justify;\">.<\/p>\n<p style=\"text-align: justify;\">\u00ab\u00a0Toi qui sais attacher tous les vents du monde avec un simple fil \u00e0 coudre, dit le renne, ne peux -tu offrir \u00e0 cette mignonne une boisson lui donnant la force de douze hommes et lui permettre de vaincre la Reine des Neiges?\u00a0\u00bb<\/p>\n<p style=\"text-align: justify;\">Va pour la boisson- <a href=\"https:\/\/martinemrichard.fr\/blog\/wp-content\/uploads\/2010\/12\/desert-blanc.jpg\"><img loading=\"lazy\" decoding=\"async\" class=\"alignright size-medium wp-image-1070\" title=\"desert blanc\" src=\"https:\/\/martinemrichard.fr\/blog\/wp-content\/uploads\/2010\/12\/desert-blanc-300x225.jpg\" alt=\"\" width=\"300\" height=\"225\" srcset=\"https:\/\/martinemrichard.fr\/blog\/wp-content\/uploads\/2010\/12\/desert-blanc-300x225.jpg 300w, https:\/\/martinemrichard.fr\/blog\/wp-content\/uploads\/2010\/12\/desert-blanc-1024x768.jpg 1024w\" sizes=\"auto, (max-width: 300px) 100vw, 300px\" \/><\/a><\/p>\n<p style=\"text-align: justify;\">Seule l&rsquo;innocence vaincra<\/p>\n<p style=\"text-align: justify;\">L&rsquo;affreux sortil\u00e8ge<\/p>\n<p style=\"text-align: justify;\">.<\/p>\n<p style=\"text-align: justify;\">Le renne d\u00e9posa la petite et l&rsquo;attendit pr\u00e8s d&rsquo;un buisson aux baies rouges. La jeunette courut , mains et pieds nus&#8230;<\/p>\n<p style=\"text-align: justify;\">Les flocons attaquent-<\/p>\n<p style=\"text-align: justify;\">Gerda prie avec ferveur<\/p>\n<p style=\"text-align: justify;\">Des anges apparaissent<\/p>\n<p style=\"text-align: justify;\">.<\/p>\n<p style=\"text-align: justify;\">7\u00e8me histoire: Ce qui s&rsquo;\u00e9tait pass\u00e9 au ch\u00e2teau de la Reine des Neiges et ce qui eut lieu par la suite.<\/p>\n<p style=\"text-align: justify;\">Enfin, la voici \u00e0 destination. <a href=\"https:\/\/martinemrichard.fr\/blog\/wp-content\/uploads\/2010\/12\/cascades-gelees1.jpg\"><img loading=\"lazy\" decoding=\"async\" class=\"alignright size-medium wp-image-1073\" title=\"cascades gelees\" src=\"https:\/\/martinemrichard.fr\/blog\/wp-content\/uploads\/2010\/12\/cascades-gelees1-225x300.jpg\" alt=\"\" width=\"225\" height=\"300\" srcset=\"https:\/\/martinemrichard.fr\/blog\/wp-content\/uploads\/2010\/12\/cascades-gelees1-225x300.jpg 225w, https:\/\/martinemrichard.fr\/blog\/wp-content\/uploads\/2010\/12\/cascades-gelees1-768x1024.jpg 768w, https:\/\/martinemrichard.fr\/blog\/wp-content\/uploads\/2010\/12\/cascades-gelees1.jpg 1586w\" sizes=\"auto, (max-width: 225px) 100vw, 225px\" \/><\/a>Les murs du ch\u00e2teau \u00e9taient faits de neige pulv\u00e9ris\u00e9e, les fen\u00eatres et portes de vents coupants&#8230;<\/p>\n<p style=\"text-align: justify;\">Ni f\u00eates ni joie-<\/p>\n<p style=\"text-align: justify;\">Kay doit deviner un mot<\/p>\n<p style=\"text-align: justify;\">Clef de libert\u00e9<\/p>\n<p style=\"text-align: justify;\">.<\/p>\n<p style=\"text-align: justify;\">Gerda l&rsquo;aper\u00e7ut . Ivre de bonheur, elle embrassa un Kay insensible, amn\u00e9sique, presque noir de froid. Effondr\u00e9e&#8230;<\/p>\n<p style=\"text-align: justify;\">Blottie contre kay-<\/p>\n<p style=\"text-align: justify;\">Ses larmes fondent la glace<\/p>\n<p style=\"text-align: justify;\">Le gar\u00e7on rena\u00eet<\/p>\n<p style=\"text-align: justify;\">.<\/p>\n<p style=\"text-align: justify;\">Il la reconnut , fondant en sanglots. Ce qui chassa la poussi\u00e8re de givre de son \u0153il. Ils riaient de plaisir!\u00a0<a href=\"https:\/\/martinemrichard.fr\/blog\/wp-content\/uploads\/2010\/12\/foret-givre1.jpg\"><img loading=\"lazy\" decoding=\"async\" class=\"alignright size-medium wp-image-1074\" title=\"foret givre\" src=\"https:\/\/martinemrichard.fr\/blog\/wp-content\/uploads\/2010\/12\/foret-givre1-225x300.jpg\" alt=\"\" width=\"225\" height=\"300\" srcset=\"https:\/\/martinemrichard.fr\/blog\/wp-content\/uploads\/2010\/12\/foret-givre1-225x300.jpg 225w, https:\/\/martinemrichard.fr\/blog\/wp-content\/uploads\/2010\/12\/foret-givre1-768x1024.jpg 768w, https:\/\/martinemrichard.fr\/blog\/wp-content\/uploads\/2010\/12\/foret-givre1.jpg 1476w\" sizes=\"auto, (max-width: 225px) 100vw, 225px\" \/><\/a><\/p>\n<p style=\"text-align: justify;\">Sous les pas de danse-<\/p>\n<p style=\"text-align: justify;\">Les gla\u00e7ons \u00e9crivent le mot<\/p>\n<p style=\"text-align: justify;\">C&rsquo;est: \u00e9ternit\u00e9<\/p>\n<p style=\"text-align: justify;\">.<\/p>\n<p style=\"text-align: justify;\">Le gamin redevenait son ma\u00eetre et gagnait une paire de patins neufs.<\/p>\n<p style=\"text-align: justify;\">Les enfants s&rsquo;enfuient-<\/p>\n<p style=\"text-align: justify;\">Retour vers la chaleur douce<\/p>\n<p style=\"text-align: justify;\">Finnoise puis lapone<\/p>\n<p style=\"text-align: justify;\">.<\/p>\n<p style=\"text-align: justify;\">Les rennes ramen\u00e8rent <a href=\"https:\/\/martinemrichard.fr\/blog\/wp-content\/uploads\/2010\/12\/printemps.jpg\"><img loading=\"lazy\" decoding=\"async\" class=\"alignright size-medium wp-image-1075\" title=\"printemps\" src=\"https:\/\/martinemrichard.fr\/blog\/wp-content\/uploads\/2010\/12\/printemps-300x225.jpg\" alt=\"\" width=\"300\" height=\"225\" srcset=\"https:\/\/martinemrichard.fr\/blog\/wp-content\/uploads\/2010\/12\/printemps-300x225.jpg 300w, https:\/\/martinemrichard.fr\/blog\/wp-content\/uploads\/2010\/12\/printemps-1024x768.jpg 1024w\" sizes=\"auto, (max-width: 300px) 100vw, 300px\" \/><\/a>les deux rescap\u00e9s \u00e0 la fronti\u00e8re brod\u00e9e d&rsquo;\u00e9meraude.<\/p>\n<p style=\"text-align: justify;\">Retour au printemps-<\/p>\n<p style=\"text-align: justify;\">La grand-m\u00e8re les accueille<\/p>\n<p style=\"text-align: justify;\">Ce sont des adultes<\/p>\n<p style=\"text-align: justify;\">.<\/p>\n<p style=\"text-align: justify;\">Les deux amis se regard\u00e8rent les yeux dans les yeux. Ils \u00e9taient rest\u00e9s enfants par le c\u0153ur. Que la vie \u00e9tait bonne.<\/p>\n<p style=\"text-align: justify;\">MRR( tous droits r\u00e9serv\u00e9s)<\/p>\n<p style=\"text-align: justify;\">\n<p style=\"text-align: justify;\">\n<p style=\"text-align: justify;\">\n<p style=\"text-align: justify;\">\n<p style=\"text-align: justify;\">\n<p style=\"text-align: justify;\">\n<p style=\"text-align: justify;\">\n<p style=\"text-align: justify;\">\n<p style=\"text-align: justify;\">\n","protected":false},"excerpt":{"rendered":"<p>Pour le rendez-vous du \u00ab\u00a0Coucou du ha\u00efku\u00a0\u00bb et son petit d\u00e9fi du vendredi: lien . Lorsque nous \u00e9tions petits, et particuli\u00e8rement sages, ma grand-m\u00e8re nous racontait des histoires. L&rsquo;une d&rsquo;elles nous fascina: \u00ab\u00a0La Reine des Neiges\u00a0\u00bb de Hans Christian Andersen. Un conte en sept histoires. 1\u00e8re histoire\u00a0qui traite d&rsquo;un miroir et de ses morceaux. Un [&hellip;]<\/p>\n","protected":false},"author":1,"featured_media":0,"comment_status":"open","ping_status":"open","sticky":false,"template":"","format":"standard","meta":{"footnotes":""},"categories":[71,35],"tags":[],"class_list":["post-1050","post","type-post","status-publish","format-standard","hentry","category-jardin-fleur","category-haikus-haibuns"],"_links":{"self":[{"href":"https:\/\/martinemrichard.fr\/blog\/index.php?rest_route=\/wp\/v2\/posts\/1050","targetHints":{"allow":["GET"]}}],"collection":[{"href":"https:\/\/martinemrichard.fr\/blog\/index.php?rest_route=\/wp\/v2\/posts"}],"about":[{"href":"https:\/\/martinemrichard.fr\/blog\/index.php?rest_route=\/wp\/v2\/types\/post"}],"author":[{"embeddable":true,"href":"https:\/\/martinemrichard.fr\/blog\/index.php?rest_route=\/wp\/v2\/users\/1"}],"replies":[{"embeddable":true,"href":"https:\/\/martinemrichard.fr\/blog\/index.php?rest_route=%2Fwp%2Fv2%2Fcomments&post=1050"}],"version-history":[{"count":6,"href":"https:\/\/martinemrichard.fr\/blog\/index.php?rest_route=\/wp\/v2\/posts\/1050\/revisions"}],"predecessor-version":[{"id":1603,"href":"https:\/\/martinemrichard.fr\/blog\/index.php?rest_route=\/wp\/v2\/posts\/1050\/revisions\/1603"}],"wp:attachment":[{"href":"https:\/\/martinemrichard.fr\/blog\/index.php?rest_route=%2Fwp%2Fv2%2Fmedia&parent=1050"}],"wp:term":[{"taxonomy":"category","embeddable":true,"href":"https:\/\/martinemrichard.fr\/blog\/index.php?rest_route=%2Fwp%2Fv2%2Fcategories&post=1050"},{"taxonomy":"post_tag","embeddable":true,"href":"https:\/\/martinemrichard.fr\/blog\/index.php?rest_route=%2Fwp%2Fv2%2Ftags&post=1050"}],"curies":[{"name":"wp","href":"https:\/\/api.w.org\/{rel}","templated":true}]}}