{"id":10792,"date":"2016-01-31T08:42:19","date_gmt":"2016-01-31T07:42:19","guid":{"rendered":"http:\/\/martinemrichard.fr\/blog\/?p=10792"},"modified":"2016-01-31T08:43:45","modified_gmt":"2016-01-31T07:43:45","slug":"le-jardin","status":"publish","type":"post","link":"https:\/\/martinemrichard.fr\/blog\/?p=10792","title":{"rendered":"Le jardin"},"content":{"rendered":"<p>Me perdre en ses m\u00e9andres<img loading=\"lazy\" decoding=\"async\" class=\"alignright size-medium wp-image-10793\" src=\"https:\/\/martinemrichard.fr\/blog\/wp-content\/uploads\/2016\/01\/IMG_9293_v1-300x225.jpg\" alt=\"IMG_9293_v1\" width=\"300\" height=\"225\" srcset=\"https:\/\/martinemrichard.fr\/blog\/wp-content\/uploads\/2016\/01\/IMG_9293_v1-300x225.jpg 300w, https:\/\/martinemrichard.fr\/blog\/wp-content\/uploads\/2016\/01\/IMG_9293_v1-768x576.jpg 768w, https:\/\/martinemrichard.fr\/blog\/wp-content\/uploads\/2016\/01\/IMG_9293_v1-1024x768.jpg 1024w\" sizes=\"auto, (max-width: 300px) 100vw, 300px\" \/><\/p>\n<p>Occulter les minutes<\/p>\n<p>D&rsquo;un Temps trop avide<\/p>\n<p>A fracasser ma paix.<\/p>\n<p>D\u00e9serter<\/p>\n<p>D\u00e9sapprendre<\/p>\n<p>La vie cadenc\u00e9e<img loading=\"lazy\" decoding=\"async\" class=\"alignright size-large wp-image-10794\" src=\"https:\/\/martinemrichard.fr\/blog\/wp-content\/uploads\/2016\/01\/IMG_8122_v1-982x1024.jpg\" alt=\"IMG_8122_v1\" width=\"982\" height=\"1024\" srcset=\"https:\/\/martinemrichard.fr\/blog\/wp-content\/uploads\/2016\/01\/IMG_8122_v1-982x1024.jpg 982w, https:\/\/martinemrichard.fr\/blog\/wp-content\/uploads\/2016\/01\/IMG_8122_v1-288x300.jpg 288w, https:\/\/martinemrichard.fr\/blog\/wp-content\/uploads\/2016\/01\/IMG_8122_v1-768x801.jpg 768w, https:\/\/martinemrichard.fr\/blog\/wp-content\/uploads\/2016\/01\/IMG_8122_v1.jpg 1885w\" sizes=\"auto, (max-width: 982px) 100vw, 982px\" \/><\/p>\n<p>Pi\u00e9tiner sans complexe<img loading=\"lazy\" decoding=\"async\" class=\"alignright size-medium wp-image-10802\" src=\"https:\/\/martinemrichard.fr\/blog\/wp-content\/uploads\/2016\/01\/IMG_9354_v1-252x300.jpg\" alt=\"IMG_9354_v1\" width=\"252\" height=\"300\" srcset=\"https:\/\/martinemrichard.fr\/blog\/wp-content\/uploads\/2016\/01\/IMG_9354_v1-252x300.jpg 252w, https:\/\/martinemrichard.fr\/blog\/wp-content\/uploads\/2016\/01\/IMG_9354_v1-768x913.jpg 768w, https:\/\/martinemrichard.fr\/blog\/wp-content\/uploads\/2016\/01\/IMG_9354_v1-862x1024.jpg 862w, https:\/\/martinemrichard.fr\/blog\/wp-content\/uploads\/2016\/01\/IMG_9354_v1.jpg 1920w\" sizes=\"auto, (max-width: 252px) 100vw, 252px\" \/><img loading=\"lazy\" decoding=\"async\" class=\"alignright size-medium wp-image-10798\" src=\"https:\/\/martinemrichard.fr\/blog\/wp-content\/uploads\/2016\/01\/IMG_9303_v1-225x300.jpg\" alt=\"IMG_9303_v1\" width=\"225\" height=\"300\" srcset=\"https:\/\/martinemrichard.fr\/blog\/wp-content\/uploads\/2016\/01\/IMG_9303_v1-225x300.jpg 225w, https:\/\/martinemrichard.fr\/blog\/wp-content\/uploads\/2016\/01\/IMG_9303_v1-768x1024.jpg 768w, https:\/\/martinemrichard.fr\/blog\/wp-content\/uploads\/2016\/01\/IMG_9303_v1.jpg 1651w\" sizes=\"auto, (max-width: 225px) 100vw, 225px\" \/><img loading=\"lazy\" decoding=\"async\" class=\"alignright size-medium wp-image-10800\" src=\"https:\/\/martinemrichard.fr\/blog\/wp-content\/uploads\/2016\/01\/IMG_9339_v1-233x300.jpg\" alt=\"IMG_9339_v1\" width=\"233\" height=\"300\" srcset=\"https:\/\/martinemrichard.fr\/blog\/wp-content\/uploads\/2016\/01\/IMG_9339_v1-233x300.jpg 233w, https:\/\/martinemrichard.fr\/blog\/wp-content\/uploads\/2016\/01\/IMG_9339_v1-768x990.jpg 768w, https:\/\/martinemrichard.fr\/blog\/wp-content\/uploads\/2016\/01\/IMG_9339_v1-794x1024.jpg 794w, https:\/\/martinemrichard.fr\/blog\/wp-content\/uploads\/2016\/01\/IMG_9339_v1.jpg 1173w\" sizes=\"auto, (max-width: 233px) 100vw, 233px\" \/><\/p>\n<p>Sa marche militaire.<\/p>\n<p>Je hume<\/p>\n<p>Aspire<\/p>\n<p>Son rythme entrav\u00e9 de bulles parfum\u00e9es&#8230;<\/p>\n<p>Poivre aux franges des \u0153illets<\/p>\n<p>Essence lavandin dont raffole l&rsquo;abeille<\/p>\n<p>Notes miel\u00a0 br\u00fblant cascadant des clochettes du poireau sauvage<img loading=\"lazy\" decoding=\"async\" class=\"alignright size-large wp-image-10807\" src=\"https:\/\/martinemrichard.fr\/blog\/wp-content\/uploads\/2016\/01\/IMG_9313_v1-1024x833.jpg\" alt=\"IMG_9313_v1\" width=\"1024\" height=\"833\" srcset=\"https:\/\/martinemrichard.fr\/blog\/wp-content\/uploads\/2016\/01\/IMG_9313_v1-1024x833.jpg 1024w, https:\/\/martinemrichard.fr\/blog\/wp-content\/uploads\/2016\/01\/IMG_9313_v1-300x244.jpg 300w, https:\/\/martinemrichard.fr\/blog\/wp-content\/uploads\/2016\/01\/IMG_9313_v1-768x625.jpg 768w, https:\/\/martinemrichard.fr\/blog\/wp-content\/uploads\/2016\/01\/IMG_9313_v1.jpg 1984w\" sizes=\"auto, (max-width: 1024px) 100vw, 1024px\" \/><\/p>\n<p>Effluves voluptueuses tissant leur moelleux autour de mes pens\u00e9es<img loading=\"lazy\" decoding=\"async\" class=\"alignright size-medium wp-image-10812\" src=\"https:\/\/martinemrichard.fr\/blog\/wp-content\/uploads\/2016\/01\/IMG_5804_v1-300x266.jpg\" alt=\"IMG_5804_v1\" width=\"300\" height=\"266\" srcset=\"https:\/\/martinemrichard.fr\/blog\/wp-content\/uploads\/2016\/01\/IMG_5804_v1-300x266.jpg 300w, https:\/\/martinemrichard.fr\/blog\/wp-content\/uploads\/2016\/01\/IMG_5804_v1-768x682.jpg 768w, https:\/\/martinemrichard.fr\/blog\/wp-content\/uploads\/2016\/01\/IMG_5804_v1-1024x909.jpg 1024w\" sizes=\"auto, (max-width: 300px) 100vw, 300px\" \/><img loading=\"lazy\" decoding=\"async\" class=\"alignright size-medium wp-image-10813\" src=\"https:\/\/martinemrichard.fr\/blog\/wp-content\/uploads\/2016\/01\/IMG_5575_v2-300x277.jpg\" alt=\"IMG_5575_v2\" width=\"300\" height=\"277\" srcset=\"https:\/\/martinemrichard.fr\/blog\/wp-content\/uploads\/2016\/01\/IMG_5575_v2-300x277.jpg 300w, https:\/\/martinemrichard.fr\/blog\/wp-content\/uploads\/2016\/01\/IMG_5575_v2-768x709.jpg 768w, https:\/\/martinemrichard.fr\/blog\/wp-content\/uploads\/2016\/01\/IMG_5575_v2-1024x945.jpg 1024w\" sizes=\"auto, (max-width: 300px) 100vw, 300px\" \/><\/p>\n<p>Euphorie soleil d&rsquo;or<\/p>\n<p>Sucr\u00e9 frambois\u00e9<\/p>\n<p>Avoine!<\/p>\n<p>Folle avoine!<\/p>\n<p>M\u00eame toi participes \u00e0 la f\u00eate des sens.<\/p>\n<p>A l&rsquo;enclos<\/p>\n<p>Au secret de ce charme<\/p>\n<p>O\u00f9 mille vies<img loading=\"lazy\" decoding=\"async\" class=\"alignright size-large wp-image-10818\" src=\"https:\/\/martinemrichard.fr\/blog\/wp-content\/uploads\/2016\/01\/IMG_6939_v1-1024x732.jpg\" alt=\"IMG_6939_v1\" width=\"1024\" height=\"732\" srcset=\"https:\/\/martinemrichard.fr\/blog\/wp-content\/uploads\/2016\/01\/IMG_6939_v1-1024x732.jpg 1024w, https:\/\/martinemrichard.fr\/blog\/wp-content\/uploads\/2016\/01\/IMG_6939_v1-300x214.jpg 300w, https:\/\/martinemrichard.fr\/blog\/wp-content\/uploads\/2016\/01\/IMG_6939_v1-768x549.jpg 768w\" sizes=\"auto, (max-width: 1024px) 100vw, 1024px\" \/><\/p>\n<p>Butinent<img loading=\"lazy\" decoding=\"async\" class=\"alignright size-medium wp-image-10820\" src=\"https:\/\/martinemrichard.fr\/blog\/wp-content\/uploads\/2016\/01\/IMG_7004_v2-300x244.jpg\" alt=\"IMG_7004_v2\" width=\"300\" height=\"244\" srcset=\"https:\/\/martinemrichard.fr\/blog\/wp-content\/uploads\/2016\/01\/IMG_7004_v2-300x244.jpg 300w, https:\/\/martinemrichard.fr\/blog\/wp-content\/uploads\/2016\/01\/IMG_7004_v2-768x624.jpg 768w, https:\/\/martinemrichard.fr\/blog\/wp-content\/uploads\/2016\/01\/IMG_7004_v2-1024x831.jpg 1024w, https:\/\/martinemrichard.fr\/blog\/wp-content\/uploads\/2016\/01\/IMG_7004_v2.jpg 1972w\" sizes=\"auto, (max-width: 300px) 100vw, 300px\" \/><\/p>\n<p>Bourdonnent<\/p>\n<p>Fusionnent<\/p>\n<p>Leurs hasards<\/p>\n<p>Ombre et lumi\u00e8re&#8230;<\/p>\n<p>.<\/p>\n<p>MMR ( tous droits r\u00e9serv\u00e9s)<\/p>\n<p>Avec par ordre d&rsquo;apparition \u00e0 l&rsquo;image \ud83d\ude42<\/p>\n<p>1- une sauterelle<\/p>\n<p>2-\u00a0 Xylocope: abeille charpenti\u00e8re.; la grosse abeille europ\u00e9enne, totalement inoffensive.<\/p>\n<p>3- le papillon citron<\/p>\n<p>4-\u00a0 le syrphe, mouche\u00a0 ( un des nombreux du genre \u00e0 habiter mon jardin)<\/p>\n<p>5- le flamb\u00e9<\/p>\n<p>6- le machaon<\/p>\n","protected":false},"excerpt":{"rendered":"<p>Me perdre en ses m\u00e9andres Occulter les minutes D&rsquo;un Temps trop avide A fracasser ma paix. D\u00e9serter D\u00e9sapprendre La vie cadenc\u00e9e Pi\u00e9tiner sans complexe Sa marche militaire. Je hume Aspire Son rythme entrav\u00e9 de bulles parfum\u00e9es&#8230; Poivre aux franges des \u0153illets Essence lavandin dont raffole l&rsquo;abeille Notes miel\u00a0 br\u00fblant cascadant des clochettes du poireau sauvage [&hellip;]<\/p>\n","protected":false},"author":1,"featured_media":0,"comment_status":"open","ping_status":"open","sticky":false,"template":"","format":"standard","meta":{"footnotes":""},"categories":[71],"tags":[145,731,11,203,32,59,75,134,92,881],"class_list":["post-10792","post","type-post","status-publish","format-standard","hentry","category-jardin-fleur","tag-abeille","tag-flambe","tag-jardin","tag-machaon","tag-ombre","tag-or","tag-papillon","tag-poeme","tag-sauterelle","tag-xylocope"],"_links":{"self":[{"href":"https:\/\/martinemrichard.fr\/blog\/index.php?rest_route=\/wp\/v2\/posts\/10792","targetHints":{"allow":["GET"]}}],"collection":[{"href":"https:\/\/martinemrichard.fr\/blog\/index.php?rest_route=\/wp\/v2\/posts"}],"about":[{"href":"https:\/\/martinemrichard.fr\/blog\/index.php?rest_route=\/wp\/v2\/types\/post"}],"author":[{"embeddable":true,"href":"https:\/\/martinemrichard.fr\/blog\/index.php?rest_route=\/wp\/v2\/users\/1"}],"replies":[{"embeddable":true,"href":"https:\/\/martinemrichard.fr\/blog\/index.php?rest_route=%2Fwp%2Fv2%2Fcomments&post=10792"}],"version-history":[{"count":21,"href":"https:\/\/martinemrichard.fr\/blog\/index.php?rest_route=\/wp\/v2\/posts\/10792\/revisions"}],"predecessor-version":[{"id":10824,"href":"https:\/\/martinemrichard.fr\/blog\/index.php?rest_route=\/wp\/v2\/posts\/10792\/revisions\/10824"}],"wp:attachment":[{"href":"https:\/\/martinemrichard.fr\/blog\/index.php?rest_route=%2Fwp%2Fv2%2Fmedia&parent=10792"}],"wp:term":[{"taxonomy":"category","embeddable":true,"href":"https:\/\/martinemrichard.fr\/blog\/index.php?rest_route=%2Fwp%2Fv2%2Fcategories&post=10792"},{"taxonomy":"post_tag","embeddable":true,"href":"https:\/\/martinemrichard.fr\/blog\/index.php?rest_route=%2Fwp%2Fv2%2Ftags&post=10792"}],"curies":[{"name":"wp","href":"https:\/\/api.w.org\/{rel}","templated":true}]}}