{"id":1086,"date":"2010-12-22T09:43:45","date_gmt":"2010-12-22T07:43:45","guid":{"rendered":"http:\/\/martinemrichard.fr\/blog\/?p=1086"},"modified":"2011-05-17T07:36:16","modified_gmt":"2011-05-17T05:36:16","slug":"si-jetais-printemps","status":"publish","type":"post","link":"https:\/\/martinemrichard.fr\/blog\/?p=1086","title":{"rendered":"Si j\u2019\u00e9tais printemps"},"content":{"rendered":"<p>Le ciel festonnerait,<a href=\"https:\/\/martinemrichard.fr\/blog\/wp-content\/uploads\/2010\/12\/pommier-du-japon.jpg\"><img loading=\"lazy\" decoding=\"async\" class=\"alignright size-medium wp-image-1087\" title=\"pommier du japon\" src=\"https:\/\/martinemrichard.fr\/blog\/wp-content\/uploads\/2010\/12\/pommier-du-japon-225x300.jpg\" alt=\"\" width=\"225\" height=\"300\" srcset=\"https:\/\/martinemrichard.fr\/blog\/wp-content\/uploads\/2010\/12\/pommier-du-japon-225x300.jpg 225w, https:\/\/martinemrichard.fr\/blog\/wp-content\/uploads\/2010\/12\/pommier-du-japon-768x1024.jpg 768w, https:\/\/martinemrichard.fr\/blog\/wp-content\/uploads\/2010\/12\/pommier-du-japon.jpg 1368w\" sizes=\"auto, (max-width: 225px) 100vw, 225px\" \/><\/a><\/p>\n<p>Nuages tapisserie,<\/p>\n<p>Des contes de douceur<\/p>\n<p>Ne pleurant que la nuit.<\/p>\n<p>Z\u00e9phyr r\u00e9chaufferait,<\/p>\n<p>Souffle joie primev\u00e8re,<\/p>\n<p>De ses l\u00e8vres candeur<\/p>\n<p>Nos fronts teint\u00e9s hiver.<\/p>\n<p>Les arbres pulseraient,<\/p>\n<p>Silence mille voix,<\/p>\n<p>En accords lumineux<\/p>\n<p>Les pens\u00e9es de Ga\u00efa.<\/p>\n<p>Les oiseaux relaieraient,<\/p>\n<p>Fl\u00fbtes concertistes,<\/p>\n<p>Ses conseils m\u00e9lodieux,<\/p>\n<p>Suppliques d&rsquo;artistes.<\/p>\n<p>Rivi\u00e8res chanteraient,<\/p>\n<p>Ondes lit de goujeons,<\/p>\n<p>Aux yeux miroirs r\u00eaveurs<\/p>\n<p>De tendres d\u00e9raisons&#8230;<\/p>\n","protected":false},"excerpt":{"rendered":"<p>Le ciel festonnerait, Nuages tapisserie, Des contes de douceur Ne pleurant que la nuit. Z\u00e9phyr r\u00e9chaufferait, Souffle joie primev\u00e8re, De ses l\u00e8vres candeur Nos fronts teint\u00e9s hiver. Les arbres pulseraient, Silence mille voix, En accords lumineux Les pens\u00e9es de Ga\u00efa. Les oiseaux relaieraient, Fl\u00fbtes concertistes, Ses conseils m\u00e9lodieux, Suppliques d&rsquo;artistes. Rivi\u00e8res chanteraient, Ondes lit de [&hellip;]<\/p>\n","protected":false},"author":1,"featured_media":0,"comment_status":"open","ping_status":"open","sticky":false,"template":"","format":"standard","meta":{"footnotes":""},"categories":[71,4],"tags":[],"class_list":["post-1086","post","type-post","status-publish","format-standard","hentry","category-jardin-fleur","category-poemes"],"_links":{"self":[{"href":"https:\/\/martinemrichard.fr\/blog\/index.php?rest_route=\/wp\/v2\/posts\/1086","targetHints":{"allow":["GET"]}}],"collection":[{"href":"https:\/\/martinemrichard.fr\/blog\/index.php?rest_route=\/wp\/v2\/posts"}],"about":[{"href":"https:\/\/martinemrichard.fr\/blog\/index.php?rest_route=\/wp\/v2\/types\/post"}],"author":[{"embeddable":true,"href":"https:\/\/martinemrichard.fr\/blog\/index.php?rest_route=\/wp\/v2\/users\/1"}],"replies":[{"embeddable":true,"href":"https:\/\/martinemrichard.fr\/blog\/index.php?rest_route=%2Fwp%2Fv2%2Fcomments&post=1086"}],"version-history":[{"count":3,"href":"https:\/\/martinemrichard.fr\/blog\/index.php?rest_route=\/wp\/v2\/posts\/1086\/revisions"}],"predecessor-version":[{"id":1601,"href":"https:\/\/martinemrichard.fr\/blog\/index.php?rest_route=\/wp\/v2\/posts\/1086\/revisions\/1601"}],"wp:attachment":[{"href":"https:\/\/martinemrichard.fr\/blog\/index.php?rest_route=%2Fwp%2Fv2%2Fmedia&parent=1086"}],"wp:term":[{"taxonomy":"category","embeddable":true,"href":"https:\/\/martinemrichard.fr\/blog\/index.php?rest_route=%2Fwp%2Fv2%2Fcategories&post=1086"},{"taxonomy":"post_tag","embeddable":true,"href":"https:\/\/martinemrichard.fr\/blog\/index.php?rest_route=%2Fwp%2Fv2%2Ftags&post=1086"}],"curies":[{"name":"wp","href":"https:\/\/api.w.org\/{rel}","templated":true}]}}