{"id":10903,"date":"2016-03-13T06:19:35","date_gmt":"2016-03-13T05:19:35","guid":{"rendered":"http:\/\/martinemrichard.fr\/blog\/?p=10903"},"modified":"2016-04-09T20:04:31","modified_gmt":"2016-04-09T19:04:31","slug":"sauvee","status":"publish","type":"post","link":"https:\/\/martinemrichard.fr\/blog\/?p=10903","title":{"rendered":"Sauv\u00e9e!"},"content":{"rendered":"<p style=\"text-align: justify;\">Cela s&rsquo;est pass\u00e9 il y a quinze jours. <img loading=\"lazy\" decoding=\"async\" class=\"alignright size-medium wp-image-10905\" src=\"https:\/\/martinemrichard.fr\/blog\/wp-content\/uploads\/2016\/03\/IMG_1676_v1-300x282.jpg\" alt=\"IMG_1676_v1\" width=\"300\" height=\"282\" srcset=\"https:\/\/martinemrichard.fr\/blog\/wp-content\/uploads\/2016\/03\/IMG_1676_v1-300x282.jpg 300w, https:\/\/martinemrichard.fr\/blog\/wp-content\/uploads\/2016\/03\/IMG_1676_v1-768x721.jpg 768w, https:\/\/martinemrichard.fr\/blog\/wp-content\/uploads\/2016\/03\/IMG_1676_v1-1024x962.jpg 1024w\" sizes=\"auto, (max-width: 300px) 100vw, 300px\" \/><\/p>\n<p style=\"text-align: justify;\">Mon mari m&rsquo;appelle depuis la salle de bain. \u00ab\u00a0Dis! Viens voir! Il y a une de tes copines ici!\u00a0\u00bb<\/p>\n<p style=\"text-align: justify;\">Intrigu\u00e9e, je le rejoins et d\u00e9couvre une petite chose noire et rousse recroquevill\u00e9e, inerte. A l&rsquo;aide d&rsquo;un petit carton pub ( je me m\u00e9fie toujours, on ne sait jamais si \u00e7a pique ou pas) je recueille l&rsquo;insecte. Oh! il s&rsquo;agit d&rsquo;une\u00a0 abeille sauvage: l&rsquo;osmie bicolore.*<\/p>\n<p style=\"text-align: justify;\">Sous l\u2019effet de la manipulation, elle tend mollement une patte. Bon, elle n&rsquo;est pas morte mais seulement \u00e0 demi endormie par le froid.. Je la descends dans la salle de s\u00e9jour et la d\u00e9pose dans une flaque de soleil. Pas de r\u00e9action. Je me souviens alors d&rsquo;un conseil lu sur le blog d&rsquo;un blogueur passionnant, <span style=\"color: #0000ff;\"><strong><a href=\"http:\/\/www.baladesentomologiques.com\/article-les-abeilles-ravitaillements-collectifs-122447519.html\">ICI<\/a><\/strong><\/span>.\u00a0 Je d\u00e9cide d&rsquo;offrir \u00e0 boire un peu de miel dilu\u00e9 d&rsquo;un soup\u00e7on d&rsquo;eau \u00e0 ma petite prot\u00e9g\u00e9e. En fait, renseignement pris, la belle touffe blanche sur sa face indique que c&rsquo;est un m\u00e2le.\u00a0<img loading=\"lazy\" decoding=\"async\" class=\"alignleft size-thumbnail wp-image-10916\" src=\"https:\/\/martinemrichard.fr\/blog\/wp-content\/uploads\/2016\/03\/IMG_1678_v3-150x150.jpg\" alt=\"IMG_1678_v3\" width=\"150\" height=\"150\" \/><img loading=\"lazy\" decoding=\"async\" class=\"alignleft size-thumbnail wp-image-10917\" src=\"https:\/\/martinemrichard.fr\/blog\/wp-content\/uploads\/2016\/03\/IMG_1680_v2-150x150.jpg\" alt=\"IMG_1680_v2\" width=\"150\" height=\"150\" \/><img loading=\"lazy\" decoding=\"async\" class=\"alignleft size-thumbnail wp-image-10918\" src=\"https:\/\/martinemrichard.fr\/blog\/wp-content\/uploads\/2016\/03\/IMG_1684_v2-150x150.jpg\" alt=\"IMG_1684_v2\" width=\"150\" height=\"150\" \/><img loading=\"lazy\" decoding=\"async\" class=\"alignleft size-thumbnail wp-image-10919\" src=\"https:\/\/martinemrichard.fr\/blog\/wp-content\/uploads\/2016\/03\/IMG_1692_v2-150x150.jpg\" alt=\"IMG_1692_v2\" width=\"150\" height=\"150\" \/><img loading=\"lazy\" decoding=\"async\" class=\"alignleft size-thumbnail wp-image-10920\" src=\"https:\/\/martinemrichard.fr\/blog\/wp-content\/uploads\/2016\/03\/IMG_1696_v2-150x150.jpg\" alt=\"IMG_1696_v2\" width=\"150\" height=\"150\" \/><\/p>\n<p>.<\/p>\n<p>.<\/p>\n<p>.<\/p>\n<p>.<\/p>\n<p style=\"text-align: justify;\">Mon mari se \u00ab\u00a0pique\u00a0\u00bb au jeu et participe \u00e0 l&rsquo;histoire. Il d\u00e9coupe le bord d&rsquo;un bouchon pour que le bol ne soit pas trop profond.\u00a0 Je guide mon osmie sur la margelle de son somptueux hanap, mais, pas de r\u00e9action. Alors, je caresse de mon doigt \u00e0 peine humect\u00e9 le bas de sa face. Par deux fois. Et, enfin, elle comprend. <img loading=\"lazy\" decoding=\"async\" class=\"alignright size-medium wp-image-10931\" src=\"https:\/\/martinemrichard.fr\/blog\/wp-content\/uploads\/2016\/03\/IMG_1697_v2-300x292.jpg\" alt=\"IMG_1697_v2\" width=\"300\" height=\"292\" srcset=\"https:\/\/martinemrichard.fr\/blog\/wp-content\/uploads\/2016\/03\/IMG_1697_v2-300x292.jpg 300w, https:\/\/martinemrichard.fr\/blog\/wp-content\/uploads\/2016\/03\/IMG_1697_v2-768x747.jpg 768w, https:\/\/martinemrichard.fr\/blog\/wp-content\/uploads\/2016\/03\/IMG_1697_v2-1024x996.jpg 1024w, https:\/\/martinemrichard.fr\/blog\/wp-content\/uploads\/2016\/03\/IMG_1697_v2.jpg 1188w\" sizes=\"auto, (max-width: 300px) 100vw, 300px\" \/><\/p>\n<p style=\"text-align: justify;\">Elle allonge une langue d&rsquo;une longueur! Fichtre! Pench\u00e9e sur ma bestiole, en gros plan, cela m&rsquo;a surprise. L&rsquo;abeille a l&rsquo;air d&rsquo;appr\u00e9cier le menu de la maison. Par trois fois elle revient au plat, entrecoupant par des pauses, comme pour laisser le temps \u00e0 l&rsquo;estomac de s&rsquo;adapter \u00e0 ce festin soudain.<\/p>\n<p style=\"text-align: justify;\">Puis, repue, elle recule et se positionne sur le rebord. J\u2019assiste alors \u00e0 une grande s\u00e9ance de toilettage.\u00a0\u00a0 Une patte, puis l&rsquo;autre, une aile \u00e9galement&#8230; C&rsquo;est du s\u00e9rieux. <img loading=\"lazy\" decoding=\"async\" class=\"alignleft size-medium wp-image-10936\" src=\"https:\/\/martinemrichard.fr\/blog\/wp-content\/uploads\/2016\/03\/IMG_1710_v2-300x189.jpg\" alt=\"IMG_1710_v2\" width=\"300\" height=\"189\" srcset=\"https:\/\/martinemrichard.fr\/blog\/wp-content\/uploads\/2016\/03\/IMG_1710_v2-300x189.jpg 300w, https:\/\/martinemrichard.fr\/blog\/wp-content\/uploads\/2016\/03\/IMG_1710_v2-768x484.jpg 768w, https:\/\/martinemrichard.fr\/blog\/wp-content\/uploads\/2016\/03\/IMG_1710_v2-1024x646.jpg 1024w\" sizes=\"auto, (max-width: 300px) 100vw, 300px\" \/><\/p>\n<p style=\"text-align: justify;\"><img loading=\"lazy\" decoding=\"async\" class=\"alignleft size-medium wp-image-10938\" src=\"https:\/\/martinemrichard.fr\/blog\/wp-content\/uploads\/2016\/03\/IMG_1706_v1-300x252.jpg\" alt=\"IMG_1706_v1\" width=\"300\" height=\"252\" srcset=\"https:\/\/martinemrichard.fr\/blog\/wp-content\/uploads\/2016\/03\/IMG_1706_v1-300x252.jpg 300w, https:\/\/martinemrichard.fr\/blog\/wp-content\/uploads\/2016\/03\/IMG_1706_v1-768x646.jpg 768w, https:\/\/martinemrichard.fr\/blog\/wp-content\/uploads\/2016\/03\/IMG_1706_v1-1024x861.jpg 1024w\" sizes=\"auto, (max-width: 300px) 100vw, 300px\" \/><\/p>\n<p style=\"text-align: justify;\"><img loading=\"lazy\" decoding=\"async\" class=\"alignright size-medium wp-image-10944\" src=\"https:\/\/martinemrichard.fr\/blog\/wp-content\/uploads\/2016\/03\/IMG_1708_v1-300x266.jpg\" alt=\"IMG_1708_v1\" width=\"300\" height=\"266\" srcset=\"https:\/\/martinemrichard.fr\/blog\/wp-content\/uploads\/2016\/03\/IMG_1708_v1-300x266.jpg 300w, https:\/\/martinemrichard.fr\/blog\/wp-content\/uploads\/2016\/03\/IMG_1708_v1-768x681.jpg 768w, https:\/\/martinemrichard.fr\/blog\/wp-content\/uploads\/2016\/03\/IMG_1708_v1-1024x909.jpg 1024w\" sizes=\"auto, (max-width: 300px) 100vw, 300px\" \/>.<\/p>\n<p style=\"text-align: justify;\">.<\/p>\n<p style=\"text-align: justify;\">.<\/p>\n<p style=\"text-align: justify;\">.<\/p>\n<p style=\"text-align: justify;\">.<\/p>\n<p style=\"text-align: justify;\">.<\/p>\n<p style=\"text-align: justify;\">.<\/p>\n<p style=\"text-align: justify;\">Au bout d&rsquo;un long moment,\u00a0 la voici qui s&rsquo;envole vers la fen\u00eatre, vers la lumi\u00e8re. L&rsquo;heure est venue de lui ouvrir en grand la porte-fen\u00eatre vers la libert\u00e9, vers ce soleil qui entre-temps a r\u00e9chauff\u00e9 l&rsquo;atmosph\u00e8re. Monsieur Osmie peut filer retrouver ce dr\u00f4le d&rsquo;hiver printanier.<\/p>\n<p style=\"text-align: justify;\">Le lendemain et les jours suivants, j&rsquo;ai observ\u00e9 deux osmies butinant dans la haie. J&rsquo;aime imaginer que l&rsquo;une des deux est mon rescap\u00e9. Ma tendre moiti\u00e9 a r\u00e9alis\u00e9 un h\u00f4tel \u00e0 osmies pour \u00e9viter \u00e0 l&rsquo;avenir qu&rsquo;elles s&rsquo;installent dans le trou d&rsquo;\u00e9vacuation d&rsquo;eau de la fen\u00eatre.<img loading=\"lazy\" decoding=\"async\" class=\"alignright size-medium wp-image-10959\" src=\"https:\/\/martinemrichard.fr\/blog\/wp-content\/uploads\/2016\/03\/IMG_1854_v1-281x300.jpg\" alt=\"IMG_1854_v1\" width=\"281\" height=\"300\" srcset=\"https:\/\/martinemrichard.fr\/blog\/wp-content\/uploads\/2016\/03\/IMG_1854_v1-281x300.jpg 281w, https:\/\/martinemrichard.fr\/blog\/wp-content\/uploads\/2016\/03\/IMG_1854_v1-768x820.jpg 768w, https:\/\/martinemrichard.fr\/blog\/wp-content\/uploads\/2016\/03\/IMG_1854_v1-959x1024.jpg 959w\" sizes=\"auto, (max-width: 281px) 100vw, 281px\" \/><\/p>\n<p>MMR ( tous droits r\u00e9serv\u00e9s)<\/p>\n<p>*\u00a0\u00a0 l&rsquo;osmie bicolore est un insecte du genre osmia, appartenant \u00e0 l&rsquo;ordre des Hym\u00e9nopt\u00e8res, famille des Megachilidae.\u00a0 Il para\u00eet qu&rsquo;elle appr\u00e9cie nicher dans les coquilles vides d&rsquo;escargot; mais ne d\u00e9daigne pas les trous dans le bois si j&rsquo;en juge par la m\u00e9saventure de ce petit m\u00e2le.<\/p>\n<p>C&rsquo;est une abeille de 9 \u00e0 10 mm d&rsquo;un grand int\u00e9r\u00eat pour la pollinisation.<\/p>\n<p>Plus de renseignements<a href=\"https:\/\/fr.wikipedia.org\/wiki\/Osmia_bicolor\"><span style=\"color: #0000ff;\"><strong> ICI<\/strong> <\/span><\/a>, chez Wikipedia<\/p>\n<p>Si l&rsquo;H\u00f4tel les attire, je vous en reparlerai.<\/p>\n<p><span style=\"color: #ff0000;\"><strong>D\u00e9sol\u00e9e: Commentaires ferm\u00e9s , car, le 51 \u00e8me effacerait\u00a0 tous les pr\u00e9c\u00e9dents.<\/strong><\/span><\/p>\n<p style=\"text-align: justify;\"><img loading=\"lazy\" decoding=\"async\" class=\"alignright size-large wp-image-10951\" src=\"https:\/\/martinemrichard.fr\/blog\/wp-content\/uploads\/2016\/03\/IMG_1817_v1-1024x914.jpg\" alt=\"IMG_1817_v1\" width=\"1024\" height=\"914\" srcset=\"https:\/\/martinemrichard.fr\/blog\/wp-content\/uploads\/2016\/03\/IMG_1817_v1-1024x914.jpg 1024w, https:\/\/martinemrichard.fr\/blog\/wp-content\/uploads\/2016\/03\/IMG_1817_v1-300x268.jpg 300w, https:\/\/martinemrichard.fr\/blog\/wp-content\/uploads\/2016\/03\/IMG_1817_v1-768x685.jpg 768w, https:\/\/martinemrichard.fr\/blog\/wp-content\/uploads\/2016\/03\/IMG_1817_v1.jpg 1799w\" sizes=\"auto, (max-width: 1024px) 100vw, 1024px\" \/><\/p>\n","protected":false},"excerpt":{"rendered":"<p>Cela s&rsquo;est pass\u00e9 il y a quinze jours. Mon mari m&rsquo;appelle depuis la salle de bain. \u00ab\u00a0Dis! Viens voir! Il y a une de tes copines ici!\u00a0\u00bb Intrigu\u00e9e, je le rejoins et d\u00e9couvre une petite chose noire et rousse recroquevill\u00e9e, inerte. A l&rsquo;aide d&rsquo;un petit carton pub ( je me m\u00e9fie toujours, on ne sait [&hellip;]<\/p>\n","protected":false},"author":1,"featured_media":0,"comment_status":"closed","ping_status":"open","sticky":false,"template":"","format":"standard","meta":{"footnotes":""},"categories":[72],"tags":[145,11,80,983],"class_list":["post-10903","post","type-post","status-publish","format-standard","hentry","category-animaux","tag-abeille","tag-jardin","tag-miel","tag-osmie-bicolore"],"_links":{"self":[{"href":"https:\/\/martinemrichard.fr\/blog\/index.php?rest_route=\/wp\/v2\/posts\/10903","targetHints":{"allow":["GET"]}}],"collection":[{"href":"https:\/\/martinemrichard.fr\/blog\/index.php?rest_route=\/wp\/v2\/posts"}],"about":[{"href":"https:\/\/martinemrichard.fr\/blog\/index.php?rest_route=\/wp\/v2\/types\/post"}],"author":[{"embeddable":true,"href":"https:\/\/martinemrichard.fr\/blog\/index.php?rest_route=\/wp\/v2\/users\/1"}],"replies":[{"embeddable":true,"href":"https:\/\/martinemrichard.fr\/blog\/index.php?rest_route=%2Fwp%2Fv2%2Fcomments&post=10903"}],"version-history":[{"count":40,"href":"https:\/\/martinemrichard.fr\/blog\/index.php?rest_route=\/wp\/v2\/posts\/10903\/revisions"}],"predecessor-version":[{"id":11139,"href":"https:\/\/martinemrichard.fr\/blog\/index.php?rest_route=\/wp\/v2\/posts\/10903\/revisions\/11139"}],"wp:attachment":[{"href":"https:\/\/martinemrichard.fr\/blog\/index.php?rest_route=%2Fwp%2Fv2%2Fmedia&parent=10903"}],"wp:term":[{"taxonomy":"category","embeddable":true,"href":"https:\/\/martinemrichard.fr\/blog\/index.php?rest_route=%2Fwp%2Fv2%2Fcategories&post=10903"},{"taxonomy":"post_tag","embeddable":true,"href":"https:\/\/martinemrichard.fr\/blog\/index.php?rest_route=%2Fwp%2Fv2%2Ftags&post=10903"}],"curies":[{"name":"wp","href":"https:\/\/api.w.org\/{rel}","templated":true}]}}