{"id":11004,"date":"2019-10-06T01:55:49","date_gmt":"2019-10-06T00:55:49","guid":{"rendered":"http:\/\/martinemrichard.fr\/blog\/?p=11004"},"modified":"2019-10-07T03:32:32","modified_gmt":"2019-10-07T02:32:32","slug":"les-surprises-de-lete","status":"publish","type":"post","link":"https:\/\/martinemrichard.fr\/blog\/?p=11004","title":{"rendered":"Les surprises de l\u2019\u00c9t\u00e9"},"content":{"rendered":"<p>Une abeille d&rsquo;une taille au dessus de la moyenne, noire avec des reflets bleut\u00e9s. C&rsquo;\u00e9tait la premi\u00e8re fois que je la remarquais. Apr\u00e8s recherche, et l&rsquo;aide\u00a0 de Pierre-Jean, <a href=\"http:\/\/www.baladesentomologiques.com\/\"><span style=\"color: #0000ff;\"><strong>ICI<\/strong><\/span><\/a>, il s&rsquo;est av\u00e9r\u00e9 que c&rsquo;\u00e9tait une petite\u00a0 xylocopine. Peut-\u00eatre Ceratina cyanea., Ceratine bleut\u00e9e. Elle est de la m\u00eame famille que la grosse xylocope , une habitu\u00e9e de mon jardin.<\/p>\n<p><img loading=\"lazy\" decoding=\"async\" class=\"alignright size-medium wp-image-14019\" src=\"https:\/\/martinemrichard.fr\/blog\/wp-content\/uploads\/2016\/03\/IMG_1138_v1-300x290.jpg\" alt=\"\" width=\"300\" height=\"290\" srcset=\"https:\/\/martinemrichard.fr\/blog\/wp-content\/uploads\/2016\/03\/IMG_1138_v1-300x290.jpg 300w, https:\/\/martinemrichard.fr\/blog\/wp-content\/uploads\/2016\/03\/IMG_1138_v1.jpg 703w\" sizes=\"auto, (max-width: 300px) 100vw, 300px\" \/><img loading=\"lazy\" decoding=\"async\" class=\"alignright size-medium wp-image-14021\" src=\"https:\/\/martinemrichard.fr\/blog\/wp-content\/uploads\/2019\/10\/IMG_6724_v1-300x231.jpg\" alt=\"\" width=\"300\" height=\"231\" srcset=\"https:\/\/martinemrichard.fr\/blog\/wp-content\/uploads\/2019\/10\/IMG_6724_v1-300x231.jpg 300w, https:\/\/martinemrichard.fr\/blog\/wp-content\/uploads\/2019\/10\/IMG_6724_v1-768x590.jpg 768w, https:\/\/martinemrichard.fr\/blog\/wp-content\/uploads\/2019\/10\/IMG_6724_v1.jpg 817w\" sizes=\"auto, (max-width: 300px) 100vw, 300px\" \/><\/p>\n<p>Vous pouvez constater la diff\u00e9rence de taille entre ces deux abeilles.<\/p>\n<p>&nbsp;<\/p>\n<p>&nbsp;<\/p>\n<p>&nbsp;<\/p>\n<p>&nbsp;<\/p>\n<p>&nbsp;<\/p>\n<p>Dans un genre compl\u00e8tement diff\u00e9rent, une odonate d&rsquo;un beau jaune d&rsquo;or.\u00a0 Je ne l&rsquo;ai pas identifi\u00e9e<\/p>\n<p><img loading=\"lazy\" decoding=\"async\" class=\"alignright size-large wp-image-14025\" src=\"https:\/\/martinemrichard.fr\/blog\/wp-content\/uploads\/2019\/10\/IMG_5690_v1-1024x958.jpg\" alt=\"\" width=\"1024\" height=\"958\" srcset=\"https:\/\/martinemrichard.fr\/blog\/wp-content\/uploads\/2019\/10\/IMG_5690_v1-1024x958.jpg 1024w, https:\/\/martinemrichard.fr\/blog\/wp-content\/uploads\/2019\/10\/IMG_5690_v1-300x281.jpg 300w, https:\/\/martinemrichard.fr\/blog\/wp-content\/uploads\/2019\/10\/IMG_5690_v1-768x719.jpg 768w, https:\/\/martinemrichard.fr\/blog\/wp-content\/uploads\/2019\/10\/IMG_5690_v1.jpg 1553w\" sizes=\"auto, (max-width: 1024px) 100vw, 1024px\" \/><\/p>\n<p>&nbsp;<\/p>\n<p>Une autre charmante inconnue. Peut-\u00eatre un agrion?<\/p>\n<p><img loading=\"lazy\" decoding=\"async\" class=\"alignright size-large wp-image-14026\" src=\"https:\/\/martinemrichard.fr\/blog\/wp-content\/uploads\/2019\/10\/IMG_6199_v1-1024x1024.jpg\" alt=\"\" width=\"1024\" height=\"1024\" srcset=\"https:\/\/martinemrichard.fr\/blog\/wp-content\/uploads\/2019\/10\/IMG_6199_v1-1024x1024.jpg 1024w, https:\/\/martinemrichard.fr\/blog\/wp-content\/uploads\/2019\/10\/IMG_6199_v1-150x150.jpg 150w, https:\/\/martinemrichard.fr\/blog\/wp-content\/uploads\/2019\/10\/IMG_6199_v1-300x300.jpg 300w, https:\/\/martinemrichard.fr\/blog\/wp-content\/uploads\/2019\/10\/IMG_6199_v1-768x768.jpg 768w, https:\/\/martinemrichard.fr\/blog\/wp-content\/uploads\/2019\/10\/IMG_6199_v1.jpg 1237w\" sizes=\"auto, (max-width: 1024px) 100vw, 1024px\" \/><\/p>\n<p>&nbsp;<\/p>\n<p>Une succulente gourmandise de 480 grammes: tomate type c\u0153ur de b\u0153uf!<\/p>\n<p><img loading=\"lazy\" decoding=\"async\" class=\"alignright size-large wp-image-13975\" src=\"https:\/\/martinemrichard.fr\/blog\/wp-content\/uploads\/2019\/08\/IMG_6322_v1-1024x575.jpg\" alt=\"\" width=\"1024\" height=\"575\" srcset=\"https:\/\/martinemrichard.fr\/blog\/wp-content\/uploads\/2019\/08\/IMG_6322_v1-1024x575.jpg 1024w, https:\/\/martinemrichard.fr\/blog\/wp-content\/uploads\/2019\/08\/IMG_6322_v1-300x169.jpg 300w, https:\/\/martinemrichard.fr\/blog\/wp-content\/uploads\/2019\/08\/IMG_6322_v1-768x432.jpg 768w\" sizes=\"auto, (max-width: 1024px) 100vw, 1024px\" \/><\/p>\n<p>.<\/p>\n<p>Et puis! Et puis, dame Chance m&rsquo;a fait ce cadeau. Une cigale nouvelle n\u00e9e en train de se s\u00e9cher au soleil de juillet<\/p>\n<p><img loading=\"lazy\" decoding=\"async\" class=\"alignright size-full wp-image-14027\" src=\"https:\/\/martinemrichard.fr\/blog\/wp-content\/uploads\/2019\/10\/IMG_6283_v1.jpg\" alt=\"\" width=\"963\" height=\"1015\" srcset=\"https:\/\/martinemrichard.fr\/blog\/wp-content\/uploads\/2019\/10\/IMG_6283_v1.jpg 963w, https:\/\/martinemrichard.fr\/blog\/wp-content\/uploads\/2019\/10\/IMG_6283_v1-285x300.jpg 285w, https:\/\/martinemrichard.fr\/blog\/wp-content\/uploads\/2019\/10\/IMG_6283_v1-768x809.jpg 768w\" sizes=\"auto, (max-width: 963px) 100vw, 963px\" \/><\/p>\n<p>&nbsp;<\/p>\n<p>Saviez-vous que les papillons \u00e9taient sportifs? Et bien, voir ci-dessous la preuve en image: Celui-ci, visiblement, est un adepte du surf.<\/p>\n<p><img loading=\"lazy\" decoding=\"async\" class=\"alignright size-full wp-image-14031\" src=\"https:\/\/martinemrichard.fr\/blog\/wp-content\/uploads\/2019\/10\/IMG_5544_v1.jpg\" alt=\"\" width=\"967\" height=\"986\" srcset=\"https:\/\/martinemrichard.fr\/blog\/wp-content\/uploads\/2019\/10\/IMG_5544_v1.jpg 967w, https:\/\/martinemrichard.fr\/blog\/wp-content\/uploads\/2019\/10\/IMG_5544_v1-294x300.jpg 294w, https:\/\/martinemrichard.fr\/blog\/wp-content\/uploads\/2019\/10\/IMG_5544_v1-768x783.jpg 768w\" sizes=\"auto, (max-width: 967px) 100vw, 967px\" \/><\/p>\n<p>.<\/p>\n<p>MMR<\/p>\n","protected":false},"excerpt":{"rendered":"<p>Une abeille d&rsquo;une taille au dessus de la moyenne, noire avec des reflets bleut\u00e9s. C&rsquo;\u00e9tait la premi\u00e8re fois que je la remarquais. Apr\u00e8s recherche, et l&rsquo;aide\u00a0 de Pierre-Jean, ICI, il s&rsquo;est av\u00e9r\u00e9 que c&rsquo;\u00e9tait une petite\u00a0 xylocopine. Peut-\u00eatre Ceratina cyanea., Ceratine bleut\u00e9e. Elle est de la m\u00eame famille que la grosse xylocope , une habitu\u00e9e [&hellip;]<\/p>\n","protected":false},"author":1,"featured_media":0,"comment_status":"open","ping_status":"open","sticky":false,"template":"","format":"standard","meta":{"footnotes":""},"categories":[72],"tags":[145,533,75,1209],"class_list":["post-11004","post","type-post","status-publish","format-standard","hentry","category-animaux","tag-abeille","tag-cigale","tag-papillon","tag-xylocopine"],"_links":{"self":[{"href":"https:\/\/martinemrichard.fr\/blog\/index.php?rest_route=\/wp\/v2\/posts\/11004","targetHints":{"allow":["GET"]}}],"collection":[{"href":"https:\/\/martinemrichard.fr\/blog\/index.php?rest_route=\/wp\/v2\/posts"}],"about":[{"href":"https:\/\/martinemrichard.fr\/blog\/index.php?rest_route=\/wp\/v2\/types\/post"}],"author":[{"embeddable":true,"href":"https:\/\/martinemrichard.fr\/blog\/index.php?rest_route=\/wp\/v2\/users\/1"}],"replies":[{"embeddable":true,"href":"https:\/\/martinemrichard.fr\/blog\/index.php?rest_route=%2Fwp%2Fv2%2Fcomments&post=11004"}],"version-history":[{"count":14,"href":"https:\/\/martinemrichard.fr\/blog\/index.php?rest_route=\/wp\/v2\/posts\/11004\/revisions"}],"predecessor-version":[{"id":14038,"href":"https:\/\/martinemrichard.fr\/blog\/index.php?rest_route=\/wp\/v2\/posts\/11004\/revisions\/14038"}],"wp:attachment":[{"href":"https:\/\/martinemrichard.fr\/blog\/index.php?rest_route=%2Fwp%2Fv2%2Fmedia&parent=11004"}],"wp:term":[{"taxonomy":"category","embeddable":true,"href":"https:\/\/martinemrichard.fr\/blog\/index.php?rest_route=%2Fwp%2Fv2%2Fcategories&post=11004"},{"taxonomy":"post_tag","embeddable":true,"href":"https:\/\/martinemrichard.fr\/blog\/index.php?rest_route=%2Fwp%2Fv2%2Ftags&post=11004"}],"curies":[{"name":"wp","href":"https:\/\/api.w.org\/{rel}","templated":true}]}}