{"id":11059,"date":"2016-03-29T03:27:13","date_gmt":"2016-03-29T02:27:13","guid":{"rendered":"http:\/\/martinemrichard.fr\/blog\/?p=11059"},"modified":"2016-04-03T03:35:30","modified_gmt":"2016-04-03T02:35:30","slug":"la-nuit","status":"publish","type":"post","link":"https:\/\/martinemrichard.fr\/blog\/?p=11059","title":{"rendered":"La nuit"},"content":{"rendered":"<p>Pour l&rsquo;Herbier de po\u00e9sie n\u00b039 d&rsquo;Adamante, <a href=\"http:\/\/imagesreves.blogspot.fr\/2016\/03\/lherbier-proposition-39.html\"><span style=\"color: #0000ff;\"><strong>ICI<\/strong><\/span><\/a>,\u00a0 sur sa r\u00e9cr\u00e9anote, voici ma participation:<\/p>\n<p><img loading=\"lazy\" decoding=\"async\" src=\"https:\/\/3.bp.blogspot.com\/-tN6pZ-aMaIM\/VvLt7alRSjI\/AAAAAAAAHCU\/iFgZZkx4KvEpZKBX5YqW0K4avwBT_lG1w\/s640\/Volcan-w.jpg\" alt=\"\" width=\"640\" height=\"308\" border=\"0\" \/><\/p>\n<p>Nuit meurtrie<br \/>\nNuit fracass\u00e9e<br \/>\nNuit du fant\u00f4me t\u00e9n\u00e9breux<br \/>\nGobant la lune rousse.<\/p>\n<p>Esprit s\u00e9l\u00e9nite<br \/>\nVapeur irr\u00e9elle<br \/>\nTu flottes<br \/>\nImpavide<br \/>\nSur le hors Temps froiss\u00e9<br \/>\nLe r\u00eave outremer<br \/>\nDe mon insomnie&#8230;<\/p>\n<p>.<\/p>\n<p>MMR ( tous droits r\u00e9serv\u00e9s)<\/p>\n<p><span style=\"color: #ff0000;\"><strong>Merci! Merci\u00a0 pour tous vos commentaires auxquels je r\u00e9pondrai d\u00e8s que possible.<\/strong> <\/span><\/p>\n<p>\ud83d\ude09<\/p>\n","protected":false},"excerpt":{"rendered":"<p>Pour l&rsquo;Herbier de po\u00e9sie n\u00b039 d&rsquo;Adamante, ICI,\u00a0 sur sa r\u00e9cr\u00e9anote, voici ma participation: Nuit meurtrie Nuit fracass\u00e9e Nuit du fant\u00f4me t\u00e9n\u00e9breux Gobant la lune rousse. Esprit s\u00e9l\u00e9nite Vapeur irr\u00e9elle Tu flottes Impavide Sur le hors Temps froiss\u00e9 Le r\u00eave outremer De mon insomnie&#8230; . MMR ( tous droits r\u00e9serv\u00e9s) Merci! Merci\u00a0 pour tous vos commentaires [&hellip;]<\/p>\n","protected":false},"author":1,"featured_media":0,"comment_status":"open","ping_status":"open","sticky":false,"template":"","format":"standard","meta":{"footnotes":""},"categories":[900],"tags":[988,901,432,200,134,987,62],"class_list":["post-11059","post","type-post","status-publish","format-standard","hentry","category-lherbier-de-poesie","tag-insomnie","tag-lune","tag-nuit","tag-outremer","tag-poeme","tag-selenite","tag-temps"],"_links":{"self":[{"href":"https:\/\/martinemrichard.fr\/blog\/index.php?rest_route=\/wp\/v2\/posts\/11059","targetHints":{"allow":["GET"]}}],"collection":[{"href":"https:\/\/martinemrichard.fr\/blog\/index.php?rest_route=\/wp\/v2\/posts"}],"about":[{"href":"https:\/\/martinemrichard.fr\/blog\/index.php?rest_route=\/wp\/v2\/types\/post"}],"author":[{"embeddable":true,"href":"https:\/\/martinemrichard.fr\/blog\/index.php?rest_route=\/wp\/v2\/users\/1"}],"replies":[{"embeddable":true,"href":"https:\/\/martinemrichard.fr\/blog\/index.php?rest_route=%2Fwp%2Fv2%2Fcomments&post=11059"}],"version-history":[{"count":6,"href":"https:\/\/martinemrichard.fr\/blog\/index.php?rest_route=\/wp\/v2\/posts\/11059\/revisions"}],"predecessor-version":[{"id":11078,"href":"https:\/\/martinemrichard.fr\/blog\/index.php?rest_route=\/wp\/v2\/posts\/11059\/revisions\/11078"}],"wp:attachment":[{"href":"https:\/\/martinemrichard.fr\/blog\/index.php?rest_route=%2Fwp%2Fv2%2Fmedia&parent=11059"}],"wp:term":[{"taxonomy":"category","embeddable":true,"href":"https:\/\/martinemrichard.fr\/blog\/index.php?rest_route=%2Fwp%2Fv2%2Fcategories&post=11059"},{"taxonomy":"post_tag","embeddable":true,"href":"https:\/\/martinemrichard.fr\/blog\/index.php?rest_route=%2Fwp%2Fv2%2Ftags&post=11059"}],"curies":[{"name":"wp","href":"https:\/\/api.w.org\/{rel}","templated":true}]}}