{"id":11392,"date":"2016-10-09T02:57:41","date_gmt":"2016-10-09T01:57:41","guid":{"rendered":"http:\/\/martinemrichard.fr\/blog\/?p=11392"},"modified":"2016-10-16T03:47:23","modified_gmt":"2016-10-16T02:47:23","slug":"au-soleil-davril","status":"publish","type":"post","link":"https:\/\/martinemrichard.fr\/blog\/?p=11392","title":{"rendered":"Au soleil d&rsquo;avril"},"content":{"rendered":"<p>Au bord du Canal du Midi<img loading=\"lazy\" decoding=\"async\" class=\"alignright size-medium wp-image-11399\" src=\"https:\/\/martinemrichard.fr\/blog\/wp-content\/uploads\/2016\/10\/IMG_3877_v1-300x225.jpg\" alt=\"img_3877_v1\" width=\"300\" height=\"225\" srcset=\"https:\/\/martinemrichard.fr\/blog\/wp-content\/uploads\/2016\/10\/IMG_3877_v1-300x225.jpg 300w, https:\/\/martinemrichard.fr\/blog\/wp-content\/uploads\/2016\/10\/IMG_3877_v1-768x576.jpg 768w, https:\/\/martinemrichard.fr\/blog\/wp-content\/uploads\/2016\/10\/IMG_3877_v1-1024x768.jpg 1024w, https:\/\/martinemrichard.fr\/blog\/wp-content\/uploads\/2016\/10\/IMG_3877_v1.jpg 1339w\" sizes=\"auto, (max-width: 300px) 100vw, 300px\" \/><\/p>\n<p>Mes pas nonchalants se posent sur d&rsquo;autres pas fl\u00e2neurs<\/p>\n<p>Parfois, une p\u00e9niche vient troubler le miroir liquide o\u00f9 se mire un cumulus.<\/p>\n<p>.<\/p>\n<p>Au remous de l&rsquo;eau<\/p>\n<p>Il se brise en mille \u00e9clats<\/p>\n<p>Le nuage<img loading=\"lazy\" decoding=\"async\" class=\"alignright size-large wp-image-11396\" src=\"https:\/\/martinemrichard.fr\/blog\/wp-content\/uploads\/2016\/10\/IMG_3888_v1-768x1024.jpg\" alt=\"img_3888_v1\" width=\"768\" height=\"1024\" srcset=\"https:\/\/martinemrichard.fr\/blog\/wp-content\/uploads\/2016\/10\/IMG_3888_v1-768x1024.jpg 768w, https:\/\/martinemrichard.fr\/blog\/wp-content\/uploads\/2016\/10\/IMG_3888_v1-225x300.jpg 225w, https:\/\/martinemrichard.fr\/blog\/wp-content\/uploads\/2016\/10\/IMG_3888_v1.jpg 1327w\" sizes=\"auto, (max-width: 768px) 100vw, 768px\" \/><\/p>\n<p>.<\/p>\n<p>Les ondes sonores de ce trouble-f\u00eate<\/p>\n<p style=\"text-align: justify;\">Peu \u00e0 peu<\/p>\n<p style=\"text-align: justify;\">Se dissolvent dans le pass\u00e9 proche.<\/p>\n<p style=\"text-align: justify;\">Mon regard se perd<\/p>\n<p style=\"text-align: justify;\">Juste un instant<\/p>\n<p style=\"text-align: justify;\">Au reflet d&rsquo;un souvenir.<\/p>\n<p style=\"text-align: justify;\">Puis<\/p>\n<p style=\"text-align: justify;\">Bon-enfant<\/p>\n<p style=\"text-align: justify;\">Se laisse charmer<\/p>\n<p style=\"text-align: justify;\">Capturer par la vie<\/p>\n<p style=\"text-align: justify;\">Qui bourdonne<\/p>\n<p style=\"text-align: justify;\">Bruisse<\/p>\n<p style=\"text-align: justify;\">Zonzonne avec app\u00e9tit.<\/p>\n<p style=\"text-align: justify;\">Mouches et moucherons<\/p>\n<p style=\"text-align: justify;\">Abeilles domestiques ou sauvages<\/p>\n<p style=\"text-align: justify;\">Col\u00e9opt\u00e8res<\/p>\n<p style=\"text-align: justify;\">Papillons<\/p>\n<p style=\"text-align: justify;\">Vaquent \u00e0 leurs affaires<\/p>\n<p style=\"text-align: justify;\">Ignorants ou indiff\u00e9rents<\/p>\n<p style=\"text-align: justify;\">\u00e0 mon ombre indiscr\u00e8te.<\/p>\n<p style=\"text-align: justify;\">.<\/p>\n<p>Au soleil d&rsquo;avril<\/p>\n<p>Il se vautre dans le pollen<img loading=\"lazy\" decoding=\"async\" class=\"alignright size-medium wp-image-11398\" src=\"https:\/\/martinemrichard.fr\/blog\/wp-content\/uploads\/2016\/10\/IMG_3924_v1-300x278.jpg\" alt=\"img_3924_v1\" width=\"300\" height=\"278\" srcset=\"https:\/\/martinemrichard.fr\/blog\/wp-content\/uploads\/2016\/10\/IMG_3924_v1-300x278.jpg 300w, https:\/\/martinemrichard.fr\/blog\/wp-content\/uploads\/2016\/10\/IMG_3924_v1-768x711.jpg 768w, https:\/\/martinemrichard.fr\/blog\/wp-content\/uploads\/2016\/10\/IMG_3924_v1-1024x948.jpg 1024w, https:\/\/martinemrichard.fr\/blog\/wp-content\/uploads\/2016\/10\/IMG_3924_v1.jpg 1313w\" sizes=\"auto, (max-width: 300px) 100vw, 300px\" \/><\/p>\n<p>Chaparde tout l&rsquo;or possible<\/p>\n<p>Puis file impuni<\/p>\n<p>L&rsquo;insecte vorace<\/p>\n<p>.<\/p>\n<p>Je bois le vent<\/p>\n<p>Ses paroles sucr\u00e9es au parfum des fleurs<\/p>\n<p>Les mots de l&rsquo;eau chuchotant un secret<\/p>\n<p>Confidence constell\u00e9e de diamants \u00e9ph\u00e9m\u00e8res<\/p>\n<p>Aussit\u00f4t d\u00e9rob\u00e9e par un couple de canards kleptomanes.<\/p>\n<p>.<\/p>\n<p>MMR ( tous droits r\u00e9serv\u00e9s)<\/p>\n<p><span style=\"color: #ff0000;\"><strong>Merci beaucoup pour vos visites et commentaires qui font vivre ce blog. Je vous r\u00e9pondrai d\u00e8s que possible.<\/strong><\/span><\/p>\n<p>\ud83d\ude09<\/p>\n<p><img loading=\"lazy\" decoding=\"async\" class=\"alignright size-large wp-image-11394\" src=\"https:\/\/martinemrichard.fr\/blog\/wp-content\/uploads\/2016\/10\/IMG_3905_v1-1024x621.jpg\" alt=\"img_3905_v1\" width=\"1024\" height=\"621\" srcset=\"https:\/\/martinemrichard.fr\/blog\/wp-content\/uploads\/2016\/10\/IMG_3905_v1-1024x621.jpg 1024w, https:\/\/martinemrichard.fr\/blog\/wp-content\/uploads\/2016\/10\/IMG_3905_v1-300x182.jpg 300w, https:\/\/martinemrichard.fr\/blog\/wp-content\/uploads\/2016\/10\/IMG_3905_v1-768x466.jpg 768w, https:\/\/martinemrichard.fr\/blog\/wp-content\/uploads\/2016\/10\/IMG_3905_v1.jpg 2022w\" sizes=\"auto, (max-width: 1024px) 100vw, 1024px\" \/><\/p>\n","protected":false},"excerpt":{"rendered":"<p>Au bord du Canal du Midi Mes pas nonchalants se posent sur d&rsquo;autres pas fl\u00e2neurs Parfois, une p\u00e9niche vient troubler le miroir liquide o\u00f9 se mire un cumulus. . Au remous de l&rsquo;eau Il se brise en mille \u00e9clats Le nuage . Les ondes sonores de ce trouble-f\u00eate Peu \u00e0 peu Se dissolvent dans le [&hellip;]<\/p>\n","protected":false},"author":1,"featured_media":0,"comment_status":"open","ping_status":"open","sticky":false,"template":"","format":"standard","meta":{"footnotes":""},"categories":[35,389],"tags":[145,706,915,21,37,313,345,59,122,62],"class_list":["post-11392","post","type-post","status-publish","format-standard","hentry","category-haikus-haibuns","category-promenades-ici-et-ailleurs","tag-abeille","tag-canal-du-midi","tag-canard","tag-fleurs","tag-haikus","tag-mouche","tag-nuage","tag-or","tag-soleil","tag-temps"],"_links":{"self":[{"href":"https:\/\/martinemrichard.fr\/blog\/index.php?rest_route=\/wp\/v2\/posts\/11392","targetHints":{"allow":["GET"]}}],"collection":[{"href":"https:\/\/martinemrichard.fr\/blog\/index.php?rest_route=\/wp\/v2\/posts"}],"about":[{"href":"https:\/\/martinemrichard.fr\/blog\/index.php?rest_route=\/wp\/v2\/types\/post"}],"author":[{"embeddable":true,"href":"https:\/\/martinemrichard.fr\/blog\/index.php?rest_route=\/wp\/v2\/users\/1"}],"replies":[{"embeddable":true,"href":"https:\/\/martinemrichard.fr\/blog\/index.php?rest_route=%2Fwp%2Fv2%2Fcomments&post=11392"}],"version-history":[{"count":30,"href":"https:\/\/martinemrichard.fr\/blog\/index.php?rest_route=\/wp\/v2\/posts\/11392\/revisions"}],"predecessor-version":[{"id":11442,"href":"https:\/\/martinemrichard.fr\/blog\/index.php?rest_route=\/wp\/v2\/posts\/11392\/revisions\/11442"}],"wp:attachment":[{"href":"https:\/\/martinemrichard.fr\/blog\/index.php?rest_route=%2Fwp%2Fv2%2Fmedia&parent=11392"}],"wp:term":[{"taxonomy":"category","embeddable":true,"href":"https:\/\/martinemrichard.fr\/blog\/index.php?rest_route=%2Fwp%2Fv2%2Fcategories&post=11392"},{"taxonomy":"post_tag","embeddable":true,"href":"https:\/\/martinemrichard.fr\/blog\/index.php?rest_route=%2Fwp%2Fv2%2Ftags&post=11392"}],"curies":[{"name":"wp","href":"https:\/\/api.w.org\/{rel}","templated":true}]}}