{"id":11566,"date":"2016-11-18T01:34:15","date_gmt":"2016-11-18T00:34:15","guid":{"rendered":"http:\/\/martinemrichard.fr\/blog\/?p=11566"},"modified":"2016-11-20T06:36:49","modified_gmt":"2016-11-20T05:36:49","slug":"lavande","status":"publish","type":"post","link":"https:\/\/martinemrichard.fr\/blog\/?p=11566","title":{"rendered":"Lavande"},"content":{"rendered":"<p>Pour l&rsquo;Herbier de po\u00e9sie, <a href=\"https:\/\/imagesreves.blogspot.fr\/\"><span style=\"color: #0000ff;\"><strong>ICI<\/strong><\/span><\/a>,\u00a0 Adamante nous propose d&rsquo;\u00e9crire en nous inspirant d&rsquo;une \u0153uvre de <a href=\"http:\/\/leblogdelavieillemarmotte.over-blog.com\/\"><span style=\"color: #0000ff;\"><strong>Fran\u00e7oise Isabel.<\/strong><\/span><\/a> N&rsquo;ayant pu r\u00e9cup\u00e9rer cette image dans mon\u00a0 T\u00e9l\u00e9chargement,\u00a0 voici une de mes photos avec du mauve, couleur tr\u00e8s pr\u00e9sente dans sa peinture. <img loading=\"lazy\" decoding=\"async\" class=\"alignright size-large wp-image-11567\" src=\"https:\/\/martinemrichard.fr\/blog\/wp-content\/uploads\/2016\/11\/img_1306_v1-1024x768.jpg\" alt=\"img_1306_v1\" width=\"1024\" height=\"768\" srcset=\"https:\/\/martinemrichard.fr\/blog\/wp-content\/uploads\/2016\/11\/img_1306_v1-1024x768.jpg 1024w, https:\/\/martinemrichard.fr\/blog\/wp-content\/uploads\/2016\/11\/img_1306_v1-300x225.jpg 300w, https:\/\/martinemrichard.fr\/blog\/wp-content\/uploads\/2016\/11\/img_1306_v1-768x576.jpg 768w, https:\/\/martinemrichard.fr\/blog\/wp-content\/uploads\/2016\/11\/img_1306_v1.jpg 1796w\" sizes=\"auto, (max-width: 1024px) 100vw, 1024px\" \/><\/p>\n<p>.<\/p>\n<p>Au vent des r\u00eaves flous,<\/p>\n<p>Essence au go\u00fbt lavande,<\/p>\n<p>Tu berces mon \u00e2me<\/p>\n<p>Entre tes bras lumi\u00e8re.<\/p>\n<p>Je flotte , brume parme,<\/p>\n<p>Sous un ciel de cigales,<\/p>\n<p>Humant la joie dansante<\/p>\n<p>Aux notes estivales&#8230;<\/p>\n<p>.<\/p>\n<p>MMR ( tous droits r\u00e9serv\u00e9s)<\/p>\n<p><span style=\"color: #ff0000;\"><strong>Merci pour les visites et vos commentaires que je d\u00e9couvre avec un immense plaisir.<\/strong><\/span><\/p>\n","protected":false},"excerpt":{"rendered":"<p>Pour l&rsquo;Herbier de po\u00e9sie, ICI,\u00a0 Adamante nous propose d&rsquo;\u00e9crire en nous inspirant d&rsquo;une \u0153uvre de Fran\u00e7oise Isabel. N&rsquo;ayant pu r\u00e9cup\u00e9rer cette image dans mon\u00a0 T\u00e9l\u00e9chargement,\u00a0 voici une de mes photos avec du mauve, couleur tr\u00e8s pr\u00e9sente dans sa peinture. . Au vent des r\u00eaves flous, Essence au go\u00fbt lavande, Tu berces mon \u00e2me Entre tes [&hellip;]<\/p>\n","protected":false},"author":1,"featured_media":0,"comment_status":"open","ping_status":"open","sticky":false,"template":"","format":"standard","meta":{"footnotes":""},"categories":[900],"tags":[533,160,1007,466,360,134],"class_list":["post-11566","post","type-post","status-publish","format-standard","hentry","category-lherbier-de-poesie","tag-cigale","tag-ete","tag-lavande","tag-lumiere","tag-parme","tag-poeme"],"_links":{"self":[{"href":"https:\/\/martinemrichard.fr\/blog\/index.php?rest_route=\/wp\/v2\/posts\/11566","targetHints":{"allow":["GET"]}}],"collection":[{"href":"https:\/\/martinemrichard.fr\/blog\/index.php?rest_route=\/wp\/v2\/posts"}],"about":[{"href":"https:\/\/martinemrichard.fr\/blog\/index.php?rest_route=\/wp\/v2\/types\/post"}],"author":[{"embeddable":true,"href":"https:\/\/martinemrichard.fr\/blog\/index.php?rest_route=\/wp\/v2\/users\/1"}],"replies":[{"embeddable":true,"href":"https:\/\/martinemrichard.fr\/blog\/index.php?rest_route=%2Fwp%2Fv2%2Fcomments&post=11566"}],"version-history":[{"count":7,"href":"https:\/\/martinemrichard.fr\/blog\/index.php?rest_route=\/wp\/v2\/posts\/11566\/revisions"}],"predecessor-version":[{"id":11612,"href":"https:\/\/martinemrichard.fr\/blog\/index.php?rest_route=\/wp\/v2\/posts\/11566\/revisions\/11612"}],"wp:attachment":[{"href":"https:\/\/martinemrichard.fr\/blog\/index.php?rest_route=%2Fwp%2Fv2%2Fmedia&parent=11566"}],"wp:term":[{"taxonomy":"category","embeddable":true,"href":"https:\/\/martinemrichard.fr\/blog\/index.php?rest_route=%2Fwp%2Fv2%2Fcategories&post=11566"},{"taxonomy":"post_tag","embeddable":true,"href":"https:\/\/martinemrichard.fr\/blog\/index.php?rest_route=%2Fwp%2Fv2%2Ftags&post=11566"}],"curies":[{"name":"wp","href":"https:\/\/api.w.org\/{rel}","templated":true}]}}