{"id":1164,"date":"2011-01-19T07:17:35","date_gmt":"2011-01-19T05:17:35","guid":{"rendered":"http:\/\/martinemrichard.fr\/blog\/?p=1164"},"modified":"2011-05-17T07:33:23","modified_gmt":"2011-05-17T05:33:23","slug":"lorage","status":"publish","type":"post","link":"https:\/\/martinemrichard.fr\/blog\/?p=1164","title":{"rendered":"L\u2019orage"},"content":{"rendered":"<p style=\"text-align: justify;\">Qu&rsquo;importe les gouttes<\/p>\n<p style=\"text-align: justify;\"><a href=\"https:\/\/martinemrichard.fr\/blog\/wp-content\/uploads\/2011\/01\/orage.jpg\"><img loading=\"lazy\" decoding=\"async\" class=\"alignright size-medium wp-image-1165\" title=\"orage\" src=\"https:\/\/martinemrichard.fr\/blog\/wp-content\/uploads\/2011\/01\/orage-300x225.jpg\" alt=\"\" width=\"300\" height=\"225\" srcset=\"https:\/\/martinemrichard.fr\/blog\/wp-content\/uploads\/2011\/01\/orage-300x225.jpg 300w, https:\/\/martinemrichard.fr\/blog\/wp-content\/uploads\/2011\/01\/orage-1024x768.jpg 1024w\" sizes=\"auto, (max-width: 300px) 100vw, 300px\" \/><\/a>Le vent qui s&rsquo;invite \u00e0 l&rsquo;intime du col,<\/p>\n<p style=\"text-align: justify;\">Sortir!<\/p>\n<p style=\"text-align: justify;\">Respirer!<\/p>\n<p style=\"text-align: justify;\">A\u00e9rer sa t\u00eate, ses poumons, ses yeux, sa m\u00e9moire&#8230;.<\/p>\n<p style=\"text-align: justify;\">Au loin, grondait l&rsquo;orage. Un v\u00e9ritable d\u00e9luge s&rsquo;abattait sur la Dune du Pyla. Le spectacle \u00e9tait magnifique&#8230;. du c\u00f4t\u00e9 Cap Ferret. \ud83d\ude42\u00a0 Finalement, il nous a d\u00e9daign\u00e9, nous pr\u00e9f\u00e9rant Arcachon; sans doute aussi la Teste, Andernos et qui sait&#8230; plus au Nord, Bordeaux.<\/p>\n<p style=\"text-align: justify;\">Une belle balade au rythme de l&rsquo;\u00e9meraude caressant, inlassable, le dor\u00e9 sous nos pas &#8230;. Quelques fl\u00e8ches \u00e9clatantes piquaient parfois la cr\u00eate des vagues,\u00a0 remontaient alourdies d&rsquo;argent fr\u00e9tillant&#8230;<\/p>\n<p style=\"text-align: justify;\">Une nacre, bijou fragile au creux de ma paume&#8230; souvenir iod\u00e9&#8230;.<\/p>\n<p style=\"text-align: justify;\">Mon nom sur le sable a grav\u00e9 l&rsquo;\u00e9ternit\u00e9 de quelques secondes&#8230;.<\/p>\n<p style=\"text-align: justify;\">.<\/p>\n<p style=\"text-align: justify;\">MMR ( tous droits r\u00e9serv\u00e9s)<\/p>\n","protected":false},"excerpt":{"rendered":"<p>Qu&rsquo;importe les gouttes Le vent qui s&rsquo;invite \u00e0 l&rsquo;intime du col, Sortir! Respirer! A\u00e9rer sa t\u00eate, ses poumons, ses yeux, sa m\u00e9moire&#8230;. Au loin, grondait l&rsquo;orage. Un v\u00e9ritable d\u00e9luge s&rsquo;abattait sur la Dune du Pyla. Le spectacle \u00e9tait magnifique&#8230;. du c\u00f4t\u00e9 Cap Ferret. \ud83d\ude42\u00a0 Finalement, il nous a d\u00e9daign\u00e9, nous pr\u00e9f\u00e9rant Arcachon; sans doute aussi [&hellip;]<\/p>\n","protected":false},"author":1,"featured_media":0,"comment_status":"open","ping_status":"open","sticky":false,"template":"","format":"standard","meta":{"footnotes":""},"categories":[70],"tags":[],"class_list":["post-1164","post","type-post","status-publish","format-standard","hentry","category-ocean-et-bassin-darcachon"],"_links":{"self":[{"href":"https:\/\/martinemrichard.fr\/blog\/index.php?rest_route=\/wp\/v2\/posts\/1164","targetHints":{"allow":["GET"]}}],"collection":[{"href":"https:\/\/martinemrichard.fr\/blog\/index.php?rest_route=\/wp\/v2\/posts"}],"about":[{"href":"https:\/\/martinemrichard.fr\/blog\/index.php?rest_route=\/wp\/v2\/types\/post"}],"author":[{"embeddable":true,"href":"https:\/\/martinemrichard.fr\/blog\/index.php?rest_route=\/wp\/v2\/users\/1"}],"replies":[{"embeddable":true,"href":"https:\/\/martinemrichard.fr\/blog\/index.php?rest_route=%2Fwp%2Fv2%2Fcomments&post=1164"}],"version-history":[{"count":2,"href":"https:\/\/martinemrichard.fr\/blog\/index.php?rest_route=\/wp\/v2\/posts\/1164\/revisions"}],"predecessor-version":[{"id":1595,"href":"https:\/\/martinemrichard.fr\/blog\/index.php?rest_route=\/wp\/v2\/posts\/1164\/revisions\/1595"}],"wp:attachment":[{"href":"https:\/\/martinemrichard.fr\/blog\/index.php?rest_route=%2Fwp%2Fv2%2Fmedia&parent=1164"}],"wp:term":[{"taxonomy":"category","embeddable":true,"href":"https:\/\/martinemrichard.fr\/blog\/index.php?rest_route=%2Fwp%2Fv2%2Fcategories&post=1164"},{"taxonomy":"post_tag","embeddable":true,"href":"https:\/\/martinemrichard.fr\/blog\/index.php?rest_route=%2Fwp%2Fv2%2Ftags&post=1164"}],"curies":[{"name":"wp","href":"https:\/\/api.w.org\/{rel}","templated":true}]}}