{"id":11866,"date":"2017-03-08T06:38:01","date_gmt":"2017-03-08T05:38:01","guid":{"rendered":"http:\/\/martinemrichard.fr\/blog\/?p=11866"},"modified":"2017-03-08T06:38:01","modified_gmt":"2017-03-08T05:38:01","slug":"cadeaux-au-fil-des-commentaires-9","status":"publish","type":"post","link":"https:\/\/martinemrichard.fr\/blog\/?p=11866","title":{"rendered":"cadeaux au fil des commentaires"},"content":{"rendered":"<p><a href=\"http:\/\/plumoboudesdoigts.fr\/\"><strong><span style=\"color: #0000ff;\">Evajoe<\/span><\/strong><img loading=\"lazy\" decoding=\"async\" class=\"alignright size-medium wp-image-11867\" src=\"https:\/\/martinemrichard.fr\/blog\/wp-content\/uploads\/2017\/01\/Formes-1-300x169.jpg\" alt=\"\" width=\"300\" height=\"169\" srcset=\"https:\/\/martinemrichard.fr\/blog\/wp-content\/uploads\/2017\/01\/Formes-1-300x169.jpg 300w, https:\/\/martinemrichard.fr\/blog\/wp-content\/uploads\/2017\/01\/Formes-1.jpg 640w\" sizes=\"auto, (max-width: 300px) 100vw, 300px\" \/><\/a><\/p>\n<p>Le lapin d\u2019Alice goguenard<\/p>\n<p>Vit Minet d\u00e9confit<\/p>\n<p>Bon prince lui sourit,<\/p>\n<p>Tourneboule<\/p>\n<p>Boule de flipper<\/p>\n<p>Minet s\u2019\u00e9tala parterre!<\/p>\n<p>.<\/p>\n<p><a href=\"http:\/\/emprises-de-brises.over-blog.com\/\"><strong><span style=\"color: #0000ff;\">Marine D<\/span><\/strong><\/a><\/p>\n<p>Le chat est \u00e0 l\u2019envers<br \/>\nLa maille est \u00e0 l\u2019endroit<br \/>\nUne sph\u00e8re cosmique<br \/>\nPointe la queue du chat<br \/>\nLa papatte indique<br \/>\nLe sens de l\u2019univers<br \/>\nJ\u2019ai perdu mes rep\u00e8res<img loading=\"lazy\" decoding=\"async\" class=\"alignright size-medium wp-image-11867\" src=\"https:\/\/martinemrichard.fr\/blog\/wp-content\/uploads\/2017\/01\/Formes-1-300x169.jpg\" alt=\"\" width=\"300\" height=\"169\" srcset=\"https:\/\/martinemrichard.fr\/blog\/wp-content\/uploads\/2017\/01\/Formes-1-300x169.jpg 300w, https:\/\/martinemrichard.fr\/blog\/wp-content\/uploads\/2017\/01\/Formes-1.jpg 640w\" sizes=\"auto, (max-width: 300px) 100vw, 300px\" \/><br \/>\nMa raison et le reste\u00a0!<\/p>\n<p>.<\/p>\n<p><span style=\"color: #0000ff;\"><strong>Claudie<\/strong><\/span> ( sans blog)<\/p>\n<p>Tourneboule le temps<br \/>\nsous nuit mal lun\u00e9e<br \/>\n-le chat en perd la boule<\/p>\n<p>.<img loading=\"lazy\" decoding=\"async\" class=\"alignright size-medium wp-image-11540\" src=\"https:\/\/martinemrichard.fr\/blog\/wp-content\/uploads\/2016\/11\/IMG_0875_v1-300x220.jpg\" alt=\"\" width=\"300\" height=\"220\" srcset=\"https:\/\/martinemrichard.fr\/blog\/wp-content\/uploads\/2016\/11\/IMG_0875_v1-300x220.jpg 300w, https:\/\/martinemrichard.fr\/blog\/wp-content\/uploads\/2016\/11\/IMG_0875_v1-768x564.jpg 768w, https:\/\/martinemrichard.fr\/blog\/wp-content\/uploads\/2016\/11\/IMG_0875_v1-1024x752.jpg 1024w, https:\/\/martinemrichard.fr\/blog\/wp-content\/uploads\/2016\/11\/IMG_0875_v1.jpg 2012w\" sizes=\"auto, (max-width: 300px) 100vw, 300px\" \/><\/p>\n<p><a href=\"http:\/\/jill-bill.eklablog.com\/\"><span style=\"color: #0000ff;\"><strong>Jill bill<\/strong><\/span><\/a><\/p>\n<p>Chardon lavande<br \/>\nsi mal aim\u00e9 des humains<br \/>\nCantine \u00e0 insectes<\/p>\n<p>.<\/p>\n<p><a href=\"http:\/\/lacachetteajosette.blogspot.fr\/\"><span style=\"color: #0000ff;\"><strong>Josette<\/strong><\/span><\/a><\/p>\n<p>Chardon g\u00e9n\u00e9reux<br \/>\nle cirse source de vie<img loading=\"lazy\" decoding=\"async\" class=\"alignright size-medium wp-image-11563\" src=\"https:\/\/martinemrichard.fr\/blog\/wp-content\/uploads\/2016\/11\/IMG_9757_v1-1-300x204.jpg\" alt=\"\" width=\"300\" height=\"204\" srcset=\"https:\/\/martinemrichard.fr\/blog\/wp-content\/uploads\/2016\/11\/IMG_9757_v1-1-300x204.jpg 300w, https:\/\/martinemrichard.fr\/blog\/wp-content\/uploads\/2016\/11\/IMG_9757_v1-1-768x523.jpg 768w, https:\/\/martinemrichard.fr\/blog\/wp-content\/uploads\/2016\/11\/IMG_9757_v1-1-1024x698.jpg 1024w\" sizes=\"auto, (max-width: 300px) 100vw, 300px\" \/><br \/>\ns\u2019\u00e9panouit chez toi<\/p>\n<p>.<\/p>\n<p><a href=\"http:\/\/emprises-de-brises.over-blog.com\/\"><span style=\"color: #0000ff;\"><strong>Marine D<\/strong><\/span><\/a><\/p>\n<p>Chardon lanc\u00e9ol\u00e9<br \/>\nv\u00eatu de sa modestie<br \/>\nr\u00e9jouit les gu\u00eapes<\/p>\n<p>.<\/p>\n<p><span style=\"color: #0000ff;\"><strong>Marine D<\/strong><\/span><\/p>\n<p>Au son des cigales<br \/>\nla Provence nous est donn\u00e9e<br \/>\nlavande fusion<\/p>\n<p>.<\/p>\n<p><a href=\"http:\/\/balaline.eklablog.com\/\"><strong><span style=\"color: #0000ff;\">Balaline<\/span><\/strong><\/a><img loading=\"lazy\" decoding=\"async\" class=\"alignright size-medium wp-image-11567\" src=\"https:\/\/martinemrichard.fr\/blog\/wp-content\/uploads\/2016\/11\/img_1306_v1-300x225.jpg\" alt=\"\" width=\"300\" height=\"225\" srcset=\"https:\/\/martinemrichard.fr\/blog\/wp-content\/uploads\/2016\/11\/img_1306_v1-300x225.jpg 300w, https:\/\/martinemrichard.fr\/blog\/wp-content\/uploads\/2016\/11\/img_1306_v1-768x576.jpg 768w, https:\/\/martinemrichard.fr\/blog\/wp-content\/uploads\/2016\/11\/img_1306_v1-1024x768.jpg 1024w, https:\/\/martinemrichard.fr\/blog\/wp-content\/uploads\/2016\/11\/img_1306_v1.jpg 1796w\" sizes=\"auto, (max-width: 300px) 100vw, 300px\" \/><\/p>\n<p>Festival de l\u2019\u00e9t\u00e9<br \/>\nl\u2019on stridule<br \/>\nl\u2019on danse<br \/>\ndans tes bouquets de parme<br \/>\nJ\u2019en r\u00eave !<\/p>\n<p>.<\/p>\n<p><a href=\"http:\/\/golondrina63auv.canalblog.com\/\"><strong><span style=\"color: #0000ff;\">Rose 63<\/span><\/strong><\/a><\/p>\n<p>L\u2019or bleu parfume mon jardin<br \/>\nle m\u00e9tamorphosant en agr\u00e9able table d\u2019h\u00f4te<br \/>\nTes fleurs odorantes attirent chaque jour tes amies<br \/>\nLes papillons, Les abeilles\u2026<br \/>\nVigueur et cohabitation sont le lot de chaque instant<img loading=\"lazy\" decoding=\"async\" class=\"alignright size-medium wp-image-9895\" src=\"https:\/\/martinemrichard.fr\/blog\/wp-content\/uploads\/2015\/06\/IMG_5007_v11-300x240.jpg\" alt=\"\" width=\"300\" height=\"240\" srcset=\"https:\/\/martinemrichard.fr\/blog\/wp-content\/uploads\/2015\/06\/IMG_5007_v11-300x240.jpg 300w, https:\/\/martinemrichard.fr\/blog\/wp-content\/uploads\/2015\/06\/IMG_5007_v11-1024x819.jpg 1024w, https:\/\/martinemrichard.fr\/blog\/wp-content\/uploads\/2015\/06\/IMG_5007_v11.jpg 1642w\" sizes=\"auto, (max-width: 300px) 100vw, 300px\" \/><br \/>\nContemplative je le suis du lever au coucher du soleil<br \/>\nNi le vrombissement d\u2019un gros avion survolant ne les perturbe<br \/>\nDans cette atmosph\u00e8re de pl\u00e9nitude, je profite \u2026<br \/>\nEt non , m\u00eame en sachets<br \/>\nAu fond de mes armoires, ta vie ne sera pas si rude !<br \/>\nMerci \u00e0 toi lavande d\u2019embaumer mon jardin<br \/>\nEt ma maison \u2026<\/p>\n<p>.<\/p>\n<p><span style=\"color: #0000ff;\"><strong><a href=\"http:\/\/emprises-de-brises.over-blog.com\/\">Marine D<\/a><img loading=\"lazy\" decoding=\"async\" class=\"alignright size-medium wp-image-11582\" src=\"https:\/\/martinemrichard.fr\/blog\/wp-content\/uploads\/2016\/11\/IMG_5513_v1-225x300.jpg\" alt=\"\" width=\"225\" height=\"300\" srcset=\"https:\/\/martinemrichard.fr\/blog\/wp-content\/uploads\/2016\/11\/IMG_5513_v1-225x300.jpg 225w, https:\/\/martinemrichard.fr\/blog\/wp-content\/uploads\/2016\/11\/IMG_5513_v1-768x1024.jpg 768w, https:\/\/martinemrichard.fr\/blog\/wp-content\/uploads\/2016\/11\/IMG_5513_v1.jpg 1651w\" sizes=\"auto, (max-width: 225px) 100vw, 225px\" \/><\/strong><\/span><\/p>\n<p>Les arbousiers regorgent<br \/>\nde sucs et de visiteurs<br \/>\nfleurs et fruits<br \/>\nen m\u00eame temps<br \/>\nriche arri\u00e8re saison<\/p>\n<p>.<\/p>\n<p><a href=\"http:\/\/balaline.eklablog.com\/\"><span style=\"color: #0000ff;\"><strong>Balaline<\/strong><\/span><\/a><\/p>\n<p>Entre deux gouttes de pluie<br \/>\nles couleurs se r\u00e9v\u00e8lent<br \/>\nUn trait d\u2019or sur les fleurs<br \/>\nla danse des jardins<img loading=\"lazy\" decoding=\"async\" class=\"alignright size-medium wp-image-11590\" src=\"https:\/\/martinemrichard.fr\/blog\/wp-content\/uploads\/2016\/11\/IMG_5516_v1-300x259.jpg\" alt=\"\" width=\"300\" height=\"259\" srcset=\"https:\/\/martinemrichard.fr\/blog\/wp-content\/uploads\/2016\/11\/IMG_5516_v1-300x259.jpg 300w, https:\/\/martinemrichard.fr\/blog\/wp-content\/uploads\/2016\/11\/IMG_5516_v1-768x663.jpg 768w, https:\/\/martinemrichard.fr\/blog\/wp-content\/uploads\/2016\/11\/IMG_5516_v1-1024x884.jpg 1024w\" sizes=\"auto, (max-width: 300px) 100vw, 300px\" \/><br \/>\nqui s\u2019accrochent \u00e0 la vie<\/p>\n<p>.<\/p>\n<p><span style=\"color: #0000ff;\"><strong>Claudie<\/strong><\/span> ( sans blog)<\/p>\n<p>Festival de l\u2019automne<br \/>\naux jupons tzigane<br \/>\nTu as bien des fans!<br \/>\nAr\u00f4mes, tu mitonnes<br \/>\njuteux et excitant<br \/>\npour les gros bourdons<br \/>\nc\u2019est une vrai manne!<br \/>\nLe suc des arbousiers<img loading=\"lazy\" decoding=\"async\" class=\"alignright size-medium wp-image-11580\" src=\"https:\/\/martinemrichard.fr\/blog\/wp-content\/uploads\/2016\/11\/IMG_5501_v1-225x300.jpg\" alt=\"\" width=\"225\" height=\"300\" srcset=\"https:\/\/martinemrichard.fr\/blog\/wp-content\/uploads\/2016\/11\/IMG_5501_v1-225x300.jpg 225w, https:\/\/martinemrichard.fr\/blog\/wp-content\/uploads\/2016\/11\/IMG_5501_v1-768x1024.jpg 768w, https:\/\/martinemrichard.fr\/blog\/wp-content\/uploads\/2016\/11\/IMG_5501_v1.jpg 1327w\" sizes=\"auto, (max-width: 225px) 100vw, 225px\" \/><br \/>\navis aux p\u00e2tissiers<br \/>\npeut devenir confit<br \/>\naux couleurs de l\u2019automne!<\/p>\n<p>.<\/p>\n<p><a href=\"http:\/\/jardin-des-mots.eklablog.com\/\"><span style=\"color: #0000ff;\"><strong>ABC<\/strong><\/span><\/a><\/p>\n<p>L\u2019automne tombe en feuilles<br \/>\nl\u2019automne tombe en pluie<br \/>\net quand revient le soleil<br \/>\nl\u2019automne n\u2019offre que des merveilles !<\/p>\n<p>.<\/p>\n<p><a href=\"http:\/\/golondrina63auv.canalblog.com\/\"><span style=\"color: #0000ff;\"><strong>Rose 63<\/strong><\/span><\/a><\/p>\n<p>L\u2019absence \u2026<br \/>\nC\u2019est son silence qui fait mal<br \/>\nLa vie fait que l\u2019habitude<br \/>\nPrend le relais \u2026\u2026\u2026<br \/>\nLes saisons passent<br \/>\nLes mots font parler les couleurs<img loading=\"lazy\" decoding=\"async\" class=\"alignright size-medium wp-image-11618\" src=\"https:\/\/martinemrichard.fr\/blog\/wp-content\/uploads\/2016\/11\/annick-chelus-300x241.jpg\" alt=\"\" width=\"300\" height=\"241\" srcset=\"https:\/\/martinemrichard.fr\/blog\/wp-content\/uploads\/2016\/11\/annick-chelus-300x241.jpg 300w, https:\/\/martinemrichard.fr\/blog\/wp-content\/uploads\/2016\/11\/annick-chelus.jpg 640w\" sizes=\"auto, (max-width: 300px) 100vw, 300px\" \/><br \/>\nLes couleurs dansent<br \/>\nDans la t\u00eate des lecteurs<\/p>\n<p>.<\/p>\n<p><a href=\"http:\/\/eldorad-oc.midiblogs.com\/\"><span style=\"color: #0000ff;\"><strong>Ulysse<\/strong><\/span><\/a><\/p>\n<p>Le temps s\u2019est noy\u00e9 \u2026<br \/>\npropagez la nouvelle<br \/>\nNous sommes immortels<\/p>\n<p>.<\/p>\n<p><span style=\"color: #0000ff;\"><strong>Sylviane<\/strong> <\/span>( sans blog)<\/p>\n<p>\u00e0 l\u2019angle de l\u2019image,<br \/>\nl\u00e9g\u00e8re et bleue,<br \/>\ndemoiselle survole<br \/>\nune flaque de ciel.<\/p>\n<p>.<img loading=\"lazy\" decoding=\"async\" class=\"alignright size-medium wp-image-11645\" src=\"https:\/\/martinemrichard.fr\/blog\/wp-content\/uploads\/2016\/11\/IMG_4670_v1-1-251x300.jpg\" alt=\"\" width=\"251\" height=\"300\" srcset=\"https:\/\/martinemrichard.fr\/blog\/wp-content\/uploads\/2016\/11\/IMG_4670_v1-1-251x300.jpg 251w, https:\/\/martinemrichard.fr\/blog\/wp-content\/uploads\/2016\/11\/IMG_4670_v1-1-768x917.jpg 768w, https:\/\/martinemrichard.fr\/blog\/wp-content\/uploads\/2016\/11\/IMG_4670_v1-1-858x1024.jpg 858w, https:\/\/martinemrichard.fr\/blog\/wp-content\/uploads\/2016\/11\/IMG_4670_v1-1.jpg 1068w\" sizes=\"auto, (max-width: 251px) 100vw, 251px\" \/><\/p>\n<p><a href=\"http:\/\/emprises-de-brises.over-blog.com\/\"><span style=\"color: #0000ff;\"><strong>Marine D<\/strong><\/span><\/a><\/p>\n<p>Limace orang\u00e9e<\/p>\n<p>Parmi les champignons<\/p>\n<p>A fait sa r\u00e9colte<\/p>\n<p>.<\/p>\n<p><a href=\"http:\/\/jardin-des-mots.eklablog.com\/\"><strong><span style=\"color: #0000ff;\">ABC<\/span><\/strong><\/a><\/p>\n<p>Ils sont les rois des temps gris<br \/>\net les amis des tous petits\u2026<br \/>\nIls filent sur leur bave<br \/>\ntraces de leur passage<br \/>\nIls se coagulent en famille<br \/>\naupr\u00e8s des murs et des grilles<img loading=\"lazy\" decoding=\"async\" class=\"alignright size-medium wp-image-11629\" src=\"https:\/\/martinemrichard.fr\/blog\/wp-content\/uploads\/2016\/11\/IMG_4861_v1-271x300.jpg\" alt=\"\" width=\"271\" height=\"300\" srcset=\"https:\/\/martinemrichard.fr\/blog\/wp-content\/uploads\/2016\/11\/IMG_4861_v1-271x300.jpg 271w, https:\/\/martinemrichard.fr\/blog\/wp-content\/uploads\/2016\/11\/IMG_4861_v1-768x852.jpg 768w, https:\/\/martinemrichard.fr\/blog\/wp-content\/uploads\/2016\/11\/IMG_4861_v1-923x1024.jpg 923w, https:\/\/martinemrichard.fr\/blog\/wp-content\/uploads\/2016\/11\/IMG_4861_v1.jpg 1166w\" sizes=\"auto, (max-width: 271px) 100vw, 271px\" \/><br \/>\nIls sont la peste des jardiniers<br \/>\net font recette chez le cuisinier<\/p>\n<p>Ils ne peuvent pas plaire \u00e0 tout le monde,<br \/>\ncela ne les emp\u00eache pas de faire leur ronde\u2026<\/p>\n<p>.<\/p>\n<p><span style=\"color: #0000ff;\"><strong>Sylviane\u00a0<\/strong><\/span> ( sans blog)<\/p>\n<p>Rappel de jours pluvieux dans les C\u00f4tes d\u2019Armor.<br \/>\n\u2026 Au lieu de les d\u00e9truire je m\u2019\u00e9tais fabriqu\u00e9<br \/>\nun enclos pour les \u00e9lever. Sauf que c\u2019\u00e9tait en<br \/>\n1976, ann\u00e9e de canicule. Impossible de les sauver.<br \/>\nPlus tard, \u00e0 Nantes, j\u2019organisais des courses sur<br \/>\nma table de cuisine jonch\u00e9e d\u2019obstacles et de<br \/>\nfeuilles de salade. Le petit dont je m\u2019occupais<br \/>\ncalmait aussit\u00f4t ses col\u00e8res !<\/p>\n<p>De l\u2019utilit\u00e9 des escargots !<img loading=\"lazy\" decoding=\"async\" class=\"alignright size-medium wp-image-11639\" src=\"https:\/\/martinemrichard.fr\/blog\/wp-content\/uploads\/2016\/11\/IMG_0081_v1-300x225.jpg\" alt=\"\" width=\"300\" height=\"225\" srcset=\"https:\/\/martinemrichard.fr\/blog\/wp-content\/uploads\/2016\/11\/IMG_0081_v1-300x225.jpg 300w, https:\/\/martinemrichard.fr\/blog\/wp-content\/uploads\/2016\/11\/IMG_0081_v1-768x577.jpg 768w, https:\/\/martinemrichard.fr\/blog\/wp-content\/uploads\/2016\/11\/IMG_0081_v1-1024x769.jpg 1024w, https:\/\/martinemrichard.fr\/blog\/wp-content\/uploads\/2016\/11\/IMG_0081_v1.jpg 1444w\" sizes=\"auto, (max-width: 300px) 100vw, 300px\" \/><\/p>\n<p>.<\/p>\n<p><span style=\"color: #0000ff;\"><strong>Claudie<\/strong> <\/span>( sans blog)<\/p>\n<p>Antennes dress\u00e9es<br \/>\nA quoi r\u00eave l\u2019escargot?<br \/>\nAu fa\u00eete des arbres<\/p>\n<p>S\u2019il pouvait \u00eatre un oiseau<br \/>\nIl s\u2019en ferait une f\u00eate!<\/p>\n<p>.<\/p>\n<p>Bain moussant floral-<img loading=\"lazy\" decoding=\"async\" class=\"alignright size-medium wp-image-11634\" src=\"https:\/\/martinemrichard.fr\/blog\/wp-content\/uploads\/2016\/11\/IMG_0578_v1-300x195.jpg\" alt=\"\" width=\"300\" height=\"195\" srcset=\"https:\/\/martinemrichard.fr\/blog\/wp-content\/uploads\/2016\/11\/IMG_0578_v1-300x195.jpg 300w, https:\/\/martinemrichard.fr\/blog\/wp-content\/uploads\/2016\/11\/IMG_0578_v1-768x499.jpg 768w, https:\/\/martinemrichard.fr\/blog\/wp-content\/uploads\/2016\/11\/IMG_0578_v1-1024x666.jpg 1024w, https:\/\/martinemrichard.fr\/blog\/wp-content\/uploads\/2016\/11\/IMG_0578_v1.jpg 1058w\" sizes=\"auto, (max-width: 300px) 100vw, 300px\" \/><br \/>\nlambinant dans sa bave<br \/>\nun escargot heureux<\/p>\n<p>.<\/p>\n<p><a href=\"http:\/\/franchouette.eklablog.com\/\"><strong><span style=\"color: #0000ff;\">D\u00e9lires<\/span><\/strong><\/a><\/p>\n<p>Pas de fantaisie dans mon jardin\u2026 Tous des \u00ab\u00a0petits gris\u00a0\u00bb.<br \/>\nMais, dans mon jeune temps, nous aimions chercher des escargots chez ma grand-m\u00e8re. Mes cousins et moi les mettions en haut de l\u2019escalier, tu sais, c\u00f4t\u00e9 \u00ab\u00a0rue des 7 Iles\u00a0\u00bb. Un peu d\u2019eau pour faciliter la circulation, et nous suivions avec attention la descente de son ou ses \u00ab\u00a0poulains\u00a0\u00bb. Et hourra pour le gagnant.<br \/>\nIl y avait plusieurs \u00ab\u00a0dossards\u00a0\u00bb, la haie \u00e9tait un havre de paix pour plusieurs familles de gast\u00e9ropodes &#x1f609;<br \/>\nMais pas d&rsquo; escargots \u00e0 \u00e9pines.<\/p>\n<p>.<img loading=\"lazy\" decoding=\"async\" class=\"alignright size-medium wp-image-11709\" src=\"https:\/\/martinemrichard.fr\/blog\/wp-content\/uploads\/2016\/12\/IMG_5587_v1-183x300.jpg\" alt=\"\" width=\"183\" height=\"300\" srcset=\"https:\/\/martinemrichard.fr\/blog\/wp-content\/uploads\/2016\/12\/IMG_5587_v1-183x300.jpg 183w, https:\/\/martinemrichard.fr\/blog\/wp-content\/uploads\/2016\/12\/IMG_5587_v1-768x1259.jpg 768w, https:\/\/martinemrichard.fr\/blog\/wp-content\/uploads\/2016\/12\/IMG_5587_v1-625x1024.jpg 625w, https:\/\/martinemrichard.fr\/blog\/wp-content\/uploads\/2016\/12\/IMG_5587_v1.jpg 1035w\" sizes=\"auto, (max-width: 183px) 100vw, 183px\" \/><\/p>\n<p><a href=\"http:\/\/jardin-des-mots.eklablog.com\/\"><span style=\"color: #0000ff;\"><strong>ABC<\/strong><\/span><\/a><\/p>\n<p>Plus d\u2019abeilles<br \/>\nPlus de mouches<br \/>\nRares chenilles<br \/>\nen d\u00e9tresse<br \/>\nsous un manteau de froid<br \/>\nl\u2019hiver toque \u00e0 la porte<br \/>\nSieur Soleil r\u00e9siste<br \/>\neffa\u00e7ant le d\u00e9cor givr\u00e9<br \/>\nOffrande de la nuit<\/p>\n<p>L\u2019automne n\u2019est pas mort<br \/>\nRevendiquant ses trois mois<br \/>\nIl brille en orang\u00e9e<br \/>\nEn cl\u00f4turant le jour<img loading=\"lazy\" decoding=\"async\" class=\"alignright size-medium wp-image-11708\" src=\"https:\/\/martinemrichard.fr\/blog\/wp-content\/uploads\/2016\/12\/IMG_5561_v1-300x225.jpg\" alt=\"\" width=\"300\" height=\"225\" srcset=\"https:\/\/martinemrichard.fr\/blog\/wp-content\/uploads\/2016\/12\/IMG_5561_v1-300x225.jpg 300w, https:\/\/martinemrichard.fr\/blog\/wp-content\/uploads\/2016\/12\/IMG_5561_v1-768x576.jpg 768w, https:\/\/martinemrichard.fr\/blog\/wp-content\/uploads\/2016\/12\/IMG_5561_v1-1024x768.jpg 1024w\" sizes=\"auto, (max-width: 300px) 100vw, 300px\" \/><\/p>\n<p>.<\/p>\n<p><a href=\"http:\/\/emprises-de-brises.over-blog.com\/\"><span style=\"color: #0000ff;\"><strong>Marine D<\/strong><\/span><\/a><\/p>\n<p>Pos\u00e9 sur la branche du pommier<br \/>\nL\u2019oiseau a tout son temps<br \/>\nIl \u00e9coute chaque seconde<br \/>\nPetite boule fr\u00e9missante<br \/>\nPlumes chaudes et ouat\u00e9es<br \/>\nToute graine lui sera vie<\/p>\n<p>.<\/p>\n<p><span style=\"color: #0000ff;\"><strong>Sylviane<\/strong><\/span> ( sans blog)<img loading=\"lazy\" decoding=\"async\" class=\"alignright size-medium wp-image-11746\" src=\"https:\/\/martinemrichard.fr\/blog\/wp-content\/uploads\/2016\/12\/IMG_4985_v1-266x300.jpg\" alt=\"\" width=\"266\" height=\"300\" srcset=\"https:\/\/martinemrichard.fr\/blog\/wp-content\/uploads\/2016\/12\/IMG_4985_v1-266x300.jpg 266w, https:\/\/martinemrichard.fr\/blog\/wp-content\/uploads\/2016\/12\/IMG_4985_v1-768x867.jpg 768w, https:\/\/martinemrichard.fr\/blog\/wp-content\/uploads\/2016\/12\/IMG_4985_v1-907x1024.jpg 907w\" sizes=\"auto, (max-width: 266px) 100vw, 266px\" \/><\/p>\n<p>Chapeaux d\u2019antan<br \/>\nRare \u00e9l\u00e9gance<br \/>\nQue ces fleurs<br \/>\nFrimousses mutines.<\/p>\n<p>.<\/p>\n<p><a href=\"http:\/\/jardin-des-mots.eklablog.com\/\"><span style=\"color: #0000ff;\"><strong>ABC<\/strong><\/span><\/a><\/p>\n<p>En mignonnes fantaisies<br \/>\n\u00e9l\u00e9gance c\u00f4t\u00e9 fleur<br \/>\nnoce au jardin<\/p>\n<p>.<\/p>\n<p><a href=\"http:\/\/senvolentlesmots.eklablog.com\/\"><span style=\"color: #0000ff;\"><strong>Marie Le Corre<\/strong><\/span><\/a><\/p>\n<p>Un p\u2019tit chapeau, c\u2019est rigolo<img loading=\"lazy\" decoding=\"async\" class=\"alignright size-medium wp-image-11774\" src=\"https:\/\/martinemrichard.fr\/blog\/wp-content\/uploads\/2016\/12\/IMG_3994_v1-225x300.jpg\" alt=\"\" width=\"225\" height=\"300\" srcset=\"https:\/\/martinemrichard.fr\/blog\/wp-content\/uploads\/2016\/12\/IMG_3994_v1-225x300.jpg 225w, https:\/\/martinemrichard.fr\/blog\/wp-content\/uploads\/2016\/12\/IMG_3994_v1-768x1024.jpg 768w, https:\/\/martinemrichard.fr\/blog\/wp-content\/uploads\/2016\/12\/IMG_3994_v1.jpg 1347w\" sizes=\"auto, (max-width: 225px) 100vw, 225px\" \/><br \/>\nMais c\u2019est aussi souvent tr\u00e8s beau<br \/>\n\u00c7a donne aux jeunes demoiselles<br \/>\nDe la classe et de l\u2019\u00e9tincelle.<\/p>\n<p>.<\/p>\n<p><a href=\"http:\/\/lacachetteajosette.blogspot.fr\/\"><span style=\"color: #0000ff;\"><strong>Josette<\/strong><\/span><\/a><\/p>\n<p>tes bibis sont bien jolis<br \/>\ntes p&rsquo;tits chapeaux rigolos<br \/>\ntes bonnets pour temps frisquet<\/p>\n<p>ont de quoi s\u00e9duire Martine \u2026<\/p>\n<p>.<img loading=\"lazy\" decoding=\"async\" class=\"alignright size-medium wp-image-11777\" src=\"https:\/\/martinemrichard.fr\/blog\/wp-content\/uploads\/2016\/12\/IMG_3740_v1-300x297.jpg\" alt=\"\" width=\"300\" height=\"297\" srcset=\"https:\/\/martinemrichard.fr\/blog\/wp-content\/uploads\/2016\/12\/IMG_3740_v1-300x297.jpg 300w, https:\/\/martinemrichard.fr\/blog\/wp-content\/uploads\/2016\/12\/IMG_3740_v1-150x150.jpg 150w, https:\/\/martinemrichard.fr\/blog\/wp-content\/uploads\/2016\/12\/IMG_3740_v1-768x761.jpg 768w, https:\/\/martinemrichard.fr\/blog\/wp-content\/uploads\/2016\/12\/IMG_3740_v1-1024x1014.jpg 1024w, https:\/\/martinemrichard.fr\/blog\/wp-content\/uploads\/2016\/12\/IMG_3740_v1.jpg 1656w\" sizes=\"auto, (max-width: 300px) 100vw, 300px\" \/><\/p>\n<p><a href=\"http:\/\/emprises-de-brises.over-blog.com\/\"><span style=\"color: #0000ff;\"><strong>Marine D<\/strong><\/span><\/a><\/p>\n<p>Ce p\u2019tit bonnet<br \/>\nPour tenir chaud<br \/>\nEt pour donner<br \/>\nL\u2019air enjou\u00e9<br \/>\nQuand l\u2019air est frais !<\/p>\n<p>.<\/p>\n<p>La coulemelle<br \/>\na bien lustr\u00e9<br \/>\nson p\u2019tit bonnet<br \/>\nPour tenir chaud<img loading=\"lazy\" decoding=\"async\" class=\"alignright size-medium wp-image-11754\" src=\"https:\/\/martinemrichard.fr\/blog\/wp-content\/uploads\/2016\/12\/IMG_6283_v1-282x300.jpg\" alt=\"\" width=\"282\" height=\"300\" srcset=\"https:\/\/martinemrichard.fr\/blog\/wp-content\/uploads\/2016\/12\/IMG_6283_v1-282x300.jpg 282w, https:\/\/martinemrichard.fr\/blog\/wp-content\/uploads\/2016\/12\/IMG_6283_v1-768x818.jpg 768w, https:\/\/martinemrichard.fr\/blog\/wp-content\/uploads\/2016\/12\/IMG_6283_v1-962x1024.jpg 962w\" sizes=\"auto, (max-width: 282px) 100vw, 282px\" \/><br \/>\n\u00c0 son p\u2019tit pied<br \/>\nPour se donner<br \/>\nL\u2019ai enjou\u00e9<br \/>\nQuand l\u2019air est frais<\/p>\n<p>.<\/p>\n<p><a href=\"http:\/\/golondrina63auv.canalblog.com\/\"><span style=\"color: #0000ff;\"><strong>Rose 63<\/strong><\/span><\/a><\/p>\n<p>Rien n\u2019est plus GAI<br \/>\nQue le chant des oiseaux<br \/>\nDistillant de la douceur<br \/>\nSur le temps qui passe\u2026<\/p>\n<p>.<img loading=\"lazy\" decoding=\"async\" class=\"alignright size-medium wp-image-11802\" src=\"https:\/\/martinemrichard.fr\/blog\/wp-content\/uploads\/2016\/12\/susi-S-264x300.jpg\" alt=\"\" width=\"264\" height=\"300\" srcset=\"https:\/\/martinemrichard.fr\/blog\/wp-content\/uploads\/2016\/12\/susi-S-264x300.jpg 264w, https:\/\/martinemrichard.fr\/blog\/wp-content\/uploads\/2016\/12\/susi-S.jpg 346w\" sizes=\"auto, (max-width: 264px) 100vw, 264px\" \/><\/p>\n<p><a href=\"http:\/\/jardin-des-mots.eklablog.com\/\"><span style=\"color: #0000ff;\"><strong>ABC<\/strong><\/span><\/a><\/p>\n<p>Ruine vivante<br \/>\ncoffret des souvenirs<br \/>\ntriste abandon<\/p>\n<p>.<\/p>\n<p><span style=\"color: #0000ff;\"><strong>Anne K<\/strong><\/span> ( sans blog)<\/p>\n<p>B\u00e2tisse a l\u2019abandon-<br \/>\nOmbrelles feuillues dissimulent<br \/>\nSa d\u00e9tresse<\/p>\n<p>.<\/p>\n<p><span style=\"color: #0000ff;\"><strong>Sylviane<\/strong><\/span>\u00a0 ( sans blog)<\/p>\n<p>Cet or froiss\u00e9,<br \/>\nCe tr\u00e9sor appelant la caresse<img loading=\"lazy\" decoding=\"async\" class=\"alignright size-medium wp-image-11818\" src=\"https:\/\/martinemrichard.fr\/blog\/wp-content\/uploads\/2016\/12\/imag0403_v1-300x225.jpg\" alt=\"\" width=\"300\" height=\"225\" srcset=\"https:\/\/martinemrichard.fr\/blog\/wp-content\/uploads\/2016\/12\/imag0403_v1-300x225.jpg 300w, https:\/\/martinemrichard.fr\/blog\/wp-content\/uploads\/2016\/12\/imag0403_v1-768x577.jpg 768w, https:\/\/martinemrichard.fr\/blog\/wp-content\/uploads\/2016\/12\/imag0403_v1.jpg 1017w\" sizes=\"auto, (max-width: 300px) 100vw, 300px\" \/><br \/>\nEt mon attente frileuse.<\/p>\n<p>.<\/p>\n<p><span style=\"color: #0000ff;\"><strong><a href=\"http:\/\/senvolentlesmots.eklablog.com\/\">Marie Le Corre<\/a><br \/>\n<\/strong><\/span><\/p>\n<p>Chaud est le feu dans la chemin\u00e9e<br \/>\nChaude est l\u2019atmosph\u00e8re de l\u2019amiti\u00e9<br \/>\nChaud est le vent du d\u00e9sert<br \/>\nChaud est le coeur rempli d\u2019amour.<\/p>\n<p>.<\/p>\n<p><a href=\"http:\/\/jardin-des-mots.eklablog.com\/\"><span style=\"color: #0000ff;\"><strong>ABC<\/strong><\/span><\/a><\/p>\n<p>Chaleur \u00e0 c\u0153ur pour passionn\u00e9s<br \/>\nla vie en miroir des \u00e2mes<br \/>\nr\u00e9chauffe chaque jour<br \/>\nde son pesant d\u2019amour<\/p>\n<p>.<\/p>\n<p><a href=\"http:\/\/emprises-de-brises.over-blog.com\/\"><span style=\"color: #0000ff;\"><strong>MarineD<\/strong><\/span><\/a><\/p>\n<p>Par les matins de gel<br \/>\nPar nos aubes de brume<br \/>\nL\u2019espoir d\u2019un soleil fou<br \/>\nEnflamme notre coeur\u2026<img loading=\"lazy\" decoding=\"async\" class=\"alignright size-medium wp-image-11840\" src=\"https:\/\/martinemrichard.fr\/blog\/wp-content\/uploads\/2017\/01\/imag0055-creat_v1-300x200.jpg\" alt=\"\" width=\"300\" height=\"200\" srcset=\"https:\/\/martinemrichard.fr\/blog\/wp-content\/uploads\/2017\/01\/imag0055-creat_v1-300x200.jpg 300w, https:\/\/martinemrichard.fr\/blog\/wp-content\/uploads\/2017\/01\/imag0055-creat_v1-768x513.jpg 768w, https:\/\/martinemrichard.fr\/blog\/wp-content\/uploads\/2017\/01\/imag0055-creat_v1-1024x684.jpg 1024w\" sizes=\"auto, (max-width: 300px) 100vw, 300px\" \/><\/p>\n<p>.<\/p>\n<p><a href=\"http:\/\/alcina.eklablog.com\/\"><span style=\"color: #0000ff;\"><strong>Alcina<\/strong><\/span><\/a><\/p>\n<p>Par del\u00e0 les monts et les mots<br \/>\npar del\u00e0 ta plume qui chemine<br \/>\nentre les buissons , les fleurs<br \/>\nles oiseaux , les papillons<br \/>\ntout un peuple qui m\u2019enchante<br \/>\nen te lisant et qui annonce<br \/>\nune tr\u00e8s belle ann\u00e9e 2017.<\/p>\n<p>.<img loading=\"lazy\" decoding=\"async\" class=\"alignright size-medium wp-image-11832\" src=\"https:\/\/martinemrichard.fr\/blog\/wp-content\/uploads\/2017\/01\/IMG_9597_v1-300x225.jpg\" alt=\"\" width=\"300\" height=\"225\" srcset=\"https:\/\/martinemrichard.fr\/blog\/wp-content\/uploads\/2017\/01\/IMG_9597_v1-300x225.jpg 300w, https:\/\/martinemrichard.fr\/blog\/wp-content\/uploads\/2017\/01\/IMG_9597_v1-768x576.jpg 768w, https:\/\/martinemrichard.fr\/blog\/wp-content\/uploads\/2017\/01\/IMG_9597_v1-1024x768.jpg 1024w, https:\/\/martinemrichard.fr\/blog\/wp-content\/uploads\/2017\/01\/IMG_9597_v1.jpg 1402w\" sizes=\"auto, (max-width: 300px) 100vw, 300px\" \/><\/p>\n<p><a href=\"http:\/\/golondrina63auv.canalblog.com\/\"><span style=\"color: #0000ff;\"><strong>Rose 63<\/strong><\/span><\/a><\/p>\n<p>La vie est si compliqu\u00e9e pour ceux qui ne sont jamais satisfaits<br \/>\nCe matin,<br \/>\nJuste le rose du ciel<br \/>\nUne envie d\u2019 arr\u00eater le temps<br \/>\nNe penser \u00e0 rien<br \/>\nEt m\u2019 \u00e9tourdir de silence<br \/>\nQue l\u2019an 2017 apporte la paix durable<img loading=\"lazy\" decoding=\"async\" class=\"alignright size-medium wp-image-11838\" src=\"https:\/\/martinemrichard.fr\/blog\/wp-content\/uploads\/2017\/01\/IMG_2251_v1-300x225.jpg\" alt=\"\" width=\"300\" height=\"225\" srcset=\"https:\/\/martinemrichard.fr\/blog\/wp-content\/uploads\/2017\/01\/IMG_2251_v1-300x225.jpg 300w, https:\/\/martinemrichard.fr\/blog\/wp-content\/uploads\/2017\/01\/IMG_2251_v1-768x576.jpg 768w, https:\/\/martinemrichard.fr\/blog\/wp-content\/uploads\/2017\/01\/IMG_2251_v1-1024x768.jpg 1024w, https:\/\/martinemrichard.fr\/blog\/wp-content\/uploads\/2017\/01\/IMG_2251_v1.jpg 1770w\" sizes=\"auto, (max-width: 300px) 100vw, 300px\" \/><\/p>\n<p>.<\/p>\n<p><a href=\"http:\/\/jardin-des-mots.eklablog.com\/\"><span style=\"color: #0000ff;\"><strong>ABC<\/strong><\/span><\/a><\/p>\n<p>Par l\u2019ardeur du jour et le calme de la nuit<br \/>\npar la joie de l\u2019amiti\u00e9 et le plaisir de la rencontre<br \/>\npar le bonheur de cr\u00e9er et la force du partage<br \/>\nque ton ann\u00e9e s\u2019\u00e9crive au rythme de ton c\u0153ur !<\/p>\n<p>.<\/p>\n<p><a href=\"http:\/\/leblogdelavieillemarmotte.over-blog.com\/\"><span style=\"color: #0000ff;\"><strong>Fran\u00e7oise Isabel la vieille marmotte<img loading=\"lazy\" decoding=\"async\" class=\"alignright size-medium wp-image-11833\" src=\"https:\/\/martinemrichard.fr\/blog\/wp-content\/uploads\/2017\/01\/img_8837_v1-300x225.jpg\" alt=\"\" width=\"300\" height=\"225\" srcset=\"https:\/\/martinemrichard.fr\/blog\/wp-content\/uploads\/2017\/01\/img_8837_v1-300x225.jpg 300w, https:\/\/martinemrichard.fr\/blog\/wp-content\/uploads\/2017\/01\/img_8837_v1-768x577.jpg 768w, https:\/\/martinemrichard.fr\/blog\/wp-content\/uploads\/2017\/01\/img_8837_v1-1024x769.jpg 1024w, https:\/\/martinemrichard.fr\/blog\/wp-content\/uploads\/2017\/01\/img_8837_v1.jpg 1444w\" sizes=\"auto, (max-width: 300px) 100vw, 300px\" \/><\/strong><\/span><\/a><\/p>\n<p>Par le jour se levant<br \/>\nAu mitant si lourd<br \/>\nDe promesse tenue<br \/>\nFulgurance du soir !<br \/>\nBonne Ann\u00e9e Martine.<\/p>\n<p>.<\/p>\n<p><span style=\"color: #0000ff;\"><strong>Marie Le Corre<a href=\"http:\/\/senvolentlesmots.eklablog.com\/\">http:\/\/senvolentlesmots.eklablog.com\/<\/a><\/strong><\/span><\/p>\n<p>Il est mignon Monsieur Criquet<img loading=\"lazy\" decoding=\"async\" class=\"alignright size-medium wp-image-11846\" src=\"https:\/\/martinemrichard.fr\/blog\/wp-content\/uploads\/2017\/01\/IMG_5639_v1-300x136.jpg\" alt=\"\" width=\"300\" height=\"136\" srcset=\"https:\/\/martinemrichard.fr\/blog\/wp-content\/uploads\/2017\/01\/IMG_5639_v1-300x136.jpg 300w, https:\/\/martinemrichard.fr\/blog\/wp-content\/uploads\/2017\/01\/IMG_5639_v1-768x347.jpg 768w, https:\/\/martinemrichard.fr\/blog\/wp-content\/uploads\/2017\/01\/IMG_5639_v1-1024x463.jpg 1024w\" sizes=\"auto, (max-width: 300px) 100vw, 300px\" \/><br \/>\nEt s\u2019il a froid dans ton jardin<br \/>\nUn abri il faut lui trouver<br \/>\nEt de quoi apaiser sa faim.<\/p>\n<p>L\u2019hiver est dur pour nos amis<br \/>\nA poil, \u00e0 plume ou carapace<br \/>\nSi veut chanter aux jours b\u00e9nis<br \/>\nIl faut lui trouver bonne place.<\/p>\n<p>.<\/p>\n<p><a href=\"http:\/\/endirectdechezmoi.over-blog.com\/\"><span style=\"color: #0000ff;\"><strong>Jeanne<img loading=\"lazy\" decoding=\"async\" class=\"alignright size-medium wp-image-11859\" src=\"https:\/\/martinemrichard.fr\/blog\/wp-content\/uploads\/2017\/01\/IMG_5916_v1-225x300.jpg\" alt=\"\" width=\"225\" height=\"300\" srcset=\"https:\/\/martinemrichard.fr\/blog\/wp-content\/uploads\/2017\/01\/IMG_5916_v1-225x300.jpg 225w, https:\/\/martinemrichard.fr\/blog\/wp-content\/uploads\/2017\/01\/IMG_5916_v1-768x1024.jpg 768w, https:\/\/martinemrichard.fr\/blog\/wp-content\/uploads\/2017\/01\/IMG_5916_v1.jpg 1327w\" sizes=\"auto, (max-width: 225px) 100vw, 225px\" \/><\/strong><\/span><\/a><\/p>\n<p>Pauvre petit<br \/>\npas une feuille pour le couvrir<br \/>\npas un foyer pour le recevoir<br \/>\nIl pourrait cependant chanter<br \/>\ndes chants du pays d\u2019o\u00f9 il vient<br \/>\nce criquet \u00e9gyptien !<\/p>\n<p>.<\/p>\n<p><a href=\"http:\/\/eldorad-oc.midiblogs.com\/\"><span style=\"color: #0000ff;\"><strong>Ulysse<\/strong><\/span><\/a><\/p>\n<p>Un criquet \u00e7a va !<\/p>\n<p>Mille criquets<\/p>\n<p>Bonjour les d\u00e9g\u00e2ts !<\/p>\n<p>.<\/p>\n<p><a href=\"http:\/\/alcina.eklablog.com\/\"><span style=\"color: #0000ff;\"><strong>Alcina<img loading=\"lazy\" decoding=\"async\" class=\"alignright size-medium wp-image-11848\" src=\"https:\/\/martinemrichard.fr\/blog\/wp-content\/uploads\/2017\/01\/IMG_5646_v1-176x300.jpg\" alt=\"\" width=\"176\" height=\"300\" srcset=\"https:\/\/martinemrichard.fr\/blog\/wp-content\/uploads\/2017\/01\/IMG_5646_v1-176x300.jpg 176w, https:\/\/martinemrichard.fr\/blog\/wp-content\/uploads\/2017\/01\/IMG_5646_v1-768x1307.jpg 768w, https:\/\/martinemrichard.fr\/blog\/wp-content\/uploads\/2017\/01\/IMG_5646_v1-602x1024.jpg 602w, https:\/\/martinemrichard.fr\/blog\/wp-content\/uploads\/2017\/01\/IMG_5646_v1.jpg 1185w\" sizes=\"auto, (max-width: 176px) 100vw, 176px\" \/><\/strong><\/span><\/a><\/p>\n<p>Momifi\u00e9 , fossilis\u00e9 , c\u2019est une parure de pierre<br \/>\ncomme si il avait rencontr\u00e9 la m\u00e9chante M\u00e9duse !<br \/>\nDans sa t\u00eate peut-\u00eatre qu\u2019il r\u00e9p\u00e8te des chansons<br \/>\ndes airs , qu\u2019il compose et que les \u266b se bousculent<br \/>\nsilencieusement dans ses \u00e9lytres stradivarius .<\/p>\n<p>.<\/p>\n<p><a href=\"http:\/\/emprises-de-brises.over-blog.com\/\"><span style=\"color: #0000ff;\"><strong>Marine D<\/strong><\/span><\/a><\/p>\n<p>Surprise en janvier<br \/>\nsur un sur d\u00e9lav\u00e9<br \/>\nun criquet oubli\u00e9<\/p>\n<p>.<\/p>\n<p><span style=\"color: #ff0000;\"><strong>Un grand merci \u00e0 toutes et \u00e0 tous.<\/strong> <\/span><\/p>\n<p>\ud83d\ude42<\/p>\n","protected":false},"excerpt":{"rendered":"<p>Evajoe Le lapin d\u2019Alice goguenard Vit Minet d\u00e9confit Bon prince lui sourit, Tourneboule Boule de flipper Minet s\u2019\u00e9tala parterre! . Marine D Le chat est \u00e0 l\u2019envers La maille est \u00e0 l\u2019endroit Une sph\u00e8re cosmique Pointe la queue du chat La papatte indique Le sens de l\u2019univers J\u2019ai perdu mes rep\u00e8res Ma raison et le [&hellip;]<\/p>\n","protected":false},"author":1,"featured_media":0,"comment_status":"open","ping_status":"open","sticky":false,"template":"","format":"standard","meta":{"footnotes":""},"categories":[657],"tags":[],"class_list":["post-11866","post","type-post","status-publish","format-standard","hentry","category-haikus-en-cadeaux"],"_links":{"self":[{"href":"https:\/\/martinemrichard.fr\/blog\/index.php?rest_route=\/wp\/v2\/posts\/11866","targetHints":{"allow":["GET"]}}],"collection":[{"href":"https:\/\/martinemrichard.fr\/blog\/index.php?rest_route=\/wp\/v2\/posts"}],"about":[{"href":"https:\/\/martinemrichard.fr\/blog\/index.php?rest_route=\/wp\/v2\/types\/post"}],"author":[{"embeddable":true,"href":"https:\/\/martinemrichard.fr\/blog\/index.php?rest_route=\/wp\/v2\/users\/1"}],"replies":[{"embeddable":true,"href":"https:\/\/martinemrichard.fr\/blog\/index.php?rest_route=%2Fwp%2Fv2%2Fcomments&post=11866"}],"version-history":[{"count":7,"href":"https:\/\/martinemrichard.fr\/blog\/index.php?rest_route=\/wp\/v2\/posts\/11866\/revisions"}],"predecessor-version":[{"id":12002,"href":"https:\/\/martinemrichard.fr\/blog\/index.php?rest_route=\/wp\/v2\/posts\/11866\/revisions\/12002"}],"wp:attachment":[{"href":"https:\/\/martinemrichard.fr\/blog\/index.php?rest_route=%2Fwp%2Fv2%2Fmedia&parent=11866"}],"wp:term":[{"taxonomy":"category","embeddable":true,"href":"https:\/\/martinemrichard.fr\/blog\/index.php?rest_route=%2Fwp%2Fv2%2Fcategories&post=11866"},{"taxonomy":"post_tag","embeddable":true,"href":"https:\/\/martinemrichard.fr\/blog\/index.php?rest_route=%2Fwp%2Fv2%2Ftags&post=11866"}],"curies":[{"name":"wp","href":"https:\/\/api.w.org\/{rel}","templated":true}]}}