{"id":11973,"date":"2017-03-05T07:29:16","date_gmt":"2017-03-05T06:29:16","guid":{"rendered":"http:\/\/martinemrichard.fr\/blog\/?p=11973"},"modified":"2017-03-05T07:29:16","modified_gmt":"2017-03-05T06:29:16","slug":"au-safrane-dun-jour","status":"publish","type":"post","link":"https:\/\/martinemrichard.fr\/blog\/?p=11973","title":{"rendered":"Au safran\u00e9 d&rsquo;un jour"},"content":{"rendered":"<p>Au safran\u00e9 d&rsquo;un jour<img loading=\"lazy\" decoding=\"async\" class=\"alignright size-medium wp-image-11977\" src=\"https:\/\/martinemrichard.fr\/blog\/wp-content\/uploads\/2017\/03\/IMG_2289_v1-300x225.jpg\" alt=\"\" width=\"300\" height=\"225\" srcset=\"https:\/\/martinemrichard.fr\/blog\/wp-content\/uploads\/2017\/03\/IMG_2289_v1-300x225.jpg 300w, https:\/\/martinemrichard.fr\/blog\/wp-content\/uploads\/2017\/03\/IMG_2289_v1-768x576.jpg 768w, https:\/\/martinemrichard.fr\/blog\/wp-content\/uploads\/2017\/03\/IMG_2289_v1-1024x768.jpg 1024w, https:\/\/martinemrichard.fr\/blog\/wp-content\/uploads\/2017\/03\/IMG_2289_v1.jpg 1770w\" sizes=\"auto, (max-width: 300px) 100vw, 300px\" \/><\/p>\n<p>Pr\u00e9cieux et fragile<\/p>\n<p>La mouche vagabonde<\/p>\n<p>Se frotte les pattes.<\/p>\n<p>.<\/p>\n<p>Corset\u00e9e anthracite<\/p>\n<p>Pattes gain\u00e9es velours<\/p>\n<p>La dame, apr\u00e8s la pluie<\/p>\n<p>Prom\u00e8ne sa disette.<\/p>\n<p>.<img loading=\"lazy\" decoding=\"async\" class=\"alignright size-medium wp-image-11974\" src=\"https:\/\/martinemrichard.fr\/blog\/wp-content\/uploads\/2017\/03\/IMG_1416_v1-225x300.jpg\" alt=\"\" width=\"225\" height=\"300\" srcset=\"https:\/\/martinemrichard.fr\/blog\/wp-content\/uploads\/2017\/03\/IMG_1416_v1-225x300.jpg 225w, https:\/\/martinemrichard.fr\/blog\/wp-content\/uploads\/2017\/03\/IMG_1416_v1-768x1024.jpg 768w, https:\/\/martinemrichard.fr\/blog\/wp-content\/uploads\/2017\/03\/IMG_1416_v1.jpg 1327w\" sizes=\"auto, (max-width: 225px) 100vw, 225px\" \/><\/p>\n<p>Mars en chaud et froid<\/p>\n<p>Fait frisonner ses ailes<\/p>\n<p>Creuse le gouffre noir<\/p>\n<p>D&rsquo;une faim insatiable.<\/p>\n<p>.<\/p>\n<p>Vrombissant sa recherche<\/p>\n<p>De d\u00e9lices pollen<\/p>\n<p>La Belle , de fleurs en fleurs<\/p>\n<p>Lie leurs marivaudages.<\/p>\n<p>.<\/p>\n<p>MMR tous droits r\u00e9serv\u00e9s<\/p>\n<p><img loading=\"lazy\" decoding=\"async\" class=\"alignright size-large wp-image-11978\" src=\"https:\/\/martinemrichard.fr\/blog\/wp-content\/uploads\/2017\/03\/IMG_1414_v1-1024x808.jpg\" alt=\"\" width=\"1024\" height=\"808\" srcset=\"https:\/\/martinemrichard.fr\/blog\/wp-content\/uploads\/2017\/03\/IMG_1414_v1-1024x808.jpg 1024w, https:\/\/martinemrichard.fr\/blog\/wp-content\/uploads\/2017\/03\/IMG_1414_v1-300x237.jpg 300w, https:\/\/martinemrichard.fr\/blog\/wp-content\/uploads\/2017\/03\/IMG_1414_v1-768x606.jpg 768w, https:\/\/martinemrichard.fr\/blog\/wp-content\/uploads\/2017\/03\/IMG_1414_v1.jpg 1476w\" sizes=\"auto, (max-width: 1024px) 100vw, 1024px\" \/><\/p>\n","protected":false},"excerpt":{"rendered":"<p>Au safran\u00e9 d&rsquo;un jour Pr\u00e9cieux et fragile La mouche vagabonde Se frotte les pattes. . Corset\u00e9e anthracite Pattes gain\u00e9es velours La dame, apr\u00e8s la pluie Prom\u00e8ne sa disette. . Mars en chaud et froid Fait frisonner ses ailes Creuse le gouffre noir D&rsquo;une faim insatiable. . Vrombissant sa recherche De d\u00e9lices pollen La Belle , [&hellip;]<\/p>\n","protected":false},"author":1,"featured_media":0,"comment_status":"open","ping_status":"open","sticky":false,"template":"","format":"standard","meta":{"footnotes":""},"categories":[71,4],"tags":[1067,21,1066,313,134],"class_list":["post-11973","post","type-post","status-publish","format-standard","hentry","category-jardin-fleur","category-poemes","tag-faim","tag-fleurs","tag-mars","tag-mouche","tag-poeme"],"_links":{"self":[{"href":"https:\/\/martinemrichard.fr\/blog\/index.php?rest_route=\/wp\/v2\/posts\/11973","targetHints":{"allow":["GET"]}}],"collection":[{"href":"https:\/\/martinemrichard.fr\/blog\/index.php?rest_route=\/wp\/v2\/posts"}],"about":[{"href":"https:\/\/martinemrichard.fr\/blog\/index.php?rest_route=\/wp\/v2\/types\/post"}],"author":[{"embeddable":true,"href":"https:\/\/martinemrichard.fr\/blog\/index.php?rest_route=\/wp\/v2\/users\/1"}],"replies":[{"embeddable":true,"href":"https:\/\/martinemrichard.fr\/blog\/index.php?rest_route=%2Fwp%2Fv2%2Fcomments&post=11973"}],"version-history":[{"count":5,"href":"https:\/\/martinemrichard.fr\/blog\/index.php?rest_route=\/wp\/v2\/posts\/11973\/revisions"}],"predecessor-version":[{"id":11983,"href":"https:\/\/martinemrichard.fr\/blog\/index.php?rest_route=\/wp\/v2\/posts\/11973\/revisions\/11983"}],"wp:attachment":[{"href":"https:\/\/martinemrichard.fr\/blog\/index.php?rest_route=%2Fwp%2Fv2%2Fmedia&parent=11973"}],"wp:term":[{"taxonomy":"category","embeddable":true,"href":"https:\/\/martinemrichard.fr\/blog\/index.php?rest_route=%2Fwp%2Fv2%2Fcategories&post=11973"},{"taxonomy":"post_tag","embeddable":true,"href":"https:\/\/martinemrichard.fr\/blog\/index.php?rest_route=%2Fwp%2Fv2%2Ftags&post=11973"}],"curies":[{"name":"wp","href":"https:\/\/api.w.org\/{rel}","templated":true}]}}