{"id":12048,"date":"2017-03-26T08:54:28","date_gmt":"2017-03-26T07:54:28","guid":{"rendered":"http:\/\/martinemrichard.fr\/blog\/?p=12048"},"modified":"2017-03-31T09:36:58","modified_gmt":"2017-03-31T08:36:58","slug":"surprise-printaniere","status":"publish","type":"post","link":"https:\/\/martinemrichard.fr\/blog\/?p=12048","title":{"rendered":"Surprise printani\u00e8re"},"content":{"rendered":"<p><img loading=\"lazy\" decoding=\"async\" class=\"alignright size-large wp-image-12049\" src=\"https:\/\/martinemrichard.fr\/blog\/wp-content\/uploads\/2017\/03\/IMG_6270_v1-1024x768.jpg\" alt=\"\" width=\"1024\" height=\"768\" srcset=\"https:\/\/martinemrichard.fr\/blog\/wp-content\/uploads\/2017\/03\/IMG_6270_v1-1024x768.jpg 1024w, https:\/\/martinemrichard.fr\/blog\/wp-content\/uploads\/2017\/03\/IMG_6270_v1-300x225.jpg 300w, https:\/\/martinemrichard.fr\/blog\/wp-content\/uploads\/2017\/03\/IMG_6270_v1-768x576.jpg 768w, https:\/\/martinemrichard.fr\/blog\/wp-content\/uploads\/2017\/03\/IMG_6270_v1.jpg 1770w\" sizes=\"auto, (max-width: 1024px) 100vw, 1024px\" \/><\/p>\n<p>Matin frileux-<\/p>\n<p>Aux doigts roses de l&rsquo;aube<\/p>\n<p>Un cerisier en fleurs<\/p>\n<p>.<\/p>\n<p><img loading=\"lazy\" decoding=\"async\" class=\"alignright size-large wp-image-12050\" src=\"https:\/\/martinemrichard.fr\/blog\/wp-content\/uploads\/2017\/03\/IMG_6313_v1-1024x768.jpg\" alt=\"\" width=\"1024\" height=\"768\" srcset=\"https:\/\/martinemrichard.fr\/blog\/wp-content\/uploads\/2017\/03\/IMG_6313_v1-1024x768.jpg 1024w, https:\/\/martinemrichard.fr\/blog\/wp-content\/uploads\/2017\/03\/IMG_6313_v1-300x225.jpg 300w, https:\/\/martinemrichard.fr\/blog\/wp-content\/uploads\/2017\/03\/IMG_6313_v1-768x576.jpg 768w, https:\/\/martinemrichard.fr\/blog\/wp-content\/uploads\/2017\/03\/IMG_6313_v1.jpg 1770w\" sizes=\"auto, (max-width: 1024px) 100vw, 1024px\" \/><\/p>\n<p>La m\u00e9t\u00e9o chaotique n&rsquo;a pas frein\u00e9 l&rsquo;ardeur de la v\u00e9g\u00e9tation. Les saisons s&rsquo;entrem\u00ealent.\u00a0 Narcisses, jacinthes, muscaris, iris, forsythias,\u00a0 la premi\u00e8re orchid\u00e9e sauvage ( ophrys araign\u00e9e)\u00a0 c\u00f4toient les leucanth\u00e8mes ( marguerites des champs) , bleuets, coquelicots, en boutons&#8230;<\/p>\n<p>.<\/p>\n<p><img loading=\"lazy\" decoding=\"async\" class=\"alignright size-medium wp-image-12053\" src=\"https:\/\/martinemrichard.fr\/blog\/wp-content\/uploads\/2017\/03\/IMG_6382_v1-300x225.jpg\" alt=\"\" width=\"300\" height=\"225\" srcset=\"https:\/\/martinemrichard.fr\/blog\/wp-content\/uploads\/2017\/03\/IMG_6382_v1-300x225.jpg 300w, https:\/\/martinemrichard.fr\/blog\/wp-content\/uploads\/2017\/03\/IMG_6382_v1-768x576.jpg 768w, https:\/\/martinemrichard.fr\/blog\/wp-content\/uploads\/2017\/03\/IMG_6382_v1-1024x768.jpg 1024w, https:\/\/martinemrichard.fr\/blog\/wp-content\/uploads\/2017\/03\/IMG_6382_v1.jpg 1770w\" sizes=\"auto, (max-width: 300px) 100vw, 300px\" \/><\/p>\n<p><img loading=\"lazy\" decoding=\"async\" class=\"alignright size-medium wp-image-12052\" src=\"https:\/\/martinemrichard.fr\/blog\/wp-content\/uploads\/2017\/03\/IMG_6376_v1-225x300.jpg\" alt=\"\" width=\"225\" height=\"300\" srcset=\"https:\/\/martinemrichard.fr\/blog\/wp-content\/uploads\/2017\/03\/IMG_6376_v1-225x300.jpg 225w, https:\/\/martinemrichard.fr\/blog\/wp-content\/uploads\/2017\/03\/IMG_6376_v1-768x1024.jpg 768w, https:\/\/martinemrichard.fr\/blog\/wp-content\/uploads\/2017\/03\/IMG_6376_v1.jpg 1327w\" sizes=\"auto, (max-width: 225px) 100vw, 225px\" \/><\/p>\n<p><img loading=\"lazy\" decoding=\"async\" class=\"alignright size-medium wp-image-12051\" src=\"https:\/\/martinemrichard.fr\/blog\/wp-content\/uploads\/2017\/03\/IMG_6320_v1-225x300.jpg\" alt=\"\" width=\"225\" height=\"300\" srcset=\"https:\/\/martinemrichard.fr\/blog\/wp-content\/uploads\/2017\/03\/IMG_6320_v1-225x300.jpg 225w, https:\/\/martinemrichard.fr\/blog\/wp-content\/uploads\/2017\/03\/IMG_6320_v1-768x1024.jpg 768w, https:\/\/martinemrichard.fr\/blog\/wp-content\/uploads\/2017\/03\/IMG_6320_v1.jpg 1327w\" sizes=\"auto, (max-width: 225px) 100vw, 225px\" \/><\/p>\n<p>.<\/p>\n<p>Et puis&#8230; Vous souvenez-vous, il y a quinze jours,\u00a0 une oie s&rsquo;\u00e9tait pos\u00e9e pr\u00e8s de mon jardin.\u00a0 Nouveau cadeau du destin mercredi dernier. En ouvrant le ch\u00e2ssis froid: un papillon machaon venait de na\u00eetre. Bien que j&rsquo;ai malheureusement rat\u00e9 l&rsquo;\u00e9closion, j&rsquo;ai pu le photographier et l&rsquo;admirer \u00e0 loisir pendant qu&rsquo;il se s\u00e9chait. Quelle beaut\u00e9!<\/p>\n<p>MMR ( tous droits r\u00e9serv\u00e9s)<\/p>\n<p><img loading=\"lazy\" decoding=\"async\" class=\"alignright size-large wp-image-12055\" src=\"https:\/\/martinemrichard.fr\/blog\/wp-content\/uploads\/2017\/03\/IMG_6420_v1-1024x768.jpg\" alt=\"\" width=\"1024\" height=\"768\" srcset=\"https:\/\/martinemrichard.fr\/blog\/wp-content\/uploads\/2017\/03\/IMG_6420_v1-1024x768.jpg 1024w, https:\/\/martinemrichard.fr\/blog\/wp-content\/uploads\/2017\/03\/IMG_6420_v1-300x225.jpg 300w, https:\/\/martinemrichard.fr\/blog\/wp-content\/uploads\/2017\/03\/IMG_6420_v1-768x576.jpg 768w, https:\/\/martinemrichard.fr\/blog\/wp-content\/uploads\/2017\/03\/IMG_6420_v1.jpg 1770w\" sizes=\"auto, (max-width: 1024px) 100vw, 1024px\" \/><\/p>\n<p>&nbsp;<\/p>\n<p>&nbsp;<\/p>\n","protected":false},"excerpt":{"rendered":"<p>Matin frileux- Aux doigts roses de l&rsquo;aube Un cerisier en fleurs . La m\u00e9t\u00e9o chaotique n&rsquo;a pas frein\u00e9 l&rsquo;ardeur de la v\u00e9g\u00e9tation. Les saisons s&rsquo;entrem\u00ealent.\u00a0 Narcisses, jacinthes, muscaris, iris, forsythias,\u00a0 la premi\u00e8re orchid\u00e9e sauvage ( ophrys araign\u00e9e)\u00a0 c\u00f4toient les leucanth\u00e8mes ( marguerites des champs) , bleuets, coquelicots, en boutons&#8230; . . Et puis&#8230; Vous souvenez-vous, [&hellip;]<\/p>\n","protected":false},"author":1,"featured_media":0,"comment_status":"closed","ping_status":"open","sticky":false,"template":"","format":"standard","meta":{"footnotes":""},"categories":[71],"tags":[431,11,1077,440],"class_list":["post-12048","post","type-post","status-publish","format-standard","hentry","category-jardin-fleur","tag-jacinthe","tag-jardin","tag-papillon-machaon","tag-printemps"],"_links":{"self":[{"href":"https:\/\/martinemrichard.fr\/blog\/index.php?rest_route=\/wp\/v2\/posts\/12048","targetHints":{"allow":["GET"]}}],"collection":[{"href":"https:\/\/martinemrichard.fr\/blog\/index.php?rest_route=\/wp\/v2\/posts"}],"about":[{"href":"https:\/\/martinemrichard.fr\/blog\/index.php?rest_route=\/wp\/v2\/types\/post"}],"author":[{"embeddable":true,"href":"https:\/\/martinemrichard.fr\/blog\/index.php?rest_route=\/wp\/v2\/users\/1"}],"replies":[{"embeddable":true,"href":"https:\/\/martinemrichard.fr\/blog\/index.php?rest_route=%2Fwp%2Fv2%2Fcomments&post=12048"}],"version-history":[{"count":5,"href":"https:\/\/martinemrichard.fr\/blog\/index.php?rest_route=\/wp\/v2\/posts\/12048\/revisions"}],"predecessor-version":[{"id":12059,"href":"https:\/\/martinemrichard.fr\/blog\/index.php?rest_route=\/wp\/v2\/posts\/12048\/revisions\/12059"}],"wp:attachment":[{"href":"https:\/\/martinemrichard.fr\/blog\/index.php?rest_route=%2Fwp%2Fv2%2Fmedia&parent=12048"}],"wp:term":[{"taxonomy":"category","embeddable":true,"href":"https:\/\/martinemrichard.fr\/blog\/index.php?rest_route=%2Fwp%2Fv2%2Fcategories&post=12048"},{"taxonomy":"post_tag","embeddable":true,"href":"https:\/\/martinemrichard.fr\/blog\/index.php?rest_route=%2Fwp%2Fv2%2Ftags&post=12048"}],"curies":[{"name":"wp","href":"https:\/\/api.w.org\/{rel}","templated":true}]}}