{"id":12094,"date":"2017-04-02T02:02:14","date_gmt":"2017-04-02T01:02:14","guid":{"rendered":"http:\/\/martinemrichard.fr\/blog\/?p=12094"},"modified":"2017-04-03T08:03:55","modified_gmt":"2017-04-03T07:03:55","slug":"mystere-ombreux","status":"publish","type":"post","link":"https:\/\/martinemrichard.fr\/blog\/?p=12094","title":{"rendered":"Myst\u00e8re ombreux"},"content":{"rendered":"<p>Myst\u00e8re ombreux<\/p>\n<p>L\u00e0 o\u00f9 l&rsquo;oiseau timide dissimule ses amours .<\/p>\n<p>Clair-obscur mordor\u00e9<\/p>\n<p>O\u00f9 glisse incognito un claque-faim cornu*.<img loading=\"lazy\" decoding=\"async\" class=\"alignright size-medium wp-image-12103\" src=\"https:\/\/martinemrichard.fr\/blog\/wp-content\/uploads\/2017\/04\/IMG_0578_v1-300x156.jpg\" alt=\"\" width=\"300\" height=\"156\" srcset=\"https:\/\/martinemrichard.fr\/blog\/wp-content\/uploads\/2017\/04\/IMG_0578_v1-300x156.jpg 300w, https:\/\/martinemrichard.fr\/blog\/wp-content\/uploads\/2017\/04\/IMG_0578_v1-768x400.jpg 768w, https:\/\/martinemrichard.fr\/blog\/wp-content\/uploads\/2017\/04\/IMG_0578_v1-1024x533.jpg 1024w\" sizes=\"auto, (max-width: 300px) 100vw, 300px\" \/><\/p>\n<p>Demi-jour dentel\u00e9<\/p>\n<p>Couvrant et d\u00e9couvrant son canevas moussu.<\/p>\n<p>Ambigu\u00a0 bocager<\/p>\n<p>D\u00e9robant aux regards un mille-pattes en chasse.<\/p>\n<p>Soleil, d&rsquo;un trait de plume,<\/p>\n<p>Tatoue l&rsquo;esprit sauvage roman\u00e7ant le printemps.<\/p>\n<p>.<\/p>\n<p>MMR ( tous droits r\u00e9serv\u00e9s)<\/p>\n<p>*\u00a0 claque-faim cornu: un escargot affam\u00e9<\/p>\n<p><span style=\"color: #ff0000;\"><strong>rectification:<\/strong><\/span><\/p>\n<p><span style=\"color: #ff0000;\"><strong>claque-faim: un synonyme d&rsquo;affam\u00e9. J&rsquo;y ai rajout\u00e9 cornu puisqu&rsquo;il s&rsquo;agit d&rsquo;un escargot.<\/strong> <\/span><\/p>\n<p><img loading=\"lazy\" decoding=\"async\" class=\"alignright size-large wp-image-12096\" src=\"https:\/\/martinemrichard.fr\/blog\/wp-content\/uploads\/2017\/04\/IMG_0804_v1-988x1024.jpg\" alt=\"\" width=\"988\" height=\"1024\" srcset=\"https:\/\/martinemrichard.fr\/blog\/wp-content\/uploads\/2017\/04\/IMG_0804_v1-988x1024.jpg 988w, https:\/\/martinemrichard.fr\/blog\/wp-content\/uploads\/2017\/04\/IMG_0804_v1-290x300.jpg 290w, https:\/\/martinemrichard.fr\/blog\/wp-content\/uploads\/2017\/04\/IMG_0804_v1-768x796.jpg 768w, https:\/\/martinemrichard.fr\/blog\/wp-content\/uploads\/2017\/04\/IMG_0804_v1.jpg 1077w\" sizes=\"auto, (max-width: 988px) 100vw, 988px\" \/><\/p>\n","protected":false},"excerpt":{"rendered":"<p>Myst\u00e8re ombreux L\u00e0 o\u00f9 l&rsquo;oiseau timide dissimule ses amours . Clair-obscur mordor\u00e9 O\u00f9 glisse incognito un claque-faim cornu*. Demi-jour dentel\u00e9 Couvrant et d\u00e9couvrant son canevas moussu. Ambigu\u00a0 bocager D\u00e9robant aux regards un mille-pattes en chasse. Soleil, d&rsquo;un trait de plume, Tatoue l&rsquo;esprit sauvage roman\u00e7ant le printemps. . MMR ( tous droits r\u00e9serv\u00e9s) *\u00a0 claque-faim cornu: [&hellip;]<\/p>\n","protected":false},"author":1,"featured_media":0,"comment_status":"open","ping_status":"open","sticky":false,"template":"","format":"standard","meta":{"footnotes":""},"categories":[4],"tags":[448,32,134,440,122],"class_list":["post-12094","post","type-post","status-publish","format-standard","hentry","category-poemes","tag-claque-faim","tag-ombre","tag-poeme","tag-printemps","tag-soleil"],"_links":{"self":[{"href":"https:\/\/martinemrichard.fr\/blog\/index.php?rest_route=\/wp\/v2\/posts\/12094","targetHints":{"allow":["GET"]}}],"collection":[{"href":"https:\/\/martinemrichard.fr\/blog\/index.php?rest_route=\/wp\/v2\/posts"}],"about":[{"href":"https:\/\/martinemrichard.fr\/blog\/index.php?rest_route=\/wp\/v2\/types\/post"}],"author":[{"embeddable":true,"href":"https:\/\/martinemrichard.fr\/blog\/index.php?rest_route=\/wp\/v2\/users\/1"}],"replies":[{"embeddable":true,"href":"https:\/\/martinemrichard.fr\/blog\/index.php?rest_route=%2Fwp%2Fv2%2Fcomments&post=12094"}],"version-history":[{"count":9,"href":"https:\/\/martinemrichard.fr\/blog\/index.php?rest_route=\/wp\/v2\/posts\/12094\/revisions"}],"predecessor-version":[{"id":12106,"href":"https:\/\/martinemrichard.fr\/blog\/index.php?rest_route=\/wp\/v2\/posts\/12094\/revisions\/12106"}],"wp:attachment":[{"href":"https:\/\/martinemrichard.fr\/blog\/index.php?rest_route=%2Fwp%2Fv2%2Fmedia&parent=12094"}],"wp:term":[{"taxonomy":"category","embeddable":true,"href":"https:\/\/martinemrichard.fr\/blog\/index.php?rest_route=%2Fwp%2Fv2%2Fcategories&post=12094"},{"taxonomy":"post_tag","embeddable":true,"href":"https:\/\/martinemrichard.fr\/blog\/index.php?rest_route=%2Fwp%2Fv2%2Ftags&post=12094"}],"curies":[{"name":"wp","href":"https:\/\/api.w.org\/{rel}","templated":true}]}}