{"id":12299,"date":"2017-06-09T04:53:30","date_gmt":"2017-06-09T03:53:30","guid":{"rendered":"http:\/\/martinemrichard.fr\/blog\/?p=12299"},"modified":"2017-06-12T10:30:17","modified_gmt":"2017-06-12T09:30:17","slug":"fleur","status":"publish","type":"post","link":"https:\/\/martinemrichard.fr\/blog\/?p=12299","title":{"rendered":"Fleur"},"content":{"rendered":"<p>Pour l&rsquo;Herbier de po\u00e9sie, Adamante, <a href=\"https:\/\/imagesreves.blogspot.fr\/\"><span style=\"color: #0000ff;\"><strong>ICI<\/strong><\/span><\/a> ,\u00a0 nous propose d&rsquo;\u00e9crire sur une image de <a href=\"http:\/\/jama.e-monsite.com\/\"><span style=\"color: #0000ff;\"><strong>Jamadrou<\/strong> <\/span><\/a><\/p>\n<p>.<img loading=\"lazy\" decoding=\"async\" class=\"alignright size-full wp-image-12300\" src=\"https:\/\/martinemrichard.fr\/blog\/wp-content\/uploads\/2017\/06\/eponge3.jpg\" alt=\"\" width=\"365\" height=\"490\" srcset=\"https:\/\/martinemrichard.fr\/blog\/wp-content\/uploads\/2017\/06\/eponge3.jpg 365w, https:\/\/martinemrichard.fr\/blog\/wp-content\/uploads\/2017\/06\/eponge3-223x300.jpg 223w\" sizes=\"auto, (max-width: 365px) 100vw, 365px\" \/><\/p>\n<p>Elle flotte sur le\u00a0 Temps<br \/>\nIgnorant le nuage<br \/>\nDe pens\u00e9es ardois\u00e9es<br \/>\n.<br \/>\nElle se laisse porter<br \/>\nPar le rythme enivrant<br \/>\nD&rsquo;un ruisseau de senteurs<br \/>\n.<br \/>\nElle tangue et oscille<br \/>\nPapillon \u00e9ph\u00e9m\u00e8re<br \/>\nSur la brise printani\u00e8re&#8230;<br \/>\n.<\/p>\n<p>MMR ( tous droits r\u00e9serv\u00e9s)<\/p>\n<p>.<\/p>\n<p>.<\/p>\n<p>Au jardin, bien des sauvageonnes s&rsquo;invitent que je laisse s&rsquo;installer bien volontiers. Certaines par curiosit\u00e9, pour approfondir mes connaissances. Et d&rsquo;autres, tout simplement, parce que je les trouve jolies.<\/p>\n<p>Rose comme un bonbon parfum\u00e9<img loading=\"lazy\" decoding=\"async\" class=\"alignright size-medium wp-image-12305\" src=\"https:\/\/martinemrichard.fr\/blog\/wp-content\/uploads\/2017\/06\/IMG_5608_v1-300x255.jpg\" alt=\"\" width=\"300\" height=\"255\" srcset=\"https:\/\/martinemrichard.fr\/blog\/wp-content\/uploads\/2017\/06\/IMG_5608_v1-300x255.jpg 300w, https:\/\/martinemrichard.fr\/blog\/wp-content\/uploads\/2017\/06\/IMG_5608_v1-768x653.jpg 768w, https:\/\/martinemrichard.fr\/blog\/wp-content\/uploads\/2017\/06\/IMG_5608_v1-1024x871.jpg 1024w, https:\/\/martinemrichard.fr\/blog\/wp-content\/uploads\/2017\/06\/IMG_5608_v1.jpg 1456w\" sizes=\"auto, (max-width: 300px) 100vw, 300px\" \/><img loading=\"lazy\" decoding=\"async\" class=\"alignright size-medium wp-image-12306\" src=\"https:\/\/martinemrichard.fr\/blog\/wp-content\/uploads\/2017\/06\/IMG_9276_v1-225x300.jpg\" alt=\"\" width=\"225\" height=\"300\" srcset=\"https:\/\/martinemrichard.fr\/blog\/wp-content\/uploads\/2017\/06\/IMG_9276_v1-225x300.jpg 225w, https:\/\/martinemrichard.fr\/blog\/wp-content\/uploads\/2017\/06\/IMG_9276_v1-768x1024.jpg 768w, https:\/\/martinemrichard.fr\/blog\/wp-content\/uploads\/2017\/06\/IMG_9276_v1.jpg 1651w\" sizes=\"auto, (max-width: 225px) 100vw, 225px\" \/><\/p>\n<p>\u00e0 la framboise: une petite centaur\u00e9e: centaurium erythraea.<\/p>\n<p>Petites \u00e9toiles dont le jaune \u00e9clipse presque le soleil. Le chlore perfoliee: blackstonia perfoliata<\/p>\n<p>et puis<\/p>\n<p>le poireau, qui aurait presque tendance \u00e0 dispara\u00eetre entre les murs de mon jardin. Ce que je regrette d&rsquo;ailleurs. Il est tant appr\u00e9ci\u00e9 de tout un petit monde<\/p>\n<p>Chic! <img loading=\"lazy\" decoding=\"async\" class=\"alignright size-large wp-image-12304\" src=\"https:\/\/martinemrichard.fr\/blog\/wp-content\/uploads\/2017\/06\/IMG_2528_v1-1024x770.jpg\" alt=\"\" width=\"1024\" height=\"770\" srcset=\"https:\/\/martinemrichard.fr\/blog\/wp-content\/uploads\/2017\/06\/IMG_2528_v1-1024x770.jpg 1024w, https:\/\/martinemrichard.fr\/blog\/wp-content\/uploads\/2017\/06\/IMG_2528_v1-300x226.jpg 300w, https:\/\/martinemrichard.fr\/blog\/wp-content\/uploads\/2017\/06\/IMG_2528_v1-768x578.jpg 768w, https:\/\/martinemrichard.fr\/blog\/wp-content\/uploads\/2017\/06\/IMG_2528_v1.jpg 1155w\" sizes=\"auto, (max-width: 1024px) 100vw, 1024px\" \/><\/p>\n<p>Venez! Venez!<\/p>\n<p>Le poireau-bar est ouvert!<\/p>\n<p>.<\/p>\n<p>MMR ( tous droits r\u00e9serv\u00e9s)<\/p>\n<p>&nbsp;<\/p>\n","protected":false},"excerpt":{"rendered":"<p>Pour l&rsquo;Herbier de po\u00e9sie, Adamante, ICI ,\u00a0 nous propose d&rsquo;\u00e9crire sur une image de Jamadrou . Elle flotte sur le\u00a0 Temps Ignorant le nuage De pens\u00e9es ardois\u00e9es . Elle se laisse porter Par le rythme enivrant D&rsquo;un ruisseau de senteurs . Elle tangue et oscille Papillon \u00e9ph\u00e9m\u00e8re Sur la brise printani\u00e8re&#8230; . MMR ( tous [&hellip;]<\/p>\n","protected":false},"author":1,"featured_media":0,"comment_status":"open","ping_status":"open","sticky":false,"template":"","format":"standard","meta":{"footnotes":""},"categories":[71,900],"tags":[21,75,134,440,1099,62,65],"class_list":["post-12299","post","type-post","status-publish","format-standard","hentry","category-jardin-fleur","category-lherbier-de-poesie","tag-fleurs","tag-papillon","tag-poeme","tag-printemps","tag-senteur","tag-temps","tag-vagues"],"_links":{"self":[{"href":"https:\/\/martinemrichard.fr\/blog\/index.php?rest_route=\/wp\/v2\/posts\/12299","targetHints":{"allow":["GET"]}}],"collection":[{"href":"https:\/\/martinemrichard.fr\/blog\/index.php?rest_route=\/wp\/v2\/posts"}],"about":[{"href":"https:\/\/martinemrichard.fr\/blog\/index.php?rest_route=\/wp\/v2\/types\/post"}],"author":[{"embeddable":true,"href":"https:\/\/martinemrichard.fr\/blog\/index.php?rest_route=\/wp\/v2\/users\/1"}],"replies":[{"embeddable":true,"href":"https:\/\/martinemrichard.fr\/blog\/index.php?rest_route=%2Fwp%2Fv2%2Fcomments&post=12299"}],"version-history":[{"count":5,"href":"https:\/\/martinemrichard.fr\/blog\/index.php?rest_route=\/wp\/v2\/posts\/12299\/revisions"}],"predecessor-version":[{"id":12311,"href":"https:\/\/martinemrichard.fr\/blog\/index.php?rest_route=\/wp\/v2\/posts\/12299\/revisions\/12311"}],"wp:attachment":[{"href":"https:\/\/martinemrichard.fr\/blog\/index.php?rest_route=%2Fwp%2Fv2%2Fmedia&parent=12299"}],"wp:term":[{"taxonomy":"category","embeddable":true,"href":"https:\/\/martinemrichard.fr\/blog\/index.php?rest_route=%2Fwp%2Fv2%2Fcategories&post=12299"},{"taxonomy":"post_tag","embeddable":true,"href":"https:\/\/martinemrichard.fr\/blog\/index.php?rest_route=%2Fwp%2Fv2%2Ftags&post=12299"}],"curies":[{"name":"wp","href":"https:\/\/api.w.org\/{rel}","templated":true}]}}