{"id":12390,"date":"2023-05-07T05:33:55","date_gmt":"2023-05-07T04:33:55","guid":{"rendered":"http:\/\/martinemrichard.fr\/blog\/?p=12390"},"modified":"2023-05-07T05:33:55","modified_gmt":"2023-05-07T04:33:55","slug":"le-delta-de-la-leyre","status":"publish","type":"post","link":"https:\/\/martinemrichard.fr\/blog\/?p=12390","title":{"rendered":"Le delta de La Leyre"},"content":{"rendered":"<p><img loading=\"lazy\" decoding=\"async\" class=\"alignright size-large wp-image-17375\" src=\"https:\/\/martinemrichard.fr\/blog\/wp-content\/uploads\/2023\/03\/IMG_9602_v1-1024x768.jpg\" alt=\"\" width=\"1024\" height=\"768\" srcset=\"https:\/\/martinemrichard.fr\/blog\/wp-content\/uploads\/2023\/03\/IMG_9602_v1-1024x768.jpg 1024w, https:\/\/martinemrichard.fr\/blog\/wp-content\/uploads\/2023\/03\/IMG_9602_v1-300x225.jpg 300w, https:\/\/martinemrichard.fr\/blog\/wp-content\/uploads\/2023\/03\/IMG_9602_v1-768x576.jpg 768w, https:\/\/martinemrichard.fr\/blog\/wp-content\/uploads\/2023\/03\/IMG_9602_v1-1536x1152.jpg 1536w, https:\/\/martinemrichard.fr\/blog\/wp-content\/uploads\/2023\/03\/IMG_9602_v1.jpg 1824w\" sizes=\"auto, (max-width: 1024px) 100vw, 1024px\" \/><\/p>\n<p>Au pittoresque port de Biganos, on peut r\u00e9server, \u00e0 plusieurs, une galupe (barque) pour une balade sur l&rsquo;eau.\u00a0 Une exp\u00e9rience tr\u00e8s agr\u00e9able que je vous convie \u00e0 suivre.<\/p>\n<p><img loading=\"lazy\" decoding=\"async\" class=\"alignright size-large wp-image-17377\" src=\"https:\/\/martinemrichard.fr\/blog\/wp-content\/uploads\/2023\/03\/IMG_9760_v1-1024x768.jpg\" alt=\"\" width=\"1024\" height=\"768\" srcset=\"https:\/\/martinemrichard.fr\/blog\/wp-content\/uploads\/2023\/03\/IMG_9760_v1-1024x768.jpg 1024w, https:\/\/martinemrichard.fr\/blog\/wp-content\/uploads\/2023\/03\/IMG_9760_v1-300x225.jpg 300w, https:\/\/martinemrichard.fr\/blog\/wp-content\/uploads\/2023\/03\/IMG_9760_v1-768x576.jpg 768w, https:\/\/martinemrichard.fr\/blog\/wp-content\/uploads\/2023\/03\/IMG_9760_v1-1536x1152.jpg 1536w, https:\/\/martinemrichard.fr\/blog\/wp-content\/uploads\/2023\/03\/IMG_9760_v1.jpg 1824w\" sizes=\"auto, (max-width: 1024px) 100vw, 1024px\" \/><\/p>\n<p>Cette d\u00e9couverte du delta de la Leyre d\u00e9marre sous un beau soleil. Dommage que celui-ci, tr\u00e8s vite, d\u00e9cide qu&rsquo;il a envie d&rsquo;une petite sieste. Mince alors! Quel l\u00e2cheur!<\/p>\n<p><img loading=\"lazy\" decoding=\"async\" class=\"alignright size-large wp-image-17379\" src=\"https:\/\/martinemrichard.fr\/blog\/wp-content\/uploads\/2023\/03\/IMG_9781_v1-1024x768.jpg\" alt=\"\" width=\"1024\" height=\"768\" srcset=\"https:\/\/martinemrichard.fr\/blog\/wp-content\/uploads\/2023\/03\/IMG_9781_v1-1024x768.jpg 1024w, https:\/\/martinemrichard.fr\/blog\/wp-content\/uploads\/2023\/03\/IMG_9781_v1-300x225.jpg 300w, https:\/\/martinemrichard.fr\/blog\/wp-content\/uploads\/2023\/03\/IMG_9781_v1-768x576.jpg 768w, https:\/\/martinemrichard.fr\/blog\/wp-content\/uploads\/2023\/03\/IMG_9781_v1-1536x1152.jpg 1536w, https:\/\/martinemrichard.fr\/blog\/wp-content\/uploads\/2023\/03\/IMG_9781_v1.jpg 1824w\" sizes=\"auto, (max-width: 1024px) 100vw, 1024px\" \/><\/p>\n<p>La Leyre est une petite rivi\u00e8re de 135 km n\u00e9e dans Les landes et finissant sa course dans le Bassin d&rsquo;Arcachon.\u00a0 Son apport d&rsquo;eau douce est vital pour la vie du Bassin.<\/p>\n<p><img loading=\"lazy\" decoding=\"async\" class=\"alignright size-medium wp-image-17382\" src=\"https:\/\/martinemrichard.fr\/blog\/wp-content\/uploads\/2023\/03\/IMG_9798_v1-300x225.jpg\" alt=\"\" width=\"300\" height=\"225\" srcset=\"https:\/\/martinemrichard.fr\/blog\/wp-content\/uploads\/2023\/03\/IMG_9798_v1-300x225.jpg 300w, https:\/\/martinemrichard.fr\/blog\/wp-content\/uploads\/2023\/03\/IMG_9798_v1-1024x768.jpg 1024w, https:\/\/martinemrichard.fr\/blog\/wp-content\/uploads\/2023\/03\/IMG_9798_v1-768x576.jpg 768w, https:\/\/martinemrichard.fr\/blog\/wp-content\/uploads\/2023\/03\/IMG_9798_v1-1536x1152.jpg 1536w, https:\/\/martinemrichard.fr\/blog\/wp-content\/uploads\/2023\/03\/IMG_9798_v1.jpg 1824w\" sizes=\"auto, (max-width: 300px) 100vw, 300px\" \/><\/p>\n<p><img loading=\"lazy\" decoding=\"async\" class=\"alignright size-medium wp-image-17393\" src=\"https:\/\/martinemrichard.fr\/blog\/wp-content\/uploads\/2023\/03\/IMG_9897_v1-300x225.jpg\" alt=\"\" width=\"300\" height=\"225\" srcset=\"https:\/\/martinemrichard.fr\/blog\/wp-content\/uploads\/2023\/03\/IMG_9897_v1-300x225.jpg 300w, https:\/\/martinemrichard.fr\/blog\/wp-content\/uploads\/2023\/03\/IMG_9897_v1-1024x768.jpg 1024w, https:\/\/martinemrichard.fr\/blog\/wp-content\/uploads\/2023\/03\/IMG_9897_v1-768x576.jpg 768w, https:\/\/martinemrichard.fr\/blog\/wp-content\/uploads\/2023\/03\/IMG_9897_v1-1536x1152.jpg 1536w, https:\/\/martinemrichard.fr\/blog\/wp-content\/uploads\/2023\/03\/IMG_9897_v1.jpg 1824w\" sizes=\"auto, (max-width: 300px) 100vw, 300px\" \/><img loading=\"lazy\" decoding=\"async\" class=\"alignright size-medium wp-image-17396\" src=\"https:\/\/martinemrichard.fr\/blog\/wp-content\/uploads\/2023\/03\/IMG_9936_v1-300x225.jpg\" alt=\"\" width=\"300\" height=\"225\" srcset=\"https:\/\/martinemrichard.fr\/blog\/wp-content\/uploads\/2023\/03\/IMG_9936_v1-300x225.jpg 300w, https:\/\/martinemrichard.fr\/blog\/wp-content\/uploads\/2023\/03\/IMG_9936_v1-1024x768.jpg 1024w, https:\/\/martinemrichard.fr\/blog\/wp-content\/uploads\/2023\/03\/IMG_9936_v1-768x576.jpg 768w, https:\/\/martinemrichard.fr\/blog\/wp-content\/uploads\/2023\/03\/IMG_9936_v1-1536x1152.jpg 1536w, https:\/\/martinemrichard.fr\/blog\/wp-content\/uploads\/2023\/03\/IMG_9936_v1.jpg 1824w\" sizes=\"auto, (max-width: 300px) 100vw, 300px\" \/><\/p>\n<p>M\u00eal\u00e9e \u00e0 celle de l&rsquo;oc\u00e9an, cela offre une grande diversit\u00e9 de biotopes appr\u00e9ci\u00e9s par une faune et une flore extr\u00eamement riches. Marais bois\u00e9s, prairies humides, roseli\u00e8res&#8230; Au fil de la promenade nous voyons s&rsquo;envoler des aigrettes garzettes; un magnifique martin p\u00eacheur que je ne r\u00e9ussis pas \u00e0 bien immortaliser; des mouettes et d&rsquo;autres boules de plumes trop rapides pour \u00eatre identifi\u00e9es.<\/p>\n<p>.<\/p>\n<p><img loading=\"lazy\" decoding=\"async\" class=\"alignright size-full wp-image-17381\" src=\"https:\/\/martinemrichard.fr\/blog\/wp-content\/uploads\/2023\/03\/IMG_9791_v1.jpg\" alt=\"\" width=\"981\" height=\"415\" srcset=\"https:\/\/martinemrichard.fr\/blog\/wp-content\/uploads\/2023\/03\/IMG_9791_v1.jpg 981w, https:\/\/martinemrichard.fr\/blog\/wp-content\/uploads\/2023\/03\/IMG_9791_v1-300x127.jpg 300w, https:\/\/martinemrichard.fr\/blog\/wp-content\/uploads\/2023\/03\/IMG_9791_v1-768x325.jpg 768w\" sizes=\"auto, (max-width: 981px) 100vw, 981px\" \/><\/p>\n<p>Bien que tr\u00e8s farouche, un balbuzard p\u00eacheur prend la pause quelques secondes avant d&rsquo;aller voir ailleurs si la vie est plus tranquille. Il s&rsquo;agit d&rsquo;un grand rapace\u00a0 de la m\u00eame famille que l&rsquo;aigle. Ce splendide oiseau est exclusivement piscivore.<\/p>\n<p><img loading=\"lazy\" decoding=\"async\" class=\"alignright size-full wp-image-17391\" src=\"https:\/\/martinemrichard.fr\/blog\/wp-content\/uploads\/2023\/03\/IMG_9884_v1.jpg\" alt=\"\" width=\"1824\" height=\"1368\" srcset=\"https:\/\/martinemrichard.fr\/blog\/wp-content\/uploads\/2023\/03\/IMG_9884_v1.jpg 1824w, https:\/\/martinemrichard.fr\/blog\/wp-content\/uploads\/2023\/03\/IMG_9884_v1-300x225.jpg 300w, https:\/\/martinemrichard.fr\/blog\/wp-content\/uploads\/2023\/03\/IMG_9884_v1-1024x768.jpg 1024w, https:\/\/martinemrichard.fr\/blog\/wp-content\/uploads\/2023\/03\/IMG_9884_v1-768x576.jpg 768w, https:\/\/martinemrichard.fr\/blog\/wp-content\/uploads\/2023\/03\/IMG_9884_v1-1536x1152.jpg 1536w\" sizes=\"auto, (max-width: 1824px) 100vw, 1824px\" \/><\/p>\n<p>Sous un ciel de plus en plus mena\u00e7ant la visite se poursuit, douce, relaxante, passionnante gr\u00e2ce aux explications prolixes de notre guide Yannick qui connait\u00a0 \u00e0 fond son m\u00e9tier.<\/p>\n<p><img loading=\"lazy\" decoding=\"async\" class=\"alignright size-full wp-image-17392\" src=\"https:\/\/martinemrichard.fr\/blog\/wp-content\/uploads\/2023\/03\/IMG_9891_v1.jpg\" alt=\"\" width=\"1824\" height=\"1368\" srcset=\"https:\/\/martinemrichard.fr\/blog\/wp-content\/uploads\/2023\/03\/IMG_9891_v1.jpg 1824w, https:\/\/martinemrichard.fr\/blog\/wp-content\/uploads\/2023\/03\/IMG_9891_v1-300x225.jpg 300w, https:\/\/martinemrichard.fr\/blog\/wp-content\/uploads\/2023\/03\/IMG_9891_v1-1024x768.jpg 1024w, https:\/\/martinemrichard.fr\/blog\/wp-content\/uploads\/2023\/03\/IMG_9891_v1-768x576.jpg 768w, https:\/\/martinemrichard.fr\/blog\/wp-content\/uploads\/2023\/03\/IMG_9891_v1-1536x1152.jpg 1536w\" sizes=\"auto, (max-width: 1824px) 100vw, 1824px\" \/><\/p>\n<p>&nbsp;<\/p>\n<p>Au d\u00e9tour d&rsquo;un chenal nous \u00ab\u00a0tombons\u00a0\u00bb sur un duo tr\u00e8s affair\u00e9.\u00a0 Il me semble que ces hommes ramassent de la tourbe \u00e0 pleines pellet\u00e9es. Leur petit bateau est d\u00e9j\u00e0 lourdement charg\u00e9.<\/p>\n<p><img loading=\"lazy\" decoding=\"async\" class=\"alignright size-medium wp-image-17384\" src=\"https:\/\/martinemrichard.fr\/blog\/wp-content\/uploads\/2023\/03\/IMG_9842_v1-300x225.jpg\" alt=\"\" width=\"300\" height=\"225\" srcset=\"https:\/\/martinemrichard.fr\/blog\/wp-content\/uploads\/2023\/03\/IMG_9842_v1-300x225.jpg 300w, https:\/\/martinemrichard.fr\/blog\/wp-content\/uploads\/2023\/03\/IMG_9842_v1-1024x768.jpg 1024w, https:\/\/martinemrichard.fr\/blog\/wp-content\/uploads\/2023\/03\/IMG_9842_v1-768x576.jpg 768w, https:\/\/martinemrichard.fr\/blog\/wp-content\/uploads\/2023\/03\/IMG_9842_v1-1536x1152.jpg 1536w, https:\/\/martinemrichard.fr\/blog\/wp-content\/uploads\/2023\/03\/IMG_9842_v1.jpg 1824w\" sizes=\"auto, (max-width: 300px) 100vw, 300px\" \/><\/p>\n<p><img loading=\"lazy\" decoding=\"async\" class=\"alignright size-medium wp-image-17383\" src=\"https:\/\/martinemrichard.fr\/blog\/wp-content\/uploads\/2023\/03\/IMG_9832_v1-300x225.jpg\" alt=\"\" width=\"300\" height=\"225\" srcset=\"https:\/\/martinemrichard.fr\/blog\/wp-content\/uploads\/2023\/03\/IMG_9832_v1-300x225.jpg 300w, https:\/\/martinemrichard.fr\/blog\/wp-content\/uploads\/2023\/03\/IMG_9832_v1-1024x768.jpg 1024w, https:\/\/martinemrichard.fr\/blog\/wp-content\/uploads\/2023\/03\/IMG_9832_v1-768x576.jpg 768w, https:\/\/martinemrichard.fr\/blog\/wp-content\/uploads\/2023\/03\/IMG_9832_v1-1536x1152.jpg 1536w, https:\/\/martinemrichard.fr\/blog\/wp-content\/uploads\/2023\/03\/IMG_9832_v1.jpg 1824w\" sizes=\"auto, (max-width: 300px) 100vw, 300px\" \/><img loading=\"lazy\" decoding=\"async\" class=\"alignright size-medium wp-image-17389\" src=\"https:\/\/martinemrichard.fr\/blog\/wp-content\/uploads\/2023\/03\/IMG_9857_v1-300x225.jpg\" alt=\"\" width=\"300\" height=\"225\" srcset=\"https:\/\/martinemrichard.fr\/blog\/wp-content\/uploads\/2023\/03\/IMG_9857_v1-300x225.jpg 300w, https:\/\/martinemrichard.fr\/blog\/wp-content\/uploads\/2023\/03\/IMG_9857_v1-1024x768.jpg 1024w, https:\/\/martinemrichard.fr\/blog\/wp-content\/uploads\/2023\/03\/IMG_9857_v1-768x576.jpg 768w, https:\/\/martinemrichard.fr\/blog\/wp-content\/uploads\/2023\/03\/IMG_9857_v1-1536x1152.jpg 1536w, https:\/\/martinemrichard.fr\/blog\/wp-content\/uploads\/2023\/03\/IMG_9857_v1.jpg 1824w\" sizes=\"auto, (max-width: 300px) 100vw, 300px\" \/><\/p>\n<p>.<\/p>\n<p>Cette fl\u00e2nerie paisible sur l&rsquo;eau se poursuit fertile en surprises paysag\u00e8res et faunistiques nous amenant peu \u00e0 peu vers un vaste espace: le Bassin. Au loin, nous apercevons les plus hauts b\u00e2timents d&rsquo;Arcachon. Plus pr\u00e8s, ce sont un immense groupe d&rsquo;aigrettes, de mouettes et autres oiseaux migrateurs ou s\u00e9dentaires.<\/p>\n<p><img loading=\"lazy\" decoding=\"async\" class=\"alignright size-large wp-image-17390\" src=\"https:\/\/martinemrichard.fr\/blog\/wp-content\/uploads\/2023\/03\/IMG_9863_v1-1024x768.jpg\" alt=\"\" width=\"1024\" height=\"768\" srcset=\"https:\/\/martinemrichard.fr\/blog\/wp-content\/uploads\/2023\/03\/IMG_9863_v1-1024x768.jpg 1024w, https:\/\/martinemrichard.fr\/blog\/wp-content\/uploads\/2023\/03\/IMG_9863_v1-300x225.jpg 300w, https:\/\/martinemrichard.fr\/blog\/wp-content\/uploads\/2023\/03\/IMG_9863_v1-768x576.jpg 768w, https:\/\/martinemrichard.fr\/blog\/wp-content\/uploads\/2023\/03\/IMG_9863_v1-1536x1152.jpg 1536w, https:\/\/martinemrichard.fr\/blog\/wp-content\/uploads\/2023\/03\/IMG_9863_v1.jpg 1824w\" sizes=\"auto, (max-width: 1024px) 100vw, 1024px\" \/><\/p>\n<p>.<\/p>\n<p>Notre guide fait \u00e9chouer sa galupe sur le sable pour un court entracte observation et go\u00fbter. Il a m\u00eame pr\u00e9vu des flutes en plastiques et du vin p\u00e9tillant. Moment de partage tr\u00e8s sympa o\u00f9 il r\u00e9pond \u00e0 nos nombreuses questions. Puis Yannick signale qu\u2019il faut repartir tant que la mar\u00e9e est favorable.<\/p>\n<p><img loading=\"lazy\" decoding=\"async\" class=\"alignright size-medium wp-image-17385\" src=\"https:\/\/martinemrichard.fr\/blog\/wp-content\/uploads\/2023\/03\/IMG_9856_v1-300x225.jpg\" alt=\"\" width=\"300\" height=\"225\" srcset=\"https:\/\/martinemrichard.fr\/blog\/wp-content\/uploads\/2023\/03\/IMG_9856_v1-300x225.jpg 300w, https:\/\/martinemrichard.fr\/blog\/wp-content\/uploads\/2023\/03\/IMG_9856_v1-1024x768.jpg 1024w, https:\/\/martinemrichard.fr\/blog\/wp-content\/uploads\/2023\/03\/IMG_9856_v1-768x576.jpg 768w, https:\/\/martinemrichard.fr\/blog\/wp-content\/uploads\/2023\/03\/IMG_9856_v1-1536x1152.jpg 1536w, https:\/\/martinemrichard.fr\/blog\/wp-content\/uploads\/2023\/03\/IMG_9856_v1.jpg 1824w\" sizes=\"auto, (max-width: 300px) 100vw, 300px\" \/><img loading=\"lazy\" decoding=\"async\" class=\"alignright size-medium wp-image-17397\" src=\"https:\/\/martinemrichard.fr\/blog\/wp-content\/uploads\/2023\/03\/IMG_9934_v1-300x225.jpg\" alt=\"\" width=\"300\" height=\"225\" srcset=\"https:\/\/martinemrichard.fr\/blog\/wp-content\/uploads\/2023\/03\/IMG_9934_v1-300x225.jpg 300w, https:\/\/martinemrichard.fr\/blog\/wp-content\/uploads\/2023\/03\/IMG_9934_v1-1024x768.jpg 1024w, https:\/\/martinemrichard.fr\/blog\/wp-content\/uploads\/2023\/03\/IMG_9934_v1-768x576.jpg 768w, https:\/\/martinemrichard.fr\/blog\/wp-content\/uploads\/2023\/03\/IMG_9934_v1-1536x1152.jpg 1536w, https:\/\/martinemrichard.fr\/blog\/wp-content\/uploads\/2023\/03\/IMG_9934_v1.jpg 1824w\" sizes=\"auto, (max-width: 300px) 100vw, 300px\" \/><img loading=\"lazy\" decoding=\"async\" class=\"alignright size-medium wp-image-17398\" src=\"https:\/\/martinemrichard.fr\/blog\/wp-content\/uploads\/2023\/03\/IMG_9970_v1-300x225.jpg\" alt=\"\" width=\"300\" height=\"225\" srcset=\"https:\/\/martinemrichard.fr\/blog\/wp-content\/uploads\/2023\/03\/IMG_9970_v1-300x225.jpg 300w, https:\/\/martinemrichard.fr\/blog\/wp-content\/uploads\/2023\/03\/IMG_9970_v1-1024x768.jpg 1024w, https:\/\/martinemrichard.fr\/blog\/wp-content\/uploads\/2023\/03\/IMG_9970_v1-768x576.jpg 768w, https:\/\/martinemrichard.fr\/blog\/wp-content\/uploads\/2023\/03\/IMG_9970_v1-1536x1152.jpg 1536w, https:\/\/martinemrichard.fr\/blog\/wp-content\/uploads\/2023\/03\/IMG_9970_v1.jpg 1824w\" sizes=\"auto, (max-width: 300px) 100vw, 300px\" \/><\/p>\n<p>.<\/p>\n<p>Retour aussi attrayant qu&rsquo;\u00e0 l&rsquo;aller. Mais avec tout de m\u00eame un regard parfois inquiet sur le ciel qui s&rsquo;assombrit de plus en plus.<\/p>\n<p><img loading=\"lazy\" decoding=\"async\" class=\"alignright size-large wp-image-17394\" src=\"https:\/\/martinemrichard.fr\/blog\/wp-content\/uploads\/2023\/03\/IMG_9902_v1-1024x768.jpg\" alt=\"\" width=\"1024\" height=\"768\" srcset=\"https:\/\/martinemrichard.fr\/blog\/wp-content\/uploads\/2023\/03\/IMG_9902_v1-1024x768.jpg 1024w, https:\/\/martinemrichard.fr\/blog\/wp-content\/uploads\/2023\/03\/IMG_9902_v1-300x225.jpg 300w, https:\/\/martinemrichard.fr\/blog\/wp-content\/uploads\/2023\/03\/IMG_9902_v1-768x576.jpg 768w, https:\/\/martinemrichard.fr\/blog\/wp-content\/uploads\/2023\/03\/IMG_9902_v1-1536x1152.jpg 1536w, https:\/\/martinemrichard.fr\/blog\/wp-content\/uploads\/2023\/03\/IMG_9902_v1.jpg 1824w\" sizes=\"auto, (max-width: 1024px) 100vw, 1024px\" \/><\/p>\n<p>Quelques embarcad\u00e8res\u00a0 \u00e0 l&rsquo;aspect tr\u00e8s rustique se succ\u00e8dent\u00a0 au milieu de nulle part. Yannick a mentionn\u00e9 le plus petit port du Bassin: Port des Tuiles. Autrefois, celles-ci \u00e9taient fabriqu\u00e9es \u00e0 Biganos. C&rsquo;\u00e9tait de ce Port des Tuiles qu&rsquo;elles \u00e9taient embarqu\u00e9es sur des chalands pour \u00eatre ensuite livr\u00e9es dans les ports du Bassin. Car ces tuiles \u00e9taient surtout utilis\u00e9es par les ostr\u00e9iculteurs afin d&rsquo;attirer et fixer les naissains d&rsquo;hu\u00eetres. Ils continuent d&rsquo;ailleurs cette pratique.<\/p>\n<p><img loading=\"lazy\" decoding=\"async\" class=\"alignright size-large wp-image-17399\" src=\"https:\/\/martinemrichard.fr\/blog\/wp-content\/uploads\/2023\/03\/IMG_9976_v1-1024x768.jpg\" alt=\"\" width=\"1024\" height=\"768\" srcset=\"https:\/\/martinemrichard.fr\/blog\/wp-content\/uploads\/2023\/03\/IMG_9976_v1-1024x768.jpg 1024w, https:\/\/martinemrichard.fr\/blog\/wp-content\/uploads\/2023\/03\/IMG_9976_v1-300x225.jpg 300w, https:\/\/martinemrichard.fr\/blog\/wp-content\/uploads\/2023\/03\/IMG_9976_v1-768x576.jpg 768w, https:\/\/martinemrichard.fr\/blog\/wp-content\/uploads\/2023\/03\/IMG_9976_v1-1536x1152.jpg 1536w, https:\/\/martinemrichard.fr\/blog\/wp-content\/uploads\/2023\/03\/IMG_9976_v1.jpg 1824w\" sizes=\"auto, (max-width: 1024px) 100vw, 1024px\" \/><\/p>\n<p>Nous voici de retour \u00e0 Biganos. Juste \u00e0 temps. Les premi\u00e8res gouttes \u00e9courtent l&rsquo;au-revoir \u00e0 notre tr\u00e8s sympathique guide. Nous n&rsquo;avons vu ni tortue, ni ragondin, ni loutre. Qu&rsquo;importe. Ce f\u00fbt 1h30 mn d&rsquo;\u00e9vasion. S&rsquo;il y a une prochaine fois, ce sera pour remonter la Leyre en galupe et faire connaissance avec sa for\u00eat galerie et ses \u00ab\u00a0b\u00e9b\u00eates\u00a0\u00bb \u00e0 poils, \u00e0 \u00e9cailles et \u00e0 plumes.<\/p>\n<p>.<\/p>\n<p>MMR ( tous droits r\u00e9serv\u00e9s)<\/p>\n<p>lien vers un reportage F3 o\u00f9 l&rsquo;on peut \u00e9couter notre guide Yannick<\/p>\n<p><a href=\"http:\/\/www.francetvinfo.fr\/decouverte\/le-port-de-biganos-carte-postale-vivante_2295431.html\"><span style=\"color: #0000ff;\"><strong>ICI<\/strong><\/span><\/a><\/p>\n","protected":false},"excerpt":{"rendered":"<p>Au pittoresque port de Biganos, on peut r\u00e9server, \u00e0 plusieurs, une galupe (barque) pour une balade sur l&rsquo;eau.\u00a0 Une exp\u00e9rience tr\u00e8s agr\u00e9able que je vous convie \u00e0 suivre. Cette d\u00e9couverte du delta de la Leyre d\u00e9marre sous un beau soleil. Dommage que celui-ci, tr\u00e8s vite, d\u00e9cide qu&rsquo;il a envie d&rsquo;une petite sieste. Mince alors! Quel [&hellip;]<\/p>\n","protected":false},"author":1,"featured_media":0,"comment_status":"open","ping_status":"open","sticky":false,"template":"","format":"standard","meta":{"footnotes":""},"categories":[70,389],"tags":[175,1484,434,135,1483,1482,1485,265,102,262,320],"class_list":["post-12390","post","type-post","status-publish","format-standard","hentry","category-ocean-et-bassin-darcachon","category-promenades-ici-et-ailleurs","tag-aigrette-garzette","tag-balbuzard-pecheur","tag-barque","tag-bassin-darcachon","tag-galupe","tag-le-delta-de-la-leyre","tag-lou-batel-eyre","tag-mouette","tag-ocean","tag-oiseau","tag-sable"],"_links":{"self":[{"href":"https:\/\/martinemrichard.fr\/blog\/index.php?rest_route=\/wp\/v2\/posts\/12390","targetHints":{"allow":["GET"]}}],"collection":[{"href":"https:\/\/martinemrichard.fr\/blog\/index.php?rest_route=\/wp\/v2\/posts"}],"about":[{"href":"https:\/\/martinemrichard.fr\/blog\/index.php?rest_route=\/wp\/v2\/types\/post"}],"author":[{"embeddable":true,"href":"https:\/\/martinemrichard.fr\/blog\/index.php?rest_route=\/wp\/v2\/users\/1"}],"replies":[{"embeddable":true,"href":"https:\/\/martinemrichard.fr\/blog\/index.php?rest_route=%2Fwp%2Fv2%2Fcomments&post=12390"}],"version-history":[{"count":42,"href":"https:\/\/martinemrichard.fr\/blog\/index.php?rest_route=\/wp\/v2\/posts\/12390\/revisions"}],"predecessor-version":[{"id":17434,"href":"https:\/\/martinemrichard.fr\/blog\/index.php?rest_route=\/wp\/v2\/posts\/12390\/revisions\/17434"}],"wp:attachment":[{"href":"https:\/\/martinemrichard.fr\/blog\/index.php?rest_route=%2Fwp%2Fv2%2Fmedia&parent=12390"}],"wp:term":[{"taxonomy":"category","embeddable":true,"href":"https:\/\/martinemrichard.fr\/blog\/index.php?rest_route=%2Fwp%2Fv2%2Fcategories&post=12390"},{"taxonomy":"post_tag","embeddable":true,"href":"https:\/\/martinemrichard.fr\/blog\/index.php?rest_route=%2Fwp%2Fv2%2Ftags&post=12390"}],"curies":[{"name":"wp","href":"https:\/\/api.w.org\/{rel}","templated":true}]}}