{"id":12528,"date":"2017-11-12T03:10:57","date_gmt":"2017-11-12T02:10:57","guid":{"rendered":"http:\/\/martinemrichard.fr\/blog\/?p=12528"},"modified":"2017-11-19T05:28:28","modified_gmt":"2017-11-19T04:28:28","slug":"sur-le-sable-2","status":"publish","type":"post","link":"https:\/\/martinemrichard.fr\/blog\/?p=12528","title":{"rendered":"Sur le sable&#8230;"},"content":{"rendered":"<p>\u00c9vanescence blonde<img loading=\"lazy\" decoding=\"async\" class=\"alignright size-medium wp-image-12531\" src=\"https:\/\/martinemrichard.fr\/blog\/wp-content\/uploads\/2017\/11\/IMG_0222_v1-300x225.jpg\" alt=\"\" width=\"300\" height=\"225\" srcset=\"https:\/\/martinemrichard.fr\/blog\/wp-content\/uploads\/2017\/11\/IMG_0222_v1-300x225.jpg 300w, https:\/\/martinemrichard.fr\/blog\/wp-content\/uploads\/2017\/11\/IMG_0222_v1-768x576.jpg 768w, https:\/\/martinemrichard.fr\/blog\/wp-content\/uploads\/2017\/11\/IMG_0222_v1-1024x768.jpg 1024w, https:\/\/martinemrichard.fr\/blog\/wp-content\/uploads\/2017\/11\/IMG_0222_v1.jpg 1770w\" sizes=\"auto, (max-width: 300px) 100vw, 300px\" \/><\/p>\n<p>Juste impression grav\u00e9e<\/p>\n<p>En quelques traits fragiles<\/p>\n<p>D&rsquo;un doigt absent<\/p>\n<p>Sur le sable<\/p>\n<p>Sur le sable&#8230;<\/p>\n<p>.<\/p>\n<p><img loading=\"lazy\" decoding=\"async\" class=\"alignright size-large wp-image-12529\" src=\"https:\/\/martinemrichard.fr\/blog\/wp-content\/uploads\/2017\/11\/IMG_2154_v1-1024x768.jpg\" alt=\"\" width=\"1024\" height=\"768\" srcset=\"https:\/\/martinemrichard.fr\/blog\/wp-content\/uploads\/2017\/11\/IMG_2154_v1-1024x768.jpg 1024w, https:\/\/martinemrichard.fr\/blog\/wp-content\/uploads\/2017\/11\/IMG_2154_v1-300x225.jpg 300w, https:\/\/martinemrichard.fr\/blog\/wp-content\/uploads\/2017\/11\/IMG_2154_v1-768x576.jpg 768w, https:\/\/martinemrichard.fr\/blog\/wp-content\/uploads\/2017\/11\/IMG_2154_v1.jpg 1770w\" sizes=\"auto, (max-width: 1024px) 100vw, 1024px\" \/><\/p>\n<p>.<\/p>\n<p>Jouant \u00e0 se faire peur<\/p>\n<p>Il courait, il courait<\/p>\n<p>L&rsquo;enfant au rire clair<\/p>\n<p>Plus fort que la vague<\/p>\n<p>Sur le sable<\/p>\n<p>Sur le sable&#8230;.<\/p>\n<p>.<\/p>\n<p><img loading=\"lazy\" decoding=\"async\" class=\"alignright size-large wp-image-12530\" src=\"https:\/\/martinemrichard.fr\/blog\/wp-content\/uploads\/2017\/11\/IMG_2207_v1-1024x768.jpg\" alt=\"\" width=\"1024\" height=\"768\" srcset=\"https:\/\/martinemrichard.fr\/blog\/wp-content\/uploads\/2017\/11\/IMG_2207_v1-1024x768.jpg 1024w, https:\/\/martinemrichard.fr\/blog\/wp-content\/uploads\/2017\/11\/IMG_2207_v1-300x225.jpg 300w, https:\/\/martinemrichard.fr\/blog\/wp-content\/uploads\/2017\/11\/IMG_2207_v1-768x576.jpg 768w, https:\/\/martinemrichard.fr\/blog\/wp-content\/uploads\/2017\/11\/IMG_2207_v1.jpg 1770w\" sizes=\"auto, (max-width: 1024px) 100vw, 1024px\" \/><\/p>\n<p>&nbsp;<\/p>\n<p>.<\/p>\n<p>Petit point t\u00e9n\u00e9breux<\/p>\n<p>Une br\u00e8ve virgule<\/p>\n<p>Croquant l\u2019esprit en fuite<\/p>\n<p>D&rsquo;un crabe n\u00e9gligeant<\/p>\n<p>Sur le sable<\/p>\n<p>Sur le sable<\/p>\n<p>.<\/p>\n<p>MMR ( tous droits r\u00e9serv\u00e9s)<\/p>\n<p><span style=\"color: #ff0000;\"><strong>Merci pour tous vos commentaires tr\u00e8s appr\u00e9ci\u00e9s.\u00a0 Je cours apr\u00e8s le temps.. mais c&rsquo;est lui qui gagne. Je r\u00e9pondrai&#8230; d\u00e8s que possible.<\/strong><\/span><\/p>\n","protected":false},"excerpt":{"rendered":"<p>\u00c9vanescence blonde Juste impression grav\u00e9e En quelques traits fragiles D&rsquo;un doigt absent Sur le sable Sur le sable&#8230; . . Jouant \u00e0 se faire peur Il courait, il courait L&rsquo;enfant au rire clair Plus fort que la vague Sur le sable Sur le sable&#8230;. . &nbsp; . Petit point t\u00e9n\u00e9breux Une br\u00e8ve virgule Croquant l\u2019esprit [&hellip;]<\/p>\n","protected":false},"author":1,"featured_media":0,"comment_status":"open","ping_status":"open","sticky":false,"template":"","format":"standard","meta":{"footnotes":""},"categories":[70],"tags":[1116,134,163,320,122,65],"class_list":["post-12528","post","type-post","status-publish","format-standard","hentry","category-ocean-et-bassin-darcachon","tag-enfant","tag-poeme","tag-reve","tag-sable","tag-soleil","tag-vagues"],"_links":{"self":[{"href":"https:\/\/martinemrichard.fr\/blog\/index.php?rest_route=\/wp\/v2\/posts\/12528","targetHints":{"allow":["GET"]}}],"collection":[{"href":"https:\/\/martinemrichard.fr\/blog\/index.php?rest_route=\/wp\/v2\/posts"}],"about":[{"href":"https:\/\/martinemrichard.fr\/blog\/index.php?rest_route=\/wp\/v2\/types\/post"}],"author":[{"embeddable":true,"href":"https:\/\/martinemrichard.fr\/blog\/index.php?rest_route=\/wp\/v2\/users\/1"}],"replies":[{"embeddable":true,"href":"https:\/\/martinemrichard.fr\/blog\/index.php?rest_route=%2Fwp%2Fv2%2Fcomments&post=12528"}],"version-history":[{"count":7,"href":"https:\/\/martinemrichard.fr\/blog\/index.php?rest_route=\/wp\/v2\/posts\/12528\/revisions"}],"predecessor-version":[{"id":12552,"href":"https:\/\/martinemrichard.fr\/blog\/index.php?rest_route=\/wp\/v2\/posts\/12528\/revisions\/12552"}],"wp:attachment":[{"href":"https:\/\/martinemrichard.fr\/blog\/index.php?rest_route=%2Fwp%2Fv2%2Fmedia&parent=12528"}],"wp:term":[{"taxonomy":"category","embeddable":true,"href":"https:\/\/martinemrichard.fr\/blog\/index.php?rest_route=%2Fwp%2Fv2%2Fcategories&post=12528"},{"taxonomy":"post_tag","embeddable":true,"href":"https:\/\/martinemrichard.fr\/blog\/index.php?rest_route=%2Fwp%2Fv2%2Ftags&post=12528"}],"curies":[{"name":"wp","href":"https:\/\/api.w.org\/{rel}","templated":true}]}}