{"id":12675,"date":"2018-01-21T02:24:28","date_gmt":"2018-01-21T01:24:28","guid":{"rendered":"http:\/\/martinemrichard.fr\/blog\/?p=12675"},"modified":"2018-01-28T02:21:38","modified_gmt":"2018-01-28T01:21:38","slug":"histoire-de-moineaux","status":"publish","type":"post","link":"https:\/\/martinemrichard.fr\/blog\/?p=12675","title":{"rendered":"Histoire de moineaux"},"content":{"rendered":"<p>Bayonne<img loading=\"lazy\" decoding=\"async\" class=\"alignright size-medium wp-image-12676\" src=\"https:\/\/martinemrichard.fr\/blog\/wp-content\/uploads\/2018\/01\/IMG_2195_v1-300x225.jpg\" alt=\"\" width=\"300\" height=\"225\" srcset=\"https:\/\/martinemrichard.fr\/blog\/wp-content\/uploads\/2018\/01\/IMG_2195_v1-300x225.jpg 300w, https:\/\/martinemrichard.fr\/blog\/wp-content\/uploads\/2018\/01\/IMG_2195_v1-768x576.jpg 768w, https:\/\/martinemrichard.fr\/blog\/wp-content\/uploads\/2018\/01\/IMG_2195_v1-1024x768.jpg 1024w, https:\/\/martinemrichard.fr\/blog\/wp-content\/uploads\/2018\/01\/IMG_2195_v1.jpg 1770w\" sizes=\"auto, (max-width: 300px) 100vw, 300px\" \/><\/p>\n<p>A l&rsquo;automne.<\/p>\n<p>Grondant son insatiable<\/p>\n<p>Oc\u00e9an<\/p>\n<p>Inlassable<\/p>\n<p>Semble vouloir<\/p>\n<p>D\u00e9vorer la plage.<\/p>\n<p>.<img loading=\"lazy\" decoding=\"async\" class=\"alignright size-medium wp-image-12677\" src=\"https:\/\/martinemrichard.fr\/blog\/wp-content\/uploads\/2018\/01\/IMG_2214_v1-300x240.jpg\" alt=\"\" width=\"300\" height=\"240\" srcset=\"https:\/\/martinemrichard.fr\/blog\/wp-content\/uploads\/2018\/01\/IMG_2214_v1-300x240.jpg 300w, https:\/\/martinemrichard.fr\/blog\/wp-content\/uploads\/2018\/01\/IMG_2214_v1-768x615.jpg 768w, https:\/\/martinemrichard.fr\/blog\/wp-content\/uploads\/2018\/01\/IMG_2214_v1-1024x820.jpg 1024w, https:\/\/martinemrichard.fr\/blog\/wp-content\/uploads\/2018\/01\/IMG_2214_v1.jpg 1519w\" sizes=\"auto, (max-width: 300px) 100vw, 300px\" \/><\/p>\n<p>Moineau<\/p>\n<p>Contemple<\/p>\n<p>Pantois<\/p>\n<p>Cette v\u00e9h\u00e9mence des vagues<\/p>\n<p>A rouler<\/p>\n<p>Encore et encore<\/p>\n<p>Leur boulimie sans limite.<\/p>\n<p>.<\/p>\n<p>Bassin d&rsquo;Arcachon<\/p>\n<p>\u00c9t\u00e9 de la St Martin.<\/p>\n<p>Deux moineaux prom\u00e8nent<\/p>\n<p>Leur disette quotidienne<\/p>\n<p>Entre l&rsquo;avanc\u00e9e chafouine<\/p>\n<p>De l&rsquo;ombre serpentine.<\/p>\n<p><img loading=\"lazy\" decoding=\"async\" class=\"alignright size-large wp-image-12680\" src=\"https:\/\/martinemrichard.fr\/blog\/wp-content\/uploads\/2018\/01\/IMG_8294_v1-1024x383.jpg\" alt=\"\" width=\"1024\" height=\"383\" srcset=\"https:\/\/martinemrichard.fr\/blog\/wp-content\/uploads\/2018\/01\/IMG_8294_v1-1024x383.jpg 1024w, https:\/\/martinemrichard.fr\/blog\/wp-content\/uploads\/2018\/01\/IMG_8294_v1-300x112.jpg 300w, https:\/\/martinemrichard.fr\/blog\/wp-content\/uploads\/2018\/01\/IMG_8294_v1-768x287.jpg 768w\" sizes=\"auto, (max-width: 1024px) 100vw, 1024px\" \/><\/p>\n<p>Madr\u00e9s, fut\u00e9s<\/p>\n<p>Sans cesse \u00e0 l\u2019aff\u00fbt<\/p>\n<p>Complices<\/p>\n<p>Deux sacs \u00e0 malices<\/p>\n<p>Quettent la bonne aubaine<\/p>\n<p>Quelques miettes \u00e9vad\u00e9es<\/p>\n<p>Du go\u00fbter de b\u00e9b\u00e9.<\/p>\n<p>&nbsp;<\/p>\n<p><img loading=\"lazy\" decoding=\"async\" class=\"alignright size-large wp-image-12684\" src=\"https:\/\/martinemrichard.fr\/blog\/wp-content\/uploads\/2018\/01\/IMG_2758_v1-1024x711.jpg\" alt=\"\" width=\"1024\" height=\"711\" srcset=\"https:\/\/martinemrichard.fr\/blog\/wp-content\/uploads\/2018\/01\/IMG_2758_v1-1024x711.jpg 1024w, https:\/\/martinemrichard.fr\/blog\/wp-content\/uploads\/2018\/01\/IMG_2758_v1-300x208.jpg 300w, https:\/\/martinemrichard.fr\/blog\/wp-content\/uploads\/2018\/01\/IMG_2758_v1-768x533.jpg 768w\" sizes=\"auto, (max-width: 1024px) 100vw, 1024px\" \/><\/p>\n<p>.<\/p>\n<p>&nbsp;<\/p>\n<p>MMR ( tous droits r\u00e9serv\u00e9s)<\/p>\n<p><span style=\"color: #ff0000;\"><strong>Merci pour tous vos commentaires qui sont tr\u00e8s appr\u00e9ci\u00e9s.\u00a0 <\/strong><\/span><\/p>\n","protected":false},"excerpt":{"rendered":"<p>Bayonne A l&rsquo;automne. Grondant son insatiable Oc\u00e9an Inlassable Semble vouloir D\u00e9vorer la plage. . Moineau Contemple Pantois Cette v\u00e9h\u00e9mence des vagues A rouler Encore et encore Leur boulimie sans limite. . Bassin d&rsquo;Arcachon \u00c9t\u00e9 de la St Martin. Deux moineaux prom\u00e8nent Leur disette quotidienne Entre l&rsquo;avanc\u00e9e chafouine De l&rsquo;ombre serpentine. Madr\u00e9s, fut\u00e9s Sans cesse \u00e0 [&hellip;]<\/p>\n","protected":false},"author":1,"featured_media":0,"comment_status":"open","ping_status":"open","sticky":false,"template":"","format":"standard","meta":{"footnotes":""},"categories":[70],"tags":[222,1132,501,102,65],"class_list":["post-12675","post","type-post","status-publish","format-standard","hentry","category-ocean-et-bassin-darcachon","tag-automne","tag-di","tag-moineaux","tag-ocean","tag-vagues"],"_links":{"self":[{"href":"https:\/\/martinemrichard.fr\/blog\/index.php?rest_route=\/wp\/v2\/posts\/12675","targetHints":{"allow":["GET"]}}],"collection":[{"href":"https:\/\/martinemrichard.fr\/blog\/index.php?rest_route=\/wp\/v2\/posts"}],"about":[{"href":"https:\/\/martinemrichard.fr\/blog\/index.php?rest_route=\/wp\/v2\/types\/post"}],"author":[{"embeddable":true,"href":"https:\/\/martinemrichard.fr\/blog\/index.php?rest_route=\/wp\/v2\/users\/1"}],"replies":[{"embeddable":true,"href":"https:\/\/martinemrichard.fr\/blog\/index.php?rest_route=%2Fwp%2Fv2%2Fcomments&post=12675"}],"version-history":[{"count":10,"href":"https:\/\/martinemrichard.fr\/blog\/index.php?rest_route=\/wp\/v2\/posts\/12675\/revisions"}],"predecessor-version":[{"id":12701,"href":"https:\/\/martinemrichard.fr\/blog\/index.php?rest_route=\/wp\/v2\/posts\/12675\/revisions\/12701"}],"wp:attachment":[{"href":"https:\/\/martinemrichard.fr\/blog\/index.php?rest_route=%2Fwp%2Fv2%2Fmedia&parent=12675"}],"wp:term":[{"taxonomy":"category","embeddable":true,"href":"https:\/\/martinemrichard.fr\/blog\/index.php?rest_route=%2Fwp%2Fv2%2Fcategories&post=12675"},{"taxonomy":"post_tag","embeddable":true,"href":"https:\/\/martinemrichard.fr\/blog\/index.php?rest_route=%2Fwp%2Fv2%2Ftags&post=12675"}],"curies":[{"name":"wp","href":"https:\/\/api.w.org\/{rel}","templated":true}]}}