{"id":12702,"date":"2018-03-04T01:06:40","date_gmt":"2018-03-04T00:06:40","guid":{"rendered":"http:\/\/martinemrichard.fr\/blog\/?p=12702"},"modified":"2018-03-10T06:50:42","modified_gmt":"2018-03-10T05:50:42","slug":"loiseau-de-mer","status":"publish","type":"post","link":"https:\/\/martinemrichard.fr\/blog\/?p=12702","title":{"rendered":"L&rsquo;oiseau de mer"},"content":{"rendered":"<p>Une seconde d&rsquo;\u00e9ternit\u00e9<img loading=\"lazy\" decoding=\"async\" class=\"alignright size-medium wp-image-12869\" src=\"https:\/\/martinemrichard.fr\/blog\/wp-content\/uploads\/2018\/03\/IMG_7609_v1-300x209.jpg\" alt=\"\" width=\"300\" height=\"209\" srcset=\"https:\/\/martinemrichard.fr\/blog\/wp-content\/uploads\/2018\/03\/IMG_7609_v1-300x209.jpg 300w, https:\/\/martinemrichard.fr\/blog\/wp-content\/uploads\/2018\/03\/IMG_7609_v1-768x536.jpg 768w, https:\/\/martinemrichard.fr\/blog\/wp-content\/uploads\/2018\/03\/IMG_7609_v1-1024x715.jpg 1024w, https:\/\/martinemrichard.fr\/blog\/wp-content\/uploads\/2018\/03\/IMG_7609_v1.jpg 1772w\" sizes=\"auto, (max-width: 300px) 100vw, 300px\" \/><\/p>\n<p>Juste une seule<\/p>\n<p>A l&rsquo;entre-deux du Temps<\/p>\n<p>Celui de son errance<\/p>\n<p>Piquant ici et l\u00e0<\/p>\n<p>La m\u00e9moire du sable.<\/p>\n<p>.<\/p>\n<p>Une seconde d\u2019\u00e9ternit\u00e9<img loading=\"lazy\" decoding=\"async\" class=\"alignright size-medium wp-image-12870\" src=\"https:\/\/martinemrichard.fr\/blog\/wp-content\/uploads\/2018\/03\/IMG_7910_v1-300x225.jpg\" alt=\"\" width=\"300\" height=\"225\" srcset=\"https:\/\/martinemrichard.fr\/blog\/wp-content\/uploads\/2018\/03\/IMG_7910_v1-300x225.jpg 300w, https:\/\/martinemrichard.fr\/blog\/wp-content\/uploads\/2018\/03\/IMG_7910_v1-768x576.jpg 768w, https:\/\/martinemrichard.fr\/blog\/wp-content\/uploads\/2018\/03\/IMG_7910_v1-1024x768.jpg 1024w\" sizes=\"auto, (max-width: 300px) 100vw, 300px\" \/><\/p>\n<p>Juste un signe<\/p>\n<p>Au reflux de la vague<\/p>\n<p>Celle de son empreinte<\/p>\n<p>\u00c9ph\u00e9m\u00e8re brod\u00e9<\/p>\n<p>A petits points fil\u00e9s&#8230;<\/p>\n<p>.<\/p>\n<p><img loading=\"lazy\" decoding=\"async\" class=\"alignright size-large wp-image-12708\" src=\"https:\/\/martinemrichard.fr\/blog\/wp-content\/uploads\/2018\/02\/IMG_0268_v1-1024x768.jpg\" alt=\"\" width=\"1024\" height=\"768\" srcset=\"https:\/\/martinemrichard.fr\/blog\/wp-content\/uploads\/2018\/02\/IMG_0268_v1-1024x768.jpg 1024w, https:\/\/martinemrichard.fr\/blog\/wp-content\/uploads\/2018\/02\/IMG_0268_v1-300x225.jpg 300w, https:\/\/martinemrichard.fr\/blog\/wp-content\/uploads\/2018\/02\/IMG_0268_v1-768x576.jpg 768w, https:\/\/martinemrichard.fr\/blog\/wp-content\/uploads\/2018\/02\/IMG_0268_v1.jpg 1770w\" sizes=\"auto, (max-width: 1024px) 100vw, 1024px\" \/><\/p>\n<p>MMR ( tous droits r\u00e9serv\u00e9s)<\/p>\n<p><span style=\"color: #ff0000;\"><strong>Merci pour vos r\u00e9actions, vos jolis mots en ricochets. Que \u00e7a fait plaisir!<\/strong> <\/span><\/p>\n","protected":false},"excerpt":{"rendered":"<p>Une seconde d&rsquo;\u00e9ternit\u00e9 Juste une seule A l&rsquo;entre-deux du Temps Celui de son errance Piquant ici et l\u00e0 La m\u00e9moire du sable. . Une seconde d\u2019\u00e9ternit\u00e9 Juste un signe Au reflux de la vague Celle de son empreinte \u00c9ph\u00e9m\u00e8re brod\u00e9 A petits points fil\u00e9s&#8230; . MMR ( tous droits r\u00e9serv\u00e9s) Merci pour vos r\u00e9actions, vos [&hellip;]<\/p>\n","protected":false},"author":1,"featured_media":0,"comment_status":"open","ping_status":"open","sticky":false,"template":"","format":"standard","meta":{"footnotes":""},"categories":[70],"tags":[265,102,134,62,65],"class_list":["post-12702","post","type-post","status-publish","format-standard","hentry","category-ocean-et-bassin-darcachon","tag-mouette","tag-ocean","tag-poeme","tag-temps","tag-vagues"],"_links":{"self":[{"href":"https:\/\/martinemrichard.fr\/blog\/index.php?rest_route=\/wp\/v2\/posts\/12702","targetHints":{"allow":["GET"]}}],"collection":[{"href":"https:\/\/martinemrichard.fr\/blog\/index.php?rest_route=\/wp\/v2\/posts"}],"about":[{"href":"https:\/\/martinemrichard.fr\/blog\/index.php?rest_route=\/wp\/v2\/types\/post"}],"author":[{"embeddable":true,"href":"https:\/\/martinemrichard.fr\/blog\/index.php?rest_route=\/wp\/v2\/users\/1"}],"replies":[{"embeddable":true,"href":"https:\/\/martinemrichard.fr\/blog\/index.php?rest_route=%2Fwp%2Fv2%2Fcomments&post=12702"}],"version-history":[{"count":8,"href":"https:\/\/martinemrichard.fr\/blog\/index.php?rest_route=\/wp\/v2\/posts\/12702\/revisions"}],"predecessor-version":[{"id":12885,"href":"https:\/\/martinemrichard.fr\/blog\/index.php?rest_route=\/wp\/v2\/posts\/12702\/revisions\/12885"}],"wp:attachment":[{"href":"https:\/\/martinemrichard.fr\/blog\/index.php?rest_route=%2Fwp%2Fv2%2Fmedia&parent=12702"}],"wp:term":[{"taxonomy":"category","embeddable":true,"href":"https:\/\/martinemrichard.fr\/blog\/index.php?rest_route=%2Fwp%2Fv2%2Fcategories&post=12702"},{"taxonomy":"post_tag","embeddable":true,"href":"https:\/\/martinemrichard.fr\/blog\/index.php?rest_route=%2Fwp%2Fv2%2Ftags&post=12702"}],"curies":[{"name":"wp","href":"https:\/\/api.w.org\/{rel}","templated":true}]}}