{"id":12729,"date":"2020-11-22T04:51:49","date_gmt":"2020-11-22T03:51:49","guid":{"rendered":"http:\/\/martinemrichard.fr\/blog\/?p=12729"},"modified":"2020-11-22T04:51:49","modified_gmt":"2020-11-22T03:51:49","slug":"bleu-bleuet","status":"publish","type":"post","link":"https:\/\/martinemrichard.fr\/blog\/?p=12729","title":{"rendered":"bleu bleuet"},"content":{"rendered":"<p>&nbsp;<\/p>\n<p>Bleu bleuet<img loading=\"lazy\" decoding=\"async\" class=\"alignright size-large wp-image-12730\" src=\"https:\/\/martinemrichard.fr\/blog\/wp-content\/uploads\/2018\/02\/IMG_5821_v3-627x1024.jpg\" alt=\"\" width=\"627\" height=\"1024\" srcset=\"https:\/\/martinemrichard.fr\/blog\/wp-content\/uploads\/2018\/02\/IMG_5821_v3-627x1024.jpg 627w, https:\/\/martinemrichard.fr\/blog\/wp-content\/uploads\/2018\/02\/IMG_5821_v3-184x300.jpg 184w, https:\/\/martinemrichard.fr\/blog\/wp-content\/uploads\/2018\/02\/IMG_5821_v3-768x1255.jpg 768w, https:\/\/martinemrichard.fr\/blog\/wp-content\/uploads\/2018\/02\/IMG_5821_v3.jpg 1285w\" sizes=\"auto, (max-width: 627px) 100vw, 627px\" \/><\/p>\n<p>Elle saute et saute encore<\/p>\n<p>Chevrette insouciante, biquette mutine<\/p>\n<p>La soie de ses jambes accroche la lumi\u00e8re<\/p>\n<p>D\u00e9robe en douce \u00e0 juillet son teint\u00a0 coquelicot<\/p>\n<p>&nbsp;<\/p>\n<p>Bleu bleuet<\/p>\n<p>Son regard embrasse l&rsquo;air, la vie, la prairie d&rsquo;herbes folles<\/p>\n<p>Son rire clair\u00a0 jaillit\u00a0 \u00e0 l&rsquo;assaut d&rsquo;un nuage<\/p>\n<p>Cueille grain \u00e0 grain la chanson des\u00a0 bl\u00e9s blonds<\/p>\n<p>La tresse au talent strident d&rsquo;un grillon musicien<\/p>\n<p>&nbsp;<\/p>\n<p>Bleu bleuet<\/p>\n<p>Farfadet malicieux singeant les papillons<\/p>\n<p>La fille transalpine danse et cabriole<\/p>\n<p>Taquine un criquet trop gourmand de f\u00e9tuque<\/p>\n<p>Entraine dans sa gigue toute la cr\u00e9ation.<\/p>\n<p>.<\/p>\n<p>\u0152uvre r\u00e9alis\u00e9e aux pastels secs .<\/p>\n<p>MMR ( tous droits r\u00e9serv\u00e9s)<\/p>\n","protected":false},"excerpt":{"rendered":"<p>&nbsp; Bleu bleuet Elle saute et saute encore Chevrette insouciante, biquette mutine La soie de ses jambes accroche la lumi\u00e8re D\u00e9robe en douce \u00e0 juillet son teint\u00a0 coquelicot &nbsp; Bleu bleuet Son regard embrasse l&rsquo;air, la vie, la prairie d&rsquo;herbes folles Son rire clair\u00a0 jaillit\u00a0 \u00e0 l&rsquo;assaut d&rsquo;un nuage Cueille grain \u00e0 grain la chanson [&hellip;]<\/p>\n","protected":false},"author":1,"featured_media":0,"comment_status":"open","ping_status":"open","sticky":false,"template":"","format":"standard","meta":{"footnotes":""},"categories":[69,4],"tags":[61,1276,1279,160,650,1277,126,18,1278],"class_list":["post-12729","post","type-post","status-publish","format-standard","hentry","category-mes-oeuvres","category-poemes","tag-bleu","tag-bleuet","tag-chevrette","tag-ete","tag-grillon","tag-herbes-folles","tag-juillet","tag-pastels","tag-prairie"],"_links":{"self":[{"href":"https:\/\/martinemrichard.fr\/blog\/index.php?rest_route=\/wp\/v2\/posts\/12729","targetHints":{"allow":["GET"]}}],"collection":[{"href":"https:\/\/martinemrichard.fr\/blog\/index.php?rest_route=\/wp\/v2\/posts"}],"about":[{"href":"https:\/\/martinemrichard.fr\/blog\/index.php?rest_route=\/wp\/v2\/types\/post"}],"author":[{"embeddable":true,"href":"https:\/\/martinemrichard.fr\/blog\/index.php?rest_route=\/wp\/v2\/users\/1"}],"replies":[{"embeddable":true,"href":"https:\/\/martinemrichard.fr\/blog\/index.php?rest_route=%2Fwp%2Fv2%2Fcomments&post=12729"}],"version-history":[{"count":31,"href":"https:\/\/martinemrichard.fr\/blog\/index.php?rest_route=\/wp\/v2\/posts\/12729\/revisions"}],"predecessor-version":[{"id":15041,"href":"https:\/\/martinemrichard.fr\/blog\/index.php?rest_route=\/wp\/v2\/posts\/12729\/revisions\/15041"}],"wp:attachment":[{"href":"https:\/\/martinemrichard.fr\/blog\/index.php?rest_route=%2Fwp%2Fv2%2Fmedia&parent=12729"}],"wp:term":[{"taxonomy":"category","embeddable":true,"href":"https:\/\/martinemrichard.fr\/blog\/index.php?rest_route=%2Fwp%2Fv2%2Fcategories&post=12729"},{"taxonomy":"post_tag","embeddable":true,"href":"https:\/\/martinemrichard.fr\/blog\/index.php?rest_route=%2Fwp%2Fv2%2Ftags&post=12729"}],"curies":[{"name":"wp","href":"https:\/\/api.w.org\/{rel}","templated":true}]}}