{"id":12734,"date":"2018-02-25T07:26:28","date_gmt":"2018-02-25T06:26:28","guid":{"rendered":"http:\/\/martinemrichard.fr\/blog\/?p=12734"},"modified":"2018-03-04T01:12:07","modified_gmt":"2018-03-04T00:12:07","slug":"liris-hollandais","status":"publish","type":"post","link":"https:\/\/martinemrichard.fr\/blog\/?p=12734","title":{"rendered":"L&rsquo;iris hollandais"},"content":{"rendered":"<p>L&rsquo;iris<img loading=\"lazy\" decoding=\"async\" class=\"alignright size-large wp-image-12735\" src=\"https:\/\/martinemrichard.fr\/blog\/wp-content\/uploads\/2018\/02\/iris-hollandais--767x1024.jpg\" alt=\"\" width=\"767\" height=\"1024\" srcset=\"https:\/\/martinemrichard.fr\/blog\/wp-content\/uploads\/2018\/02\/iris-hollandais--767x1024.jpg 767w, https:\/\/martinemrichard.fr\/blog\/wp-content\/uploads\/2018\/02\/iris-hollandais--225x300.jpg 225w, https:\/\/martinemrichard.fr\/blog\/wp-content\/uploads\/2018\/02\/iris-hollandais--768x1026.jpg 768w, https:\/\/martinemrichard.fr\/blog\/wp-content\/uploads\/2018\/02\/iris-hollandais-.jpg 1721w\" sizes=\"auto, (max-width: 767px) 100vw, 767px\" \/><\/p>\n<p>Empes\u00e9 de langueur<\/p>\n<p>D&rsquo;envie de feu solaire<\/p>\n<p>Il tend vers le ciel volage<\/p>\n<p>Sa guimpe accueillante.<\/p>\n<p>L&rsquo;iris<\/p>\n<p>A l&rsquo;amer des nuages<\/p>\n<p>Roulant bord sur bord<\/p>\n<p>Leurs ventres lourds de pluies<\/p>\n<p>Admirez sa vaillance.<\/p>\n<p>L&rsquo;iris<\/p>\n<p>Sous l&rsquo;ombre du jour fuyant<\/p>\n<p>Claironne \u00e0 tous les vents<\/p>\n<p>Abeilles et papillons<\/p>\n<p>\u00ab\u00a0Mon c\u0153ur est \u00e0 aimer\u00a0\u00bb<\/p>\n<p>L&rsquo;iris<\/p>\n<p>Safran\u00e9 en ses courbes<\/p>\n<p>Pigment\u00e9es de passion<\/p>\n<p>L&rsquo;essence de sa vie<\/p>\n<p>S\u2019enflamme au soleil<\/p>\n<p>L&rsquo;iris<\/p>\n<p>Anis-menthe ou olive<\/p>\n<p>Ses verts app\u00e9tissants<\/p>\n<p>Accueillent en leurs ombres<\/p>\n<p>Flirts \u00e9lytres et antennes.<\/p>\n<p>.<\/p>\n<p>MMR( tous droits r\u00e9serv\u00e9s)<\/p>\n<p>Ce pastel est actuellement expos\u00e9 \u00e0 l&rsquo;Ehpad A. Ch\u00e9nier \u00e0 Limoux, et ce, jusqu&rsquo;au 30 mars 2018<\/p>\n<p><span style=\"color: #ff0000;\"><strong>Merci pour tous vos commentaires qui sont tr\u00e8s appr\u00e9ci\u00e9s.<\/strong><\/span><\/p>\n","protected":false},"excerpt":{"rendered":"<p>L&rsquo;iris Empes\u00e9 de langueur D&rsquo;envie de feu solaire Il tend vers le ciel volage Sa guimpe accueillante. L&rsquo;iris A l&rsquo;amer des nuages Roulant bord sur bord Leurs ventres lourds de pluies Admirez sa vaillance. L&rsquo;iris Sous l&rsquo;ombre du jour fuyant Claironne \u00e0 tous les vents Abeilles et papillons \u00ab\u00a0Mon c\u0153ur est \u00e0 aimer\u00a0\u00bb L&rsquo;iris Safran\u00e9 [&hellip;]<\/p>\n","protected":false},"author":1,"featured_media":0,"comment_status":"open","ping_status":"open","sticky":false,"template":"","format":"standard","meta":{"footnotes":""},"categories":[69,4],"tags":[1141,1140],"class_list":["post-12734","post","type-post","status-publish","format-standard","hentry","category-mes-oeuvres","category-poemes","tag-iris-hollandais","tag-pastel"],"_links":{"self":[{"href":"https:\/\/martinemrichard.fr\/blog\/index.php?rest_route=\/wp\/v2\/posts\/12734","targetHints":{"allow":["GET"]}}],"collection":[{"href":"https:\/\/martinemrichard.fr\/blog\/index.php?rest_route=\/wp\/v2\/posts"}],"about":[{"href":"https:\/\/martinemrichard.fr\/blog\/index.php?rest_route=\/wp\/v2\/types\/post"}],"author":[{"embeddable":true,"href":"https:\/\/martinemrichard.fr\/blog\/index.php?rest_route=\/wp\/v2\/users\/1"}],"replies":[{"embeddable":true,"href":"https:\/\/martinemrichard.fr\/blog\/index.php?rest_route=%2Fwp%2Fv2%2Fcomments&post=12734"}],"version-history":[{"count":22,"href":"https:\/\/martinemrichard.fr\/blog\/index.php?rest_route=\/wp\/v2\/posts\/12734\/revisions"}],"predecessor-version":[{"id":12875,"href":"https:\/\/martinemrichard.fr\/blog\/index.php?rest_route=\/wp\/v2\/posts\/12734\/revisions\/12875"}],"wp:attachment":[{"href":"https:\/\/martinemrichard.fr\/blog\/index.php?rest_route=%2Fwp%2Fv2%2Fmedia&parent=12734"}],"wp:term":[{"taxonomy":"category","embeddable":true,"href":"https:\/\/martinemrichard.fr\/blog\/index.php?rest_route=%2Fwp%2Fv2%2Fcategories&post=12734"},{"taxonomy":"post_tag","embeddable":true,"href":"https:\/\/martinemrichard.fr\/blog\/index.php?rest_route=%2Fwp%2Fv2%2Ftags&post=12734"}],"curies":[{"name":"wp","href":"https:\/\/api.w.org\/{rel}","templated":true}]}}