{"id":12892,"date":"2018-03-16T02:54:39","date_gmt":"2018-03-16T01:54:39","guid":{"rendered":"http:\/\/martinemrichard.fr\/blog\/?p=12892"},"modified":"2018-03-25T02:11:04","modified_gmt":"2018-03-25T01:11:04","slug":"le-vent-locean-et-le-peintre","status":"publish","type":"post","link":"https:\/\/martinemrichard.fr\/blog\/?p=12892","title":{"rendered":"Le vent, l&rsquo;oc\u00e9an et le peintre"},"content":{"rendered":"<p>Pour l&rsquo;Herbier de po\u00e9sie, Adamante,<a href=\"https:\/\/imagesreves.blogspot.fr\/2018\/03\/page-104-lhorizon-de-paul-bennet.html\"> <span style=\"color: #0000ff;\"><strong>ICI<\/strong><\/span><\/a>, nous propose d&rsquo;\u00e9crire sur une toile de l&rsquo;artiste britannique Paul Bennet : https:\/\/www.facebook.com\/Paul.Bennett.Artist\/<\/p>\n<p>.<\/p>\n<p>Le vent vocif\u00e8re , glapit, invective la plage d\u00e9sert\u00e9e.<\/p>\n<p>.<\/p>\n<p>Noro\u00eet insensible-<\/p>\n<p>Sur la plage aux crustac\u00e9s<\/p>\n<p>Ni BB,* ni touristes<\/p>\n<p>.<\/p>\n<p>Il aime ce temps,\u00a0 l&rsquo;appr\u00e9cie, le recherche.\u00a0 Ciel col\u00e9rique + oc\u00e9an bouillonnant= tableau fascinant. De quoi exalter sa cr\u00e9ativit\u00e9. L&rsquo;artiste solitaire, po\u00e8te \u00e0 ses heures,\u00a0 parle aux nuages, versifie\u00a0 sur leur neige ourl\u00e9e fum\u00e9e de bois.<\/p>\n<p>.<\/p>\n<p>Au c\u0153ur du tumulte<\/p>\n<p>Bouscul\u00e9, tiraill\u00e9<\/p>\n<p>Mais<\/p>\n<p>Son c\u0153ur si serein<\/p>\n<p>.<\/p>\n<p>Sans pinceaux ni crayons, il peint avec ses yeux, son \u00e2me fervente. Cet amer \u00e9meraude! Et l\u00e0!\u00a0 l\u00e0!\u00a0 Ce vert sapin si profond, si herm\u00e9tique qu&rsquo;il se heurte \u00e0 ceux, mouvants, de l&rsquo;oc\u00e9an. L&rsquo;eau r\u00e9pond \u00e0 l&rsquo;appel du vent. Vague apr\u00e8s vague,\u00a0 elle roule encore et encore ses mots abyssaux, ses verbes inconnus. Puis vient,\u00a0 hargneuse,\u00a0 baver son sel aux pieds du peintre indiff\u00e9rent.<\/p>\n<p>.<\/p>\n<p>Sur la gr\u00e8ve<\/p>\n<p>\u00c9ph\u00e9m\u00e8re<\/p>\n<p>L&rsquo;\u00e9loquence marine.<\/p>\n<p>Page abstraite<\/p>\n<p>\u00c9cho romantique<\/p>\n<p>Celle de l&rsquo;artiste<\/p>\n<p>.<\/p>\n<p>MMR ( tous droits r\u00e9serv\u00e9s)<\/p>\n<p>*r\u00e9f\u00e9rence \u00e0 BB: Brigitte Bardot et sa chanson:\u00a0 La Madrague<\/p>\n<p>\u00ab\u00a0Sur la plage abandonn\u00e9e<br \/>\nCoquillage et crustac\u00e9s<br \/>\nQui l&rsquo;e\u00fbt cru d\u00e9plorent la perte de l&rsquo;\u00e9t\u00e9<br \/>\nQui depuis s&rsquo;en est all\u00e9\u00a0\u00bb<\/p>\n<p><span style=\"color: #ff0000;\"><strong>Merci pour tous vos commentaires qui sont tr\u00e8s appr\u00e9ci\u00e9s.<\/strong><\/span><\/p>\n<p><img loading=\"lazy\" decoding=\"async\" class=\"alignright size-full wp-image-12893\" src=\"https:\/\/martinemrichard.fr\/blog\/wp-content\/uploads\/2018\/03\/P-Bennet-Familiar-Ground-3.jpg\" alt=\"\" width=\"640\" height=\"640\" srcset=\"https:\/\/martinemrichard.fr\/blog\/wp-content\/uploads\/2018\/03\/P-Bennet-Familiar-Ground-3.jpg 640w, https:\/\/martinemrichard.fr\/blog\/wp-content\/uploads\/2018\/03\/P-Bennet-Familiar-Ground-3-150x150.jpg 150w, https:\/\/martinemrichard.fr\/blog\/wp-content\/uploads\/2018\/03\/P-Bennet-Familiar-Ground-3-300x300.jpg 300w\" sizes=\"auto, (max-width: 640px) 100vw, 640px\" \/><\/p>\n","protected":false},"excerpt":{"rendered":"<p>Pour l&rsquo;Herbier de po\u00e9sie, Adamante, ICI, nous propose d&rsquo;\u00e9crire sur une toile de l&rsquo;artiste britannique Paul Bennet : https:\/\/www.facebook.com\/Paul.Bennett.Artist\/ . Le vent vocif\u00e8re , glapit, invective la plage d\u00e9sert\u00e9e. . Noro\u00eet insensible- Sur la plage aux crustac\u00e9s Ni BB,* ni touristes . Il aime ce temps,\u00a0 l&rsquo;appr\u00e9cie, le recherche.\u00a0 Ciel col\u00e9rique + oc\u00e9an bouillonnant= tableau [&hellip;]<\/p>\n","protected":false},"author":1,"featured_media":0,"comment_status":"open","ping_status":"open","sticky":false,"template":"","format":"standard","meta":{"footnotes":""},"categories":[900],"tags":[1142,227,930,102,39,62,103,219],"class_list":["post-12892","post","type-post","status-publish","format-standard","hentry","category-lherbier-de-poesie","tag-artiste","tag-emeraude","tag-leau","tag-ocean","tag-peinture","tag-temps","tag-vent","tag-vert"],"_links":{"self":[{"href":"https:\/\/martinemrichard.fr\/blog\/index.php?rest_route=\/wp\/v2\/posts\/12892","targetHints":{"allow":["GET"]}}],"collection":[{"href":"https:\/\/martinemrichard.fr\/blog\/index.php?rest_route=\/wp\/v2\/posts"}],"about":[{"href":"https:\/\/martinemrichard.fr\/blog\/index.php?rest_route=\/wp\/v2\/types\/post"}],"author":[{"embeddable":true,"href":"https:\/\/martinemrichard.fr\/blog\/index.php?rest_route=\/wp\/v2\/users\/1"}],"replies":[{"embeddable":true,"href":"https:\/\/martinemrichard.fr\/blog\/index.php?rest_route=%2Fwp%2Fv2%2Fcomments&post=12892"}],"version-history":[{"count":12,"href":"https:\/\/martinemrichard.fr\/blog\/index.php?rest_route=\/wp\/v2\/posts\/12892\/revisions"}],"predecessor-version":[{"id":12919,"href":"https:\/\/martinemrichard.fr\/blog\/index.php?rest_route=\/wp\/v2\/posts\/12892\/revisions\/12919"}],"wp:attachment":[{"href":"https:\/\/martinemrichard.fr\/blog\/index.php?rest_route=%2Fwp%2Fv2%2Fmedia&parent=12892"}],"wp:term":[{"taxonomy":"category","embeddable":true,"href":"https:\/\/martinemrichard.fr\/blog\/index.php?rest_route=%2Fwp%2Fv2%2Fcategories&post=12892"},{"taxonomy":"post_tag","embeddable":true,"href":"https:\/\/martinemrichard.fr\/blog\/index.php?rest_route=%2Fwp%2Fv2%2Ftags&post=12892"}],"curies":[{"name":"wp","href":"https:\/\/api.w.org\/{rel}","templated":true}]}}