{"id":12988,"date":"2018-04-25T01:00:03","date_gmt":"2018-04-25T00:00:03","guid":{"rendered":"http:\/\/martinemrichard.fr\/blog\/?p=12988"},"modified":"2018-05-13T03:45:22","modified_gmt":"2018-05-13T02:45:22","slug":"salon-international-de-pastel-grand-sud","status":"publish","type":"post","link":"https:\/\/martinemrichard.fr\/blog\/?p=12988","title":{"rendered":"Salon International de Pastel Grand Sud"},"content":{"rendered":"<p>Samedi 21 avril 2018 a d\u00e9marr\u00e9 le grand <img loading=\"lazy\" decoding=\"async\" class=\"alignright size-large wp-image-12727\" src=\"https:\/\/martinemrichard.fr\/blog\/wp-content\/uploads\/2010\/03\/affiche-madelaine-richard-724x1024.jpg\" alt=\"\" width=\"724\" height=\"1024\" srcset=\"https:\/\/martinemrichard.fr\/blog\/wp-content\/uploads\/2010\/03\/affiche-madelaine-richard-724x1024.jpg 724w, https:\/\/martinemrichard.fr\/blog\/wp-content\/uploads\/2010\/03\/affiche-madelaine-richard-212x300.jpg 212w, https:\/\/martinemrichard.fr\/blog\/wp-content\/uploads\/2010\/03\/affiche-madelaine-richard-768x1086.jpg 768w\" sizes=\"auto, (max-width: 724px) 100vw, 724px\" \/>salon de pastels de Villepinte (11).<\/p>\n<p>Quel plaisir au vernissage de retrouver beaucoup de connaissances, d&rsquo;amis, d&rsquo;artistes tr\u00e8s appr\u00e9ci\u00e9s. Vers 18h15, Paul Dussel, pr\u00e9sident de l&rsquo;association l&rsquo;Avant Th\u00e9\u00e2tre, organisatrice de l\u2019\u00e9v\u00e9nement, a demand\u00e9 aux exposants de le rejoindre sur la sc\u00e8ne. Apr\u00e8s un petit discours\u00a0 Paul a pr\u00e9sent\u00e9 chacun des 40 artistes avec gentillesse et humour.<\/p>\n<p>Ce salon offre la possibilit\u00e9 de d\u00e9couvrir des pastellistes vivant loin de notre d\u00e9partement de l&rsquo;Aude. Beaucoup de talents diff\u00e9rents, de\u00a0 la tr\u00e8s haute technicit\u00e9.\u00a0 Une manifestation majeure. A voir absolument pour celles et ceux qui peuvent se d\u00e9placer.<\/p>\n<p>Discours du pr\u00e9sident et de nombreuses photos du vernissage en cliquant sur le lien du blog de l&rsquo;Avant Th\u00e9\u00e2tre<a href=\"http:\/\/lavanttheatre.over-blog.com\/2018\/04\/vernissage-du-5-salon-international-de-pastel-grand-sud-villepinte-aude.html\"><span style=\"color: #0000ff;\"><strong> ICI<\/strong>\u00a0 <\/span><\/a><\/p>\n<p>Pour ma part j&rsquo;ai retrouv\u00e9 avec joie mes deux amies Sylvie Berman et Fran\u00e7oise Chemla avec qui j&rsquo;avais expos\u00e9 en f\u00e9vrier \/mars 2018 \u00e0 l&rsquo;Ehpad de Limoux.\u00a0 Pour m\u00e9moire, retour sur le sujet <a href=\"https:\/\/martinemrichard.fr\/blog\/?p=12757\"><span style=\"color: #0000ff;\"><strong>ICI<\/strong> <\/span><\/a><\/p>\n<p>Et puis&#8230;<\/p>\n<p>Et puis&#8230;<\/p>\n<p>Rencontre avec Chatou\u00a0 avec qui j&rsquo;\u00e9change depuis plusieurs ann\u00e9es par blogs interpos\u00e9s. Une femme adorable, tr\u00e8s sympathique. Moment fort et \u00e9mouvant. <img loading=\"lazy\" decoding=\"async\" class=\"alignright size-medium wp-image-12991\" src=\"https:\/\/martinemrichard.fr\/blog\/wp-content\/uploads\/2018\/04\/IMG_4537_v1-225x300.jpg\" alt=\"\" width=\"225\" height=\"300\" srcset=\"https:\/\/martinemrichard.fr\/blog\/wp-content\/uploads\/2018\/04\/IMG_4537_v1-225x300.jpg 225w, https:\/\/martinemrichard.fr\/blog\/wp-content\/uploads\/2018\/04\/IMG_4537_v1-768x1024.jpg 768w, https:\/\/martinemrichard.fr\/blog\/wp-content\/uploads\/2018\/04\/IMG_4537_v1.jpg 1327w\" sizes=\"auto, (max-width: 225px) 100vw, 225px\" \/><\/p>\n<p>Lien vers ses blogs <a href=\"http:\/\/www.beaute-de-dame-nature.org\/\"><span style=\"color: #0000ff;\"><strong>ICI<\/strong><\/span> <\/a>et <a href=\"https:\/\/villasavarymonvillage.wordpress.com\/\"><span style=\"color: #0000ff;\"><strong>ICI\u00a0<\/strong> <\/span><\/a><\/p>\n<p>Ci-contre, votre servante .<\/p>\n<p>Il y avait tant de monde que je n&rsquo;ai pas pu saluer toutes celles et ceux que je connaissais. Je les prie de m&rsquo;en excuser.<\/p>\n<p>MMR ( tous droits r\u00e9serv\u00e9s)<\/p>\n<p><span style=\"color: #ff0000;\"><strong>Petite pause Blog<\/strong><\/span><\/p>\n<p><span style=\"color: #ff0000;\"><strong>Du fond du coeur, merci \u00e0 toutes et \u00e0 tous pour votre soutien, vos compliments\u00a0 et toute cette gentillesse\u00a0 offerte. <\/strong><\/span><\/p>\n<p>&nbsp;<\/p>\n<p><img loading=\"lazy\" decoding=\"async\" class=\"alignright size-full wp-image-13001\" src=\"https:\/\/martinemrichard.fr\/blog\/wp-content\/uploads\/2018\/04\/ob_d60eae_vernissage-50_v1.jpg\" alt=\"\" width=\"706\" height=\"472\" srcset=\"https:\/\/martinemrichard.fr\/blog\/wp-content\/uploads\/2018\/04\/ob_d60eae_vernissage-50_v1.jpg 706w, https:\/\/martinemrichard.fr\/blog\/wp-content\/uploads\/2018\/04\/ob_d60eae_vernissage-50_v1-300x201.jpg 300w\" sizes=\"auto, (max-width: 706px) 100vw, 706px\" \/><\/p>\n","protected":false},"excerpt":{"rendered":"<p>Samedi 21 avril 2018 a d\u00e9marr\u00e9 le grand salon de pastels de Villepinte (11). Quel plaisir au vernissage de retrouver beaucoup de connaissances, d&rsquo;amis, d&rsquo;artistes tr\u00e8s appr\u00e9ci\u00e9s. Vers 18h15, Paul Dussel, pr\u00e9sident de l&rsquo;association l&rsquo;Avant Th\u00e9\u00e2tre, organisatrice de l\u2019\u00e9v\u00e9nement, a demand\u00e9 aux exposants de le rejoindre sur la sc\u00e8ne. Apr\u00e8s un petit discours\u00a0 Paul a [&hellip;]<\/p>\n","protected":false},"author":1,"featured_media":0,"comment_status":"open","ping_status":"open","sticky":false,"template":"","format":"standard","meta":{"footnotes":""},"categories":[34],"tags":[17,18,1148],"class_list":["post-12988","post","type-post","status-publish","format-standard","hentry","category-expositions","tag-exposition","tag-pastels","tag-salon-international-de-pastel-grand-sud"],"_links":{"self":[{"href":"https:\/\/martinemrichard.fr\/blog\/index.php?rest_route=\/wp\/v2\/posts\/12988","targetHints":{"allow":["GET"]}}],"collection":[{"href":"https:\/\/martinemrichard.fr\/blog\/index.php?rest_route=\/wp\/v2\/posts"}],"about":[{"href":"https:\/\/martinemrichard.fr\/blog\/index.php?rest_route=\/wp\/v2\/types\/post"}],"author":[{"embeddable":true,"href":"https:\/\/martinemrichard.fr\/blog\/index.php?rest_route=\/wp\/v2\/users\/1"}],"replies":[{"embeddable":true,"href":"https:\/\/martinemrichard.fr\/blog\/index.php?rest_route=%2Fwp%2Fv2%2Fcomments&post=12988"}],"version-history":[{"count":15,"href":"https:\/\/martinemrichard.fr\/blog\/index.php?rest_route=\/wp\/v2\/posts\/12988\/revisions"}],"predecessor-version":[{"id":13027,"href":"https:\/\/martinemrichard.fr\/blog\/index.php?rest_route=\/wp\/v2\/posts\/12988\/revisions\/13027"}],"wp:attachment":[{"href":"https:\/\/martinemrichard.fr\/blog\/index.php?rest_route=%2Fwp%2Fv2%2Fmedia&parent=12988"}],"wp:term":[{"taxonomy":"category","embeddable":true,"href":"https:\/\/martinemrichard.fr\/blog\/index.php?rest_route=%2Fwp%2Fv2%2Fcategories&post=12988"},{"taxonomy":"post_tag","embeddable":true,"href":"https:\/\/martinemrichard.fr\/blog\/index.php?rest_route=%2Fwp%2Fv2%2Ftags&post=12988"}],"curies":[{"name":"wp","href":"https:\/\/api.w.org\/{rel}","templated":true}]}}