{"id":1323,"date":"2011-03-25T05:46:51","date_gmt":"2011-03-25T03:46:51","guid":{"rendered":"http:\/\/martinemrichard.fr\/blog\/?p=1323"},"modified":"2011-05-14T10:12:40","modified_gmt":"2011-05-14T08:12:40","slug":"la-ronde-des-fleurs-haibun","status":"publish","type":"post","link":"https:\/\/martinemrichard.fr\/blog\/?p=1323","title":{"rendered":"La ronde des fleurs"},"content":{"rendered":"<p>Pour le rendez-vous du \u00ab\u00a0Coucou du ha\u00efku\u00a0\u00bb<a href=\"http:\/\/www.over-blog.com\/com-1172092675\/Le_coucou_du_haiku.html\"> ici<\/a> , et son petit d\u00e9fi du vendredi sur une photo de Mamylilou:<\/p>\n<p><a href=\"https:\/\/martinemrichard.fr\/blog\/wp-content\/uploads\/2011\/03\/36-La-ronde-des-fleurs.jpg\"><img loading=\"lazy\" decoding=\"async\" class=\"alignright size-thumbnail wp-image-1324\" title=\"36-La-ronde-des-fleurs\" src=\"https:\/\/martinemrichard.fr\/blog\/wp-content\/uploads\/2011\/03\/36-La-ronde-des-fleurs-150x150.jpg\" alt=\"\" width=\"150\" height=\"150\" srcset=\"https:\/\/martinemrichard.fr\/blog\/wp-content\/uploads\/2011\/03\/36-La-ronde-des-fleurs-150x150.jpg 150w, https:\/\/martinemrichard.fr\/blog\/wp-content\/uploads\/2011\/03\/36-La-ronde-des-fleurs-300x300.jpg 300w, https:\/\/martinemrichard.fr\/blog\/wp-content\/uploads\/2011\/03\/36-La-ronde-des-fleurs.jpg 600w\" sizes=\"auto, (max-width: 150px) 100vw, 150px\" \/><\/a>Le printemps est l\u00e0 et bien l\u00e0! Tout brille, resplendit, se presse vers la lumi\u00e8re des beaux jours&#8230;<\/p>\n<p>.<\/p>\n<p>Mars exub\u00e9rant-<\/p>\n<p>Toute en mines et coquetteries<\/p>\n<p>S\u00e9duction p\u00e9tales<\/p>\n<p>&#8230;..<\/p>\n<p>Toutes les fleurs sont belles. Chacune s&rsquo;ing\u00e9nie \u00e0 attirer mon attention par maints artifices.\u00a0 La plus habile \u00e0 ce jeu , c&rsquo;est la jacinthe. <a href=\"https:\/\/martinemrichard.fr\/blog\/wp-content\/uploads\/2011\/03\/jacinthe-1-.jpg\"><img loading=\"lazy\" decoding=\"async\" class=\"alignright size-medium wp-image-1332\" title=\"jacinthe 1\" src=\"https:\/\/martinemrichard.fr\/blog\/wp-content\/uploads\/2011\/03\/jacinthe-1--225x300.jpg\" alt=\"\" width=\"225\" height=\"300\" srcset=\"https:\/\/martinemrichard.fr\/blog\/wp-content\/uploads\/2011\/03\/jacinthe-1--225x300.jpg 225w, https:\/\/martinemrichard.fr\/blog\/wp-content\/uploads\/2011\/03\/jacinthe-1--768x1024.jpg 768w, https:\/\/martinemrichard.fr\/blog\/wp-content\/uploads\/2011\/03\/jacinthe-1-.jpg 1586w\" sizes=\"auto, (max-width: 225px) 100vw, 225px\" \/><\/a><\/p>\n<p>.<\/p>\n<p>Senteurs au jardin-<\/p>\n<p>Invisibles tentacules<\/p>\n<p>Jacinthes enivrantes<\/p>\n<p>.<\/p>\n<p>Ce coup de poing parfum\u00e9<\/p>\n<p>Secoue, r\u00e9veille la m\u00e9moire<\/p>\n<p>&#8230;..<\/p>\n<p>Mes pas ralentissent, puis cessent pr\u00e8s de l&rsquo;escalier. Je me pose un moment sur la chaleur d&rsquo;une marche. Les yeux clos, visage offert au soleil , mes souvenirs affluent&#8230; <a href=\"https:\/\/martinemrichard.fr\/blog\/wp-content\/uploads\/2011\/03\/jacinthe-2-2.jpg\"><img loading=\"lazy\" decoding=\"async\" class=\"alignright size-medium wp-image-1335\" title=\"jacinthe 2\" src=\"https:\/\/martinemrichard.fr\/blog\/wp-content\/uploads\/2011\/03\/jacinthe-2-2-225x300.jpg\" alt=\"\" width=\"225\" height=\"300\" srcset=\"https:\/\/martinemrichard.fr\/blog\/wp-content\/uploads\/2011\/03\/jacinthe-2-2-225x300.jpg 225w, https:\/\/martinemrichard.fr\/blog\/wp-content\/uploads\/2011\/03\/jacinthe-2-2-768x1024.jpg 768w, https:\/\/martinemrichard.fr\/blog\/wp-content\/uploads\/2011\/03\/jacinthe-2-2.jpg 1785w\" sizes=\"auto, (max-width: 225px) 100vw, 225px\" \/><\/a><\/p>\n<p>.<\/p>\n<p>Vacances de P\u00e2ques-<\/p>\n<p>A l&rsquo;ombre de son b\u00e9ret<\/p>\n<p>Grand-p\u00e8re bine ses jacinthes<\/p>\n<p>.<\/p>\n<p>Nous posons mille questions<\/p>\n<p>Grav\u00e9es aux tendres fragrances<\/p>\n<p>&#8230;.<\/p>\n<p>Ses belles ent\u00eatantes , comme il les chouchoutait.<\/p>\n<p>. <a href=\"https:\/\/martinemrichard.fr\/blog\/wp-content\/uploads\/2011\/03\/jacinthe-6-.jpg\"><img loading=\"lazy\" decoding=\"async\" class=\"alignright size-thumbnail wp-image-1336\" title=\"jacinthe 6\" src=\"https:\/\/martinemrichard.fr\/blog\/wp-content\/uploads\/2011\/03\/jacinthe-6--150x150.jpg\" alt=\"\" width=\"150\" height=\"150\" \/><\/a><\/p>\n<p>Tout pr\u00e8s de la pompe-<\/p>\n<p>Filtre l\u00e9ger des bambous<\/p>\n<p>Sur fleurs empes\u00e9es<\/p>\n<p>&#8230;..<\/p>\n<p>Un go\u00fbt que ma grand-m\u00e8re partageait.<\/p>\n<p>. <a href=\"https:\/\/martinemrichard.fr\/blog\/wp-content\/uploads\/2011\/03\/jacinthe-5-.jpg\"><img loading=\"lazy\" decoding=\"async\" class=\"alignright size-medium wp-image-1337\" title=\"jacinthe 5\" src=\"https:\/\/martinemrichard.fr\/blog\/wp-content\/uploads\/2011\/03\/jacinthe-5--300x225.jpg\" alt=\"\" width=\"300\" height=\"225\" srcset=\"https:\/\/martinemrichard.fr\/blog\/wp-content\/uploads\/2011\/03\/jacinthe-5--300x225.jpg 300w, https:\/\/martinemrichard.fr\/blog\/wp-content\/uploads\/2011\/03\/jacinthe-5--1024x768.jpg 1024w\" sizes=\"auto, (max-width: 300px) 100vw, 300px\" \/><\/a><\/p>\n<p>Avant le coucher-<\/p>\n<p>Blottie contre sa poitrine<\/p>\n<p>Effluves hyacinthe<\/p>\n<p>&#8230;.<\/p>\n<p>Depuis , ces clochettes printani\u00e8res, sont \u00e9parpill\u00e9es au hasard de mes massifs.<\/p>\n<p>.<\/p>\n<p>Danse des ar\u00f4mes-<\/p>\n<p>Effeuillant mes souvenirs<\/p>\n<p>Au nu de mon \u00e2me<\/p>\n<p>.<\/p>\n<p>MMR ( tous droits r\u00e9serv\u00e9s)<\/p>\n","protected":false},"excerpt":{"rendered":"<p>Pour le rendez-vous du \u00ab\u00a0Coucou du ha\u00efku\u00a0\u00bb ici , et son petit d\u00e9fi du vendredi sur une photo de Mamylilou: Le printemps est l\u00e0 et bien l\u00e0! Tout brille, resplendit, se presse vers la lumi\u00e8re des beaux jours&#8230; . Mars exub\u00e9rant- Toute en mines et coquetteries S\u00e9duction p\u00e9tales &#8230;.. Toutes les fleurs sont belles. Chacune [&hellip;]<\/p>\n","protected":false},"author":1,"featured_media":0,"comment_status":"open","ping_status":"open","sticky":false,"template":"","format":"standard","meta":{"footnotes":""},"categories":[35],"tags":[],"class_list":["post-1323","post","type-post","status-publish","format-standard","hentry","category-haikus-haibuns"],"_links":{"self":[{"href":"https:\/\/martinemrichard.fr\/blog\/index.php?rest_route=\/wp\/v2\/posts\/1323","targetHints":{"allow":["GET"]}}],"collection":[{"href":"https:\/\/martinemrichard.fr\/blog\/index.php?rest_route=\/wp\/v2\/posts"}],"about":[{"href":"https:\/\/martinemrichard.fr\/blog\/index.php?rest_route=\/wp\/v2\/types\/post"}],"author":[{"embeddable":true,"href":"https:\/\/martinemrichard.fr\/blog\/index.php?rest_route=\/wp\/v2\/users\/1"}],"replies":[{"embeddable":true,"href":"https:\/\/martinemrichard.fr\/blog\/index.php?rest_route=%2Fwp%2Fv2%2Fcomments&post=1323"}],"version-history":[{"count":7,"href":"https:\/\/martinemrichard.fr\/blog\/index.php?rest_route=\/wp\/v2\/posts\/1323\/revisions"}],"predecessor-version":[{"id":1550,"href":"https:\/\/martinemrichard.fr\/blog\/index.php?rest_route=\/wp\/v2\/posts\/1323\/revisions\/1550"}],"wp:attachment":[{"href":"https:\/\/martinemrichard.fr\/blog\/index.php?rest_route=%2Fwp%2Fv2%2Fmedia&parent=1323"}],"wp:term":[{"taxonomy":"category","embeddable":true,"href":"https:\/\/martinemrichard.fr\/blog\/index.php?rest_route=%2Fwp%2Fv2%2Fcategories&post=1323"},{"taxonomy":"post_tag","embeddable":true,"href":"https:\/\/martinemrichard.fr\/blog\/index.php?rest_route=%2Fwp%2Fv2%2Ftags&post=1323"}],"curies":[{"name":"wp","href":"https:\/\/api.w.org\/{rel}","templated":true}]}}