{"id":13336,"date":"2018-11-11T01:21:05","date_gmt":"2018-11-11T00:21:05","guid":{"rendered":"http:\/\/martinemrichard.fr\/blog\/?p=13336"},"modified":"2018-11-11T01:21:05","modified_gmt":"2018-11-11T00:21:05","slug":"un-apres-midi-automnal","status":"publish","type":"post","link":"https:\/\/martinemrichard.fr\/blog\/?p=13336","title":{"rendered":"Un apr\u00e8s-midi automnal"},"content":{"rendered":"<p>Sous une s\u00e9r\u00e9nit\u00e9 bleu ciel un train siffle au loin <img loading=\"lazy\" decoding=\"async\" class=\"alignright size-large wp-image-13339\" src=\"https:\/\/martinemrichard.fr\/blog\/wp-content\/uploads\/2018\/11\/IMG_0221_v1-575x1024.jpg\" alt=\"\" width=\"575\" height=\"1024\" srcset=\"https:\/\/martinemrichard.fr\/blog\/wp-content\/uploads\/2018\/11\/IMG_0221_v1-575x1024.jpg 575w, https:\/\/martinemrichard.fr\/blog\/wp-content\/uploads\/2018\/11\/IMG_0221_v1-169x300.jpg 169w, https:\/\/martinemrichard.fr\/blog\/wp-content\/uploads\/2018\/11\/IMG_0221_v1-768x1367.jpg 768w, https:\/\/martinemrichard.fr\/blog\/wp-content\/uploads\/2018\/11\/IMG_0221_v1.jpg 1467w\" sizes=\"auto, (max-width: 575px) 100vw, 575px\" \/><\/p>\n<p>abandonnant la vall\u00e9e aux mains chaudes de l&rsquo;automne<\/p>\n<p>Plus de girondes an\u00e9mones<\/p>\n<p>Encore moins d&rsquo;iris jaunes<\/p>\n<p>Lentement l&rsquo;arbre d\u00e9boutonne son pourpoint en cretonne<\/p>\n<p>A son pied, sur le sainfoin dess\u00e9ch\u00e9<\/p>\n<p>La microfaune ronchonne<\/p>\n<p>Papillonne,<\/p>\n<p>T\u00e2tonne,<\/p>\n<p>En qu\u00eate d&rsquo;un brin d&rsquo;aum\u00f4ne<\/p>\n<p>N\u00e9anmoins, sourds au vent qui tourbillonne<\/p>\n<p>Dans leur coin<\/p>\n<p>Les coings<\/p>\n<p>Prennent de l&#8217;embonpoint.<\/p>\n<p>Contrepoint \u00e0 l&rsquo;hiver qui sournoisement r\u00e9sonne<\/p>\n<p>M\u00e9sange l\u00e2che gaiement ses consonnes<\/p>\n<p>Coucou,\u00a0 \u00e0 la m\u00e9moire brouillonne,\u00a0 se croyant au printemps, ponctue les notes de l&rsquo;oiseau\u00a0 de son \u00e9cho monotone.<\/p>\n<p>La-haut Ph\u00e9bus rayonne<\/p>\n<p>Ici, je talonne une colonne de fourmis que la rapacit\u00e9 aiguillonne vers des fruits \u00e0 leur maximum.\u00a0 Heureuse de les devancer, je fredonne mon baragouin en contrepoint au gramophone gripp\u00e9 de Dame Pie sur son tr\u00f4ne.<\/p>\n<p>Ce recoin du jardin dominant la vall\u00e9e, comme\u00a0 \u00e0 l&rsquo;abri du cyclone de la vie,\u00a0 est un havre o\u00f9 je fusionne\u00a0 au sein d&rsquo;une nature sauvageonne.<\/p>\n<p><img loading=\"lazy\" decoding=\"async\" class=\"alignright size-large wp-image-13337\" src=\"https:\/\/martinemrichard.fr\/blog\/wp-content\/uploads\/2018\/11\/IMG_0271_v1-1024x575.jpg\" alt=\"\" width=\"1024\" height=\"575\" srcset=\"https:\/\/martinemrichard.fr\/blog\/wp-content\/uploads\/2018\/11\/IMG_0271_v1-1024x575.jpg 1024w, https:\/\/martinemrichard.fr\/blog\/wp-content\/uploads\/2018\/11\/IMG_0271_v1-300x169.jpg 300w, https:\/\/martinemrichard.fr\/blog\/wp-content\/uploads\/2018\/11\/IMG_0271_v1-768x432.jpg 768w\" sizes=\"auto, (max-width: 1024px) 100vw, 1024px\" \/><\/p>\n<p>.<\/p>\n<p>MMR (tous droits r\u00e9serv\u00e9s)<\/p>\n<p>Ces coings si dodus,\u00a0 que depuis plusieurs jours je cuisine, embaument la maison.<\/p>\n<p>P\u00e2te, gel\u00e9e, confiture,\u00a0 chutney, tarte, compotes sal\u00e9es ou sucr\u00e9es,\u00a0 en pur\u00e9e ou en lamelles natures \u00e0\u00a0 congeler cuites.\u00a0 J&rsquo;ai glan\u00e9\u00a0 71 recettes sur\u00a0 internet que nous testerons petit \u00e0 petit.<\/p>\n","protected":false},"excerpt":{"rendered":"<p>Sous une s\u00e9r\u00e9nit\u00e9 bleu ciel un train siffle au loin abandonnant la vall\u00e9e aux mains chaudes de l&rsquo;automne Plus de girondes an\u00e9mones Encore moins d&rsquo;iris jaunes Lentement l&rsquo;arbre d\u00e9boutonne son pourpoint en cretonne A son pied, sur le sainfoin dess\u00e9ch\u00e9 La microfaune ronchonne Papillonne, T\u00e2tonne, En qu\u00eate d&rsquo;un brin d&rsquo;aum\u00f4ne N\u00e9anmoins, sourds au vent qui [&hellip;]<\/p>\n","protected":false},"author":1,"featured_media":0,"comment_status":"open","ping_status":"open","sticky":false,"template":"","format":"standard","meta":{"footnotes":""},"categories":[389],"tags":[],"class_list":["post-13336","post","type-post","status-publish","format-standard","hentry","category-promenades-ici-et-ailleurs"],"_links":{"self":[{"href":"https:\/\/martinemrichard.fr\/blog\/index.php?rest_route=\/wp\/v2\/posts\/13336","targetHints":{"allow":["GET"]}}],"collection":[{"href":"https:\/\/martinemrichard.fr\/blog\/index.php?rest_route=\/wp\/v2\/posts"}],"about":[{"href":"https:\/\/martinemrichard.fr\/blog\/index.php?rest_route=\/wp\/v2\/types\/post"}],"author":[{"embeddable":true,"href":"https:\/\/martinemrichard.fr\/blog\/index.php?rest_route=\/wp\/v2\/users\/1"}],"replies":[{"embeddable":true,"href":"https:\/\/martinemrichard.fr\/blog\/index.php?rest_route=%2Fwp%2Fv2%2Fcomments&post=13336"}],"version-history":[{"count":39,"href":"https:\/\/martinemrichard.fr\/blog\/index.php?rest_route=\/wp\/v2\/posts\/13336\/revisions"}],"predecessor-version":[{"id":13379,"href":"https:\/\/martinemrichard.fr\/blog\/index.php?rest_route=\/wp\/v2\/posts\/13336\/revisions\/13379"}],"wp:attachment":[{"href":"https:\/\/martinemrichard.fr\/blog\/index.php?rest_route=%2Fwp%2Fv2%2Fmedia&parent=13336"}],"wp:term":[{"taxonomy":"category","embeddable":true,"href":"https:\/\/martinemrichard.fr\/blog\/index.php?rest_route=%2Fwp%2Fv2%2Fcategories&post=13336"},{"taxonomy":"post_tag","embeddable":true,"href":"https:\/\/martinemrichard.fr\/blog\/index.php?rest_route=%2Fwp%2Fv2%2Ftags&post=13336"}],"curies":[{"name":"wp","href":"https:\/\/api.w.org\/{rel}","templated":true}]}}