{"id":13525,"date":"2019-01-13T01:56:57","date_gmt":"2019-01-13T00:56:57","guid":{"rendered":"http:\/\/martinemrichard.fr\/blog\/?p=13525"},"modified":"2019-01-27T01:15:31","modified_gmt":"2019-01-27T00:15:31","slug":"au-bout-du-chemin","status":"publish","type":"post","link":"https:\/\/martinemrichard.fr\/blog\/?p=13525","title":{"rendered":"Au bout du chemin&#8230;"},"content":{"rendered":"<p>Au gr\u00e9 du chemin<\/p>\n<p>Du chemin flottant<\/p>\n<p>Flottant au bout de ses songes<\/p>\n<p>Roule au loin&#8230;.<\/p>\n<p><img loading=\"lazy\" decoding=\"async\" class=\"alignright size-large wp-image-13526\" src=\"https:\/\/martinemrichard.fr\/blog\/wp-content\/uploads\/2019\/01\/IMG_0848_v1-1024x768.jpg\" alt=\"\" width=\"1024\" height=\"768\" srcset=\"https:\/\/martinemrichard.fr\/blog\/wp-content\/uploads\/2019\/01\/IMG_0848_v1-1024x768.jpg 1024w, https:\/\/martinemrichard.fr\/blog\/wp-content\/uploads\/2019\/01\/IMG_0848_v1-300x225.jpg 300w, https:\/\/martinemrichard.fr\/blog\/wp-content\/uploads\/2019\/01\/IMG_0848_v1-768x576.jpg 768w, https:\/\/martinemrichard.fr\/blog\/wp-content\/uploads\/2019\/01\/IMG_0848_v1.jpg 2016w\" sizes=\"auto, (max-width: 1024px) 100vw, 1024px\" \/><\/p>\n<p>L&rsquo;oc\u00e9an<\/p>\n<p>\u00c9ternit\u00e9 iod\u00e9e<\/p>\n<p>Berceuse aux mille bleus<\/p>\n<p>Ensorcelant l&rsquo;instant<\/p>\n<p><img loading=\"lazy\" decoding=\"async\" class=\"alignright size-large wp-image-13527\" src=\"https:\/\/martinemrichard.fr\/blog\/wp-content\/uploads\/2019\/01\/IMG_0856_v1-1024x768.jpg\" alt=\"\" width=\"1024\" height=\"768\" srcset=\"https:\/\/martinemrichard.fr\/blog\/wp-content\/uploads\/2019\/01\/IMG_0856_v1-1024x768.jpg 1024w, https:\/\/martinemrichard.fr\/blog\/wp-content\/uploads\/2019\/01\/IMG_0856_v1-300x225.jpg 300w, https:\/\/martinemrichard.fr\/blog\/wp-content\/uploads\/2019\/01\/IMG_0856_v1-768x576.jpg 768w\" sizes=\"auto, (max-width: 1024px) 100vw, 1024px\" \/><\/p>\n<p>&nbsp;<\/p>\n<p>Bulle suspendue<\/p>\n<p>Harmonie s\u00e9raphique<\/p>\n<p>De son c\u0153ur amoureux<\/p>\n<p>Sur la vague oc\u00e9ane<\/p>\n<p><img loading=\"lazy\" decoding=\"async\" class=\"alignright size-large wp-image-13528\" src=\"https:\/\/martinemrichard.fr\/blog\/wp-content\/uploads\/2019\/01\/IMG_0884_v1-1024x768.jpg\" alt=\"\" width=\"1024\" height=\"768\" srcset=\"https:\/\/martinemrichard.fr\/blog\/wp-content\/uploads\/2019\/01\/IMG_0884_v1-1024x768.jpg 1024w, https:\/\/martinemrichard.fr\/blog\/wp-content\/uploads\/2019\/01\/IMG_0884_v1-300x225.jpg 300w, https:\/\/martinemrichard.fr\/blog\/wp-content\/uploads\/2019\/01\/IMG_0884_v1-768x576.jpg 768w\" sizes=\"auto, (max-width: 1024px) 100vw, 1024px\" \/><\/p>\n<p>Ivresse au go\u00fbt soleil<\/p>\n<p>Celle, merveilleuse<\/p>\n<p>Des contes et ch\u00e2teaux<\/p>\n<p>O\u00f9 se brisent les dents du Temps&#8230;<\/p>\n<p>.<\/p>\n<p><img loading=\"lazy\" decoding=\"async\" class=\"alignright size-large wp-image-13529\" src=\"https:\/\/martinemrichard.fr\/blog\/wp-content\/uploads\/2019\/01\/IMG_0861_v1-1024x768.jpg\" alt=\"\" width=\"1024\" height=\"768\" srcset=\"https:\/\/martinemrichard.fr\/blog\/wp-content\/uploads\/2019\/01\/IMG_0861_v1-1024x768.jpg 1024w, https:\/\/martinemrichard.fr\/blog\/wp-content\/uploads\/2019\/01\/IMG_0861_v1-300x225.jpg 300w, https:\/\/martinemrichard.fr\/blog\/wp-content\/uploads\/2019\/01\/IMG_0861_v1-768x576.jpg 768w\" sizes=\"auto, (max-width: 1024px) 100vw, 1024px\" \/><\/p>\n<p>.<\/p>\n<p>MMR ( tous droits r\u00e9serv\u00e9s)<\/p>\n<p><span style=\"color: #ff0000;\"><strong>Un grand merci pour tous\u00a0 vos commentaires tr\u00e8s tr\u00e8s appr\u00e9ci\u00e9s.<\/strong><\/span><\/p>\n","protected":false},"excerpt":{"rendered":"<p>Au gr\u00e9 du chemin Du chemin flottant Flottant au bout de ses songes Roule au loin&#8230;. L&rsquo;oc\u00e9an \u00c9ternit\u00e9 iod\u00e9e Berceuse aux mille bleus Ensorcelant l&rsquo;instant &nbsp; Bulle suspendue Harmonie s\u00e9raphique De son c\u0153ur amoureux Sur la vague oc\u00e9ane Ivresse au go\u00fbt soleil Celle, merveilleuse Des contes et ch\u00e2teaux O\u00f9 se brisent les dents du Temps&#8230; [&hellip;]<\/p>\n","protected":false},"author":1,"featured_media":0,"comment_status":"open","ping_status":"open","sticky":false,"template":"","format":"standard","meta":{"footnotes":""},"categories":[70],"tags":[61,1158,1159,102,122,62,65],"class_list":["post-13525","post","type-post","status-publish","format-standard","hentry","category-ocean-et-bassin-darcachon","tag-bleu","tag-chemin","tag-coeur-amoureux","tag-ocean","tag-soleil","tag-temps","tag-vagues"],"_links":{"self":[{"href":"https:\/\/martinemrichard.fr\/blog\/index.php?rest_route=\/wp\/v2\/posts\/13525","targetHints":{"allow":["GET"]}}],"collection":[{"href":"https:\/\/martinemrichard.fr\/blog\/index.php?rest_route=\/wp\/v2\/posts"}],"about":[{"href":"https:\/\/martinemrichard.fr\/blog\/index.php?rest_route=\/wp\/v2\/types\/post"}],"author":[{"embeddable":true,"href":"https:\/\/martinemrichard.fr\/blog\/index.php?rest_route=\/wp\/v2\/users\/1"}],"replies":[{"embeddable":true,"href":"https:\/\/martinemrichard.fr\/blog\/index.php?rest_route=%2Fwp%2Fv2%2Fcomments&post=13525"}],"version-history":[{"count":6,"href":"https:\/\/martinemrichard.fr\/blog\/index.php?rest_route=\/wp\/v2\/posts\/13525\/revisions"}],"predecessor-version":[{"id":13559,"href":"https:\/\/martinemrichard.fr\/blog\/index.php?rest_route=\/wp\/v2\/posts\/13525\/revisions\/13559"}],"wp:attachment":[{"href":"https:\/\/martinemrichard.fr\/blog\/index.php?rest_route=%2Fwp%2Fv2%2Fmedia&parent=13525"}],"wp:term":[{"taxonomy":"category","embeddable":true,"href":"https:\/\/martinemrichard.fr\/blog\/index.php?rest_route=%2Fwp%2Fv2%2Fcategories&post=13525"},{"taxonomy":"post_tag","embeddable":true,"href":"https:\/\/martinemrichard.fr\/blog\/index.php?rest_route=%2Fwp%2Fv2%2Ftags&post=13525"}],"curies":[{"name":"wp","href":"https:\/\/api.w.org\/{rel}","templated":true}]}}