{"id":13695,"date":"2019-04-14T05:27:13","date_gmt":"2019-04-14T04:27:13","guid":{"rendered":"http:\/\/martinemrichard.fr\/blog\/?p=13695"},"modified":"2019-04-14T05:30:42","modified_gmt":"2019-04-14T04:30:42","slug":"entre-mars-et-avril","status":"publish","type":"post","link":"https:\/\/martinemrichard.fr\/blog\/?p=13695","title":{"rendered":"Entre Mars et Avril"},"content":{"rendered":"<p><img loading=\"lazy\" decoding=\"async\" class=\"alignright size-large wp-image-13696\" src=\"https:\/\/martinemrichard.fr\/blog\/wp-content\/uploads\/2019\/04\/IMG_1743_v1-1024x575.jpg\" alt=\"\" width=\"1024\" height=\"575\" srcset=\"https:\/\/martinemrichard.fr\/blog\/wp-content\/uploads\/2019\/04\/IMG_1743_v1-1024x575.jpg 1024w, https:\/\/martinemrichard.fr\/blog\/wp-content\/uploads\/2019\/04\/IMG_1743_v1-300x169.jpg 300w, https:\/\/martinemrichard.fr\/blog\/wp-content\/uploads\/2019\/04\/IMG_1743_v1-768x432.jpg 768w\" sizes=\"auto, (max-width: 1024px) 100vw, 1024px\" \/><\/p>\n<p>Entre sourires et grimaces, Mars m&rsquo;a r\u00e9jouie de ses beaut\u00e9s\u00a0 attendues et inattendues. Mes an\u00e9mones\u00a0 se ressemant chaque ann\u00e9e commencent \u00e0 bien s&rsquo;installer. Quel tapis magnifique!<\/p>\n<p><img loading=\"lazy\" decoding=\"async\" class=\"alignright size-medium wp-image-13699\" src=\"https:\/\/martinemrichard.fr\/blog\/wp-content\/uploads\/2019\/04\/IMG_1746_v2-300x300.jpg\" alt=\"\" width=\"300\" height=\"300\" srcset=\"https:\/\/martinemrichard.fr\/blog\/wp-content\/uploads\/2019\/04\/IMG_1746_v2-300x300.jpg 300w, https:\/\/martinemrichard.fr\/blog\/wp-content\/uploads\/2019\/04\/IMG_1746_v2-150x150.jpg 150w, https:\/\/martinemrichard.fr\/blog\/wp-content\/uploads\/2019\/04\/IMG_1746_v2-768x768.jpg 768w, https:\/\/martinemrichard.fr\/blog\/wp-content\/uploads\/2019\/04\/IMG_1746_v2-1024x1024.jpg 1024w, https:\/\/martinemrichard.fr\/blog\/wp-content\/uploads\/2019\/04\/IMG_1746_v2.jpg 1460w\" sizes=\"auto, (max-width: 300px) 100vw, 300px\" \/><img loading=\"lazy\" decoding=\"async\" class=\"alignright size-medium wp-image-13700\" src=\"https:\/\/martinemrichard.fr\/blog\/wp-content\/uploads\/2019\/04\/IMG_1782_v1-300x300.jpg\" alt=\"\" width=\"300\" height=\"300\" srcset=\"https:\/\/martinemrichard.fr\/blog\/wp-content\/uploads\/2019\/04\/IMG_1782_v1-300x300.jpg 300w, https:\/\/martinemrichard.fr\/blog\/wp-content\/uploads\/2019\/04\/IMG_1782_v1-150x150.jpg 150w, https:\/\/martinemrichard.fr\/blog\/wp-content\/uploads\/2019\/04\/IMG_1782_v1-768x768.jpg 768w, https:\/\/martinemrichard.fr\/blog\/wp-content\/uploads\/2019\/04\/IMG_1782_v1-1024x1024.jpg 1024w, https:\/\/martinemrichard.fr\/blog\/wp-content\/uploads\/2019\/04\/IMG_1782_v1.jpg 1319w\" sizes=\"auto, (max-width: 300px) 100vw, 300px\" \/><img loading=\"lazy\" decoding=\"async\" class=\"alignright size-medium wp-image-13702\" src=\"https:\/\/martinemrichard.fr\/blog\/wp-content\/uploads\/2019\/04\/IMG_1819_v1-300x300.jpg\" alt=\"\" width=\"300\" height=\"300\" srcset=\"https:\/\/martinemrichard.fr\/blog\/wp-content\/uploads\/2019\/04\/IMG_1819_v1-300x300.jpg 300w, https:\/\/martinemrichard.fr\/blog\/wp-content\/uploads\/2019\/04\/IMG_1819_v1-150x150.jpg 150w, https:\/\/martinemrichard.fr\/blog\/wp-content\/uploads\/2019\/04\/IMG_1819_v1-768x768.jpg 768w, https:\/\/martinemrichard.fr\/blog\/wp-content\/uploads\/2019\/04\/IMG_1819_v1-1024x1024.jpg 1024w, https:\/\/martinemrichard.fr\/blog\/wp-content\/uploads\/2019\/04\/IMG_1819_v1.jpg 1309w\" sizes=\"auto, (max-width: 300px) 100vw, 300px\" \/><\/p>\n<p>Les premi\u00e8res orchid\u00e9es fleurissent un peu plus pr\u00e9sentes au fil des jours. Ophrys sphegodes.\u00a0 Si je ne fais pas erreur est le terme g\u00e9n\u00e9ral englobant tout une ribambelles ophrys aranipherae ou ophrys araign\u00e9es.<\/p>\n<p>Pour les personnes que cela passionne suivre ce lien\u00a0<a href=\"http:\/\/orchidees-du-languedoc.fr\/SFOLanguedoc\/medias\/Ophrys%20araniferae%20FB%202013.pdf\"> <span style=\"color: #0000ff;\"><strong>ICI<\/strong><\/span><\/a><\/p>\n<p><img loading=\"lazy\" decoding=\"async\" class=\"alignright size-medium wp-image-13704\" src=\"https:\/\/martinemrichard.fr\/blog\/wp-content\/uploads\/2019\/04\/IMG_1828_v1-300x300.jpg\" alt=\"\" width=\"300\" height=\"300\" srcset=\"https:\/\/martinemrichard.fr\/blog\/wp-content\/uploads\/2019\/04\/IMG_1828_v1-300x300.jpg 300w, https:\/\/martinemrichard.fr\/blog\/wp-content\/uploads\/2019\/04\/IMG_1828_v1-150x150.jpg 150w, https:\/\/martinemrichard.fr\/blog\/wp-content\/uploads\/2019\/04\/IMG_1828_v1-768x768.jpg 768w, https:\/\/martinemrichard.fr\/blog\/wp-content\/uploads\/2019\/04\/IMG_1828_v1-1024x1024.jpg 1024w, https:\/\/martinemrichard.fr\/blog\/wp-content\/uploads\/2019\/04\/IMG_1828_v1.jpg 1460w\" sizes=\"auto, (max-width: 300px) 100vw, 300px\" \/><img loading=\"lazy\" decoding=\"async\" class=\"alignright size-medium wp-image-13705\" src=\"https:\/\/martinemrichard.fr\/blog\/wp-content\/uploads\/2019\/04\/IMG_1877_v1-300x300.jpg\" alt=\"\" width=\"300\" height=\"300\" srcset=\"https:\/\/martinemrichard.fr\/blog\/wp-content\/uploads\/2019\/04\/IMG_1877_v1-300x300.jpg 300w, https:\/\/martinemrichard.fr\/blog\/wp-content\/uploads\/2019\/04\/IMG_1877_v1-150x150.jpg 150w, https:\/\/martinemrichard.fr\/blog\/wp-content\/uploads\/2019\/04\/IMG_1877_v1-768x768.jpg 768w, https:\/\/martinemrichard.fr\/blog\/wp-content\/uploads\/2019\/04\/IMG_1877_v1-1024x1024.jpg 1024w, https:\/\/martinemrichard.fr\/blog\/wp-content\/uploads\/2019\/04\/IMG_1877_v1.jpg 1752w\" sizes=\"auto, (max-width: 300px) 100vw, 300px\" \/><img loading=\"lazy\" decoding=\"async\" class=\"alignright size-medium wp-image-13706\" src=\"https:\/\/martinemrichard.fr\/blog\/wp-content\/uploads\/2019\/04\/IMG_1936_v1-300x300.jpg\" alt=\"\" width=\"300\" height=\"300\" srcset=\"https:\/\/martinemrichard.fr\/blog\/wp-content\/uploads\/2019\/04\/IMG_1936_v1-300x300.jpg 300w, https:\/\/martinemrichard.fr\/blog\/wp-content\/uploads\/2019\/04\/IMG_1936_v1-150x150.jpg 150w, https:\/\/martinemrichard.fr\/blog\/wp-content\/uploads\/2019\/04\/IMG_1936_v1-768x768.jpg 768w, https:\/\/martinemrichard.fr\/blog\/wp-content\/uploads\/2019\/04\/IMG_1936_v1-1024x1024.jpg 1024w, https:\/\/martinemrichard.fr\/blog\/wp-content\/uploads\/2019\/04\/IMG_1936_v1.jpg 1256w\" sizes=\"auto, (max-width: 300px) 100vw, 300px\" \/><\/p>\n<p>Quel casse-t\u00eate! Pour ma part je ne puis\u00a0 dire qui est qui.\u00a0\u00a0 De plus, histoire de corser la devinette, ces belles se croisent beaucoup entre elles.<\/p>\n<p><img loading=\"lazy\" decoding=\"async\" class=\"alignright size-medium wp-image-13719\" src=\"https:\/\/martinemrichard.fr\/blog\/wp-content\/uploads\/2019\/04\/IMG_2051_v1-300x300.jpg\" alt=\"\" width=\"300\" height=\"300\" srcset=\"https:\/\/martinemrichard.fr\/blog\/wp-content\/uploads\/2019\/04\/IMG_2051_v1-300x300.jpg 300w, https:\/\/martinemrichard.fr\/blog\/wp-content\/uploads\/2019\/04\/IMG_2051_v1-150x150.jpg 150w, https:\/\/martinemrichard.fr\/blog\/wp-content\/uploads\/2019\/04\/IMG_2051_v1-768x768.jpg 768w, https:\/\/martinemrichard.fr\/blog\/wp-content\/uploads\/2019\/04\/IMG_2051_v1-1024x1024.jpg 1024w, https:\/\/martinemrichard.fr\/blog\/wp-content\/uploads\/2019\/04\/IMG_2051_v1.jpg 1440w\" sizes=\"auto, (max-width: 300px) 100vw, 300px\" \/><\/p>\n<p><img loading=\"lazy\" decoding=\"async\" class=\"alignright size-medium wp-image-13717\" src=\"https:\/\/martinemrichard.fr\/blog\/wp-content\/uploads\/2019\/04\/IMG_1998_v1-300x300.jpg\" alt=\"\" width=\"300\" height=\"300\" srcset=\"https:\/\/martinemrichard.fr\/blog\/wp-content\/uploads\/2019\/04\/IMG_1998_v1-300x300.jpg 300w, https:\/\/martinemrichard.fr\/blog\/wp-content\/uploads\/2019\/04\/IMG_1998_v1-150x150.jpg 150w, https:\/\/martinemrichard.fr\/blog\/wp-content\/uploads\/2019\/04\/IMG_1998_v1-768x768.jpg 768w, https:\/\/martinemrichard.fr\/blog\/wp-content\/uploads\/2019\/04\/IMG_1998_v1-1024x1024.jpg 1024w, https:\/\/martinemrichard.fr\/blog\/wp-content\/uploads\/2019\/04\/IMG_1998_v1.jpg 1440w\" sizes=\"auto, (max-width: 300px) 100vw, 300px\" \/><\/p>\n<p>Allez vous y retrouver apr\u00e8s \u00e7a! Au 14 Avril d&rsquo;autres en terminent avec des s\u00e9pales et p\u00e9tales franchement verts. Leur dessin , ou macule, en forme de H ou de X est bleut\u00e9. Les prochaines orchid\u00e9es pr\u00e9parent leur entr\u00e9e en sc\u00e8ne. Ce sont les ophrys lutea.<\/p>\n<p><img loading=\"lazy\" decoding=\"async\" class=\"alignright size-large wp-image-13714\" src=\"https:\/\/martinemrichard.fr\/blog\/wp-content\/uploads\/2019\/04\/IMG_1810_v1-1024x575.jpg\" alt=\"\" width=\"1024\" height=\"575\" srcset=\"https:\/\/martinemrichard.fr\/blog\/wp-content\/uploads\/2019\/04\/IMG_1810_v1-1024x575.jpg 1024w, https:\/\/martinemrichard.fr\/blog\/wp-content\/uploads\/2019\/04\/IMG_1810_v1-300x169.jpg 300w, https:\/\/martinemrichard.fr\/blog\/wp-content\/uploads\/2019\/04\/IMG_1810_v1-768x432.jpg 768w\" sizes=\"auto, (max-width: 1024px) 100vw, 1024px\" \/><\/p>\n<p>En les attendant, le spectacle continue dans mon th\u00e9\u00e2tre de verdure.\u00a0 Apr\u00e8s l\u2019h\u00f4tel \u00e0 insectes, la mangeoire, mon mari a construit un nichoir.\u00a0 Celui-ci a une ouverture de 28 mn maxi pour favoriser les m\u00e9sanges bleues.<\/p>\n<p>Mais c&rsquo;est une autre histoire<\/p>\n<p>MMR ( tous droits r\u00e9serv\u00e9s)<\/p>\n","protected":false},"excerpt":{"rendered":"<p>Entre sourires et grimaces, Mars m&rsquo;a r\u00e9jouie de ses beaut\u00e9s\u00a0 attendues et inattendues. Mes an\u00e9mones\u00a0 se ressemant chaque ann\u00e9e commencent \u00e0 bien s&rsquo;installer. Quel tapis magnifique! Les premi\u00e8res orchid\u00e9es fleurissent un peu plus pr\u00e9sentes au fil des jours. Ophrys sphegodes.\u00a0 Si je ne fais pas erreur est le terme g\u00e9n\u00e9ral englobant tout une ribambelles ophrys [&hellip;]<\/p>\n","protected":false},"author":1,"featured_media":0,"comment_status":"open","ping_status":"open","sticky":false,"template":"","format":"standard","meta":{"footnotes":""},"categories":[72,71],"tags":[21,11,1171,48,440],"class_list":["post-13695","post","type-post","status-publish","format-standard","hentry","category-animaux","category-jardin-fleur","tag-fleurs","tag-jardin","tag-ophrys","tag-orchidees-deurope","tag-printemps"],"_links":{"self":[{"href":"https:\/\/martinemrichard.fr\/blog\/index.php?rest_route=\/wp\/v2\/posts\/13695","targetHints":{"allow":["GET"]}}],"collection":[{"href":"https:\/\/martinemrichard.fr\/blog\/index.php?rest_route=\/wp\/v2\/posts"}],"about":[{"href":"https:\/\/martinemrichard.fr\/blog\/index.php?rest_route=\/wp\/v2\/types\/post"}],"author":[{"embeddable":true,"href":"https:\/\/martinemrichard.fr\/blog\/index.php?rest_route=\/wp\/v2\/users\/1"}],"replies":[{"embeddable":true,"href":"https:\/\/martinemrichard.fr\/blog\/index.php?rest_route=%2Fwp%2Fv2%2Fcomments&post=13695"}],"version-history":[{"count":17,"href":"https:\/\/martinemrichard.fr\/blog\/index.php?rest_route=\/wp\/v2\/posts\/13695\/revisions"}],"predecessor-version":[{"id":13722,"href":"https:\/\/martinemrichard.fr\/blog\/index.php?rest_route=\/wp\/v2\/posts\/13695\/revisions\/13722"}],"wp:attachment":[{"href":"https:\/\/martinemrichard.fr\/blog\/index.php?rest_route=%2Fwp%2Fv2%2Fmedia&parent=13695"}],"wp:term":[{"taxonomy":"category","embeddable":true,"href":"https:\/\/martinemrichard.fr\/blog\/index.php?rest_route=%2Fwp%2Fv2%2Fcategories&post=13695"},{"taxonomy":"post_tag","embeddable":true,"href":"https:\/\/martinemrichard.fr\/blog\/index.php?rest_route=%2Fwp%2Fv2%2Ftags&post=13695"}],"curies":[{"name":"wp","href":"https:\/\/api.w.org\/{rel}","templated":true}]}}