{"id":13726,"date":"2019-05-03T05:48:11","date_gmt":"2019-05-03T04:48:11","guid":{"rendered":"http:\/\/martinemrichard.fr\/blog\/?p=13726"},"modified":"2019-05-05T02:06:36","modified_gmt":"2019-05-05T01:06:36","slug":"le-printemps-ici-et-la","status":"publish","type":"post","link":"https:\/\/martinemrichard.fr\/blog\/?p=13726","title":{"rendered":"Le Printemps ici et&#8230; l\u00e0&#8230;"},"content":{"rendered":"<p>Pour l\u2019Herbier de po\u00e9sies, Adamante,<a href=\"https:\/\/imagesreves.blogspot.com\/2019\/05\/p-142-paroles-pour-un-vieux-sage.html\"><span style=\"color: #0000ff;\"><strong> ICI<\/strong><\/span><\/a> , nous propose d\u2019\u00e9crire sur cet arbre remarquable:<\/p>\n<p>Le ciel est gris. <img loading=\"lazy\" decoding=\"async\" class=\"alignright size-medium wp-image-13727\" src=\"https:\/\/martinemrichard.fr\/blog\/wp-content\/uploads\/2019\/05\/arbre-vieux-sage-271x300.jpg\" alt=\"\" width=\"271\" height=\"300\" srcset=\"https:\/\/martinemrichard.fr\/blog\/wp-content\/uploads\/2019\/05\/arbre-vieux-sage-271x300.jpg 271w, https:\/\/martinemrichard.fr\/blog\/wp-content\/uploads\/2019\/05\/arbre-vieux-sage.jpg 579w\" sizes=\"auto, (max-width: 271px) 100vw, 271px\" \/><\/p>\n<p>Le printemps tarde \u00e0 venir. Pas un bruit dans les cimes, sous les branches. O\u00f9 sont donc pass\u00e9s les oiseaux?<\/p>\n<p>&nbsp;<\/p>\n<p>Sur le gazon tendre-<\/p>\n<p>Chat, queue interrogative<\/p>\n<p>La faim pour compagne<\/p>\n<p>&nbsp;<\/p>\n<p>Le vieux sage pense et pense encore. D&rsquo;ailleurs il passe son temps \u00e0 \u00e7a. Que faire d&rsquo;autre lorsque l&rsquo;on est arbre? Et vieux, si vieux que sa m\u00e9moire se dilue dans la course des nuages et du vent.<\/p>\n<p>&nbsp;<\/p>\n<p>Parfum menthe fra\u00eeche-<\/p>\n<p>Le vol d&rsquo;un bourdon errant<\/p>\n<p>Meuble le silence<\/p>\n<p>&nbsp;<\/p>\n<p>L&rsquo;anc\u00eatre en a tant vu qu&rsquo;il en aurait des histoires \u00e0 raconter. Mais qui passe encore dans ce coin recul\u00e9 du parc, mis \u00e0 part le jardinier? Le platane tend ses bras comme pour serrer une main amie.\u00a0 Son tronc se penche \u00e0 l&rsquo;\u00e9coute d&rsquo;une musique int\u00e9rieure connue de lui seul. Ses racines enjambent la barri\u00e8re d\u00e9limitant la pelouse.<\/p>\n<p>&nbsp;<\/p>\n<p>Le temps d&rsquo;un soupir<img loading=\"lazy\" decoding=\"async\" class=\"alignright size-medium wp-image-13738\" src=\"https:\/\/martinemrichard.fr\/blog\/wp-content\/uploads\/2019\/05\/IMG_3160_v1-236x300.jpg\" alt=\"\" width=\"236\" height=\"300\" srcset=\"https:\/\/martinemrichard.fr\/blog\/wp-content\/uploads\/2019\/05\/IMG_3160_v1-236x300.jpg 236w, https:\/\/martinemrichard.fr\/blog\/wp-content\/uploads\/2019\/05\/IMG_3160_v1-768x976.jpg 768w, https:\/\/martinemrichard.fr\/blog\/wp-content\/uploads\/2019\/05\/IMG_3160_v1-806x1024.jpg 806w, https:\/\/martinemrichard.fr\/blog\/wp-content\/uploads\/2019\/05\/IMG_3160_v1.jpg 1044w\" sizes=\"auto, (max-width: 236px) 100vw, 236px\" \/><\/p>\n<p>Et le r\u00eave s&rsquo;envole<\/p>\n<p>Au pays des l\u00e9gendes.<\/p>\n<p>.<\/p>\n<p>*******************************************<\/p>\n<p><span style=\"color: #0000ff;\"><strong>\u00ab\u00a0O\u00f9 sont donc pass\u00e9s les oiseaux?\u00a0\u00bb<\/strong><\/span> Ce n&rsquo;est pas compliqu\u00e9. Ils sont dans mon jardin!<\/p>\n<p>Monsieur M\u00e9sange est amoureux. Il va et vient aux quatre coins. Chenilles et pucerons, araign\u00e9es et lima\u00e7ons n&rsquo;ont qu&rsquo;\u00e0 bien se tenir. Monsieur M\u00e9sange fait le m\u00e9nage pour nourrir sa dulcin\u00e9e..<\/p>\n<p><img loading=\"lazy\" decoding=\"async\" class=\"alignright size-large wp-image-13739\" src=\"https:\/\/martinemrichard.fr\/blog\/wp-content\/uploads\/2019\/05\/IMG_3174_v1-1024x709.jpg\" alt=\"\" width=\"1024\" height=\"709\" srcset=\"https:\/\/martinemrichard.fr\/blog\/wp-content\/uploads\/2019\/05\/IMG_3174_v1-1024x709.jpg 1024w, https:\/\/martinemrichard.fr\/blog\/wp-content\/uploads\/2019\/05\/IMG_3174_v1-300x208.jpg 300w, https:\/\/martinemrichard.fr\/blog\/wp-content\/uploads\/2019\/05\/IMG_3174_v1-768x532.jpg 768w\" sizes=\"auto, (max-width: 1024px) 100vw, 1024px\" \/><\/p>\n<p>Depuis que nous avons cess\u00e9 d&rsquo;approvisionner la mangeoire, nous pensions que les chardonnerets iraient voir ailleurs si la table est meilleure.\u00a0 Mais pas du tout. Ils sont encore dans le secteur \u00e0 se nourrir de graines de fleurs.<\/p>\n<p><img loading=\"lazy\" decoding=\"async\" class=\"alignright size-large wp-image-13741\" src=\"https:\/\/martinemrichard.fr\/blog\/wp-content\/uploads\/2019\/05\/IMG_3309_v1-1024x641.jpg\" alt=\"\" width=\"1024\" height=\"641\" srcset=\"https:\/\/martinemrichard.fr\/blog\/wp-content\/uploads\/2019\/05\/IMG_3309_v1-1024x641.jpg 1024w, https:\/\/martinemrichard.fr\/blog\/wp-content\/uploads\/2019\/05\/IMG_3309_v1-300x188.jpg 300w, https:\/\/martinemrichard.fr\/blog\/wp-content\/uploads\/2019\/05\/IMG_3309_v1-768x481.jpg 768w\" sizes=\"auto, (max-width: 1024px) 100vw, 1024px\" \/><\/p>\n<p>Au bord du toit, L&rsquo;\u00e9tourneau sansonnet met les bouch\u00e9es doubles pour nourrir sa nich\u00e9e.\u00a0 Il s&rsquo;octroie parfois une pause pour chanter comme un pinson ou imiter un klaxon. Ses trilles et cliquetis, ses gazouillis et grincements claironnent \u00e0 tout le pays \u00ab\u00a0Je suis l\u00e0!. Admirez ma belle voix, la richesse de mon r\u00e9pertoire!\u00a0\u00bb<\/p>\n<p><img loading=\"lazy\" decoding=\"async\" class=\"alignright size-large wp-image-13742\" src=\"https:\/\/martinemrichard.fr\/blog\/wp-content\/uploads\/2019\/05\/IMG_6251_v1-1024x972.jpg\" alt=\"\" width=\"1024\" height=\"972\" srcset=\"https:\/\/martinemrichard.fr\/blog\/wp-content\/uploads\/2019\/05\/IMG_6251_v1-1024x972.jpg 1024w, https:\/\/martinemrichard.fr\/blog\/wp-content\/uploads\/2019\/05\/IMG_6251_v1-300x285.jpg 300w, https:\/\/martinemrichard.fr\/blog\/wp-content\/uploads\/2019\/05\/IMG_6251_v1-768x729.jpg 768w, https:\/\/martinemrichard.fr\/blog\/wp-content\/uploads\/2019\/05\/IMG_6251_v1.jpg 1961w\" sizes=\"auto, (max-width: 1024px) 100vw, 1024px\" \/><\/p>\n<p>Indiff\u00e9rent \u00e0 ses vocalises, Monsieur Merle, quant \u00e0 lui, a pour priorit\u00e9 de se faire respecter. Sur son territoire, pas question qu&rsquo;un autre vienne conter fleurette \u00e0 sa jolie merlette. Coups de griffes et coups de bec sont distribu\u00e9s avec vigueur. Malheur \u00e0 l&rsquo;imprudent qui s&rsquo;en prend plein \u00ab\u00a0les dents\u00a0\u00bb!<\/p>\n<p><img loading=\"lazy\" decoding=\"async\" class=\"alignright size-large wp-image-13740\" src=\"https:\/\/martinemrichard.fr\/blog\/wp-content\/uploads\/2019\/05\/IMG_3241_v1-1024x896.jpg\" alt=\"\" width=\"1024\" height=\"896\" srcset=\"https:\/\/martinemrichard.fr\/blog\/wp-content\/uploads\/2019\/05\/IMG_3241_v1-1024x896.jpg 1024w, https:\/\/martinemrichard.fr\/blog\/wp-content\/uploads\/2019\/05\/IMG_3241_v1-300x262.jpg 300w, https:\/\/martinemrichard.fr\/blog\/wp-content\/uploads\/2019\/05\/IMG_3241_v1-768x672.jpg 768w, https:\/\/martinemrichard.fr\/blog\/wp-content\/uploads\/2019\/05\/IMG_3241_v1.jpg 1669w\" sizes=\"auto, (max-width: 1024px) 100vw, 1024px\" \/><\/p>\n<p>Tandis que tout le monde s&rsquo;agite, Monsieur Verdier, au sommet de son cypr\u00e8s, chante \u00e0 s&rsquo;en br\u00fbler le gosier. Il d\u00e9roule chaque note sur la page du Printemps comme si celui-ci \u00e9tait permanent. Silhouette jaune anis, ce soliste inspire le po\u00e8te griffonnant fi\u00e9vreusement\u00a0 un conte de plumes et d\u2019amourettes&#8230;<\/p>\n<p>MMR ( tous droits r\u00e9serv\u00e9s)<\/p>\n","protected":false},"excerpt":{"rendered":"<p>Pour l\u2019Herbier de po\u00e9sies, Adamante, ICI , nous propose d\u2019\u00e9crire sur cet arbre remarquable: Le ciel est gris. Le printemps tarde \u00e0 venir. Pas un bruit dans les cimes, sous les branches. O\u00f9 sont donc pass\u00e9s les oiseaux? &nbsp; Sur le gazon tendre- Chat, queue interrogative La faim pour compagne &nbsp; Le vieux sage pense [&hellip;]<\/p>\n","protected":false},"author":1,"featured_media":0,"comment_status":"open","ping_status":"open","sticky":false,"template":"","format":"standard","meta":{"footnotes":""},"categories":[72,71,900],"tags":[132,927,1175,85,37,487,1174,1172,440,1173],"class_list":["post-13726","post","type-post","status-publish","format-standard","hentry","category-animaux","category-jardin-fleur","category-lherbier-de-poesie","tag-arbre","tag-chardonneret","tag-etourneau-sansonnet","tag-haibun","tag-haikus","tag-merle","tag-mesange-bleue","tag-platane","tag-printemps","tag-verdier"],"_links":{"self":[{"href":"https:\/\/martinemrichard.fr\/blog\/index.php?rest_route=\/wp\/v2\/posts\/13726","targetHints":{"allow":["GET"]}}],"collection":[{"href":"https:\/\/martinemrichard.fr\/blog\/index.php?rest_route=\/wp\/v2\/posts"}],"about":[{"href":"https:\/\/martinemrichard.fr\/blog\/index.php?rest_route=\/wp\/v2\/types\/post"}],"author":[{"embeddable":true,"href":"https:\/\/martinemrichard.fr\/blog\/index.php?rest_route=\/wp\/v2\/users\/1"}],"replies":[{"embeddable":true,"href":"https:\/\/martinemrichard.fr\/blog\/index.php?rest_route=%2Fwp%2Fv2%2Fcomments&post=13726"}],"version-history":[{"count":12,"href":"https:\/\/martinemrichard.fr\/blog\/index.php?rest_route=\/wp\/v2\/posts\/13726\/revisions"}],"predecessor-version":[{"id":13745,"href":"https:\/\/martinemrichard.fr\/blog\/index.php?rest_route=\/wp\/v2\/posts\/13726\/revisions\/13745"}],"wp:attachment":[{"href":"https:\/\/martinemrichard.fr\/blog\/index.php?rest_route=%2Fwp%2Fv2%2Fmedia&parent=13726"}],"wp:term":[{"taxonomy":"category","embeddable":true,"href":"https:\/\/martinemrichard.fr\/blog\/index.php?rest_route=%2Fwp%2Fv2%2Fcategories&post=13726"},{"taxonomy":"post_tag","embeddable":true,"href":"https:\/\/martinemrichard.fr\/blog\/index.php?rest_route=%2Fwp%2Fv2%2Ftags&post=13726"}],"curies":[{"name":"wp","href":"https:\/\/api.w.org\/{rel}","templated":true}]}}