{"id":13790,"date":"2019-05-29T05:39:10","date_gmt":"2019-05-29T04:39:10","guid":{"rendered":"http:\/\/martinemrichard.fr\/blog\/?p=13790"},"modified":"2019-05-29T05:39:10","modified_gmt":"2019-05-29T04:39:10","slug":"les-metiers-improbables","status":"publish","type":"post","link":"https:\/\/martinemrichard.fr\/blog\/?p=13790","title":{"rendered":"Les m\u00e9tiers improbables"},"content":{"rendered":"<p>Apr\u00e8s \u00ab\u00a0l&rsquo;atelier de Mijoty\u00a0\u00bb ( Mai 2011), \u00ab\u00a0La boite \u00e0 r\u00eaves\u00a0\u00bb (Novembre 2011), \u00ab\u00a0La marguerite des possibles\u00a0\u00bb ( septembre 2013), \u00ab\u00a0Le mariage\u00a0\u00bb (juillet 2015), \u00ab\u00a0Le voyage\u00a0\u00bb (Octobre 2017),<\/p>\n<p><img loading=\"lazy\" decoding=\"async\" class=\"alignright size-full wp-image-13792\" src=\"https:\/\/martinemrichard.fr\/blog\/wp-content\/uploads\/2019\/05\/171003_Voyage_200.jpg\" alt=\"\" width=\"200\" height=\"283\" \/><\/p>\n<p><img loading=\"lazy\" decoding=\"async\" class=\"alignright size-full wp-image-13791\" src=\"https:\/\/martinemrichard.fr\/blog\/wp-content\/uploads\/2019\/05\/Anthologies-4_500.jpg\" alt=\"\" width=\"500\" height=\"707\" srcset=\"https:\/\/martinemrichard.fr\/blog\/wp-content\/uploads\/2019\/05\/Anthologies-4_500.jpg 500w, https:\/\/martinemrichard.fr\/blog\/wp-content\/uploads\/2019\/05\/Anthologies-4_500-212x300.jpg 212w\" sizes=\"auto, (max-width: 500px) 100vw, 500px\" \/><\/p>\n<p>les Anthologies \u00e9ph\u00e9m\u00e8res sortent un sixi\u00e8me titre:\u00a0 <span style=\"color: #0000ff;\"><strong>M\u00e9tiers improbables<\/strong><\/span><\/p>\n<p>&nbsp;<\/p>\n<p>Ce livre est \u00e0 commander chez Quichottine , <a href=\"https:\/\/quichottine.fr\/2019\/05\/metiers-improbables-souscription.html\"><span style=\"color: #0000ff;\"><strong>ICI<\/strong><\/span><\/a>, souscription jusqu&rsquo;au <span style=\"color: #ff0000;\"><strong>31Mai 2019<\/strong><\/span> . Plus tard, vous pourrez le trouver chez\u00a0 thebookedition <a href=\"https:\/\/www.thebookedition.com\/fr\/14551_les-anthologies-ephemeres-divers\"><span style=\"color: #0000ff;\"><strong>ICI <\/strong><\/span><\/a><\/p>\n<p>J&rsquo;ai la joie et l&rsquo;honneur de participer pour la cinqui\u00e8me fois \u00e0 ce grand \u00e9lan cr\u00e9atif dont le but est d&rsquo;offrir la r\u00e9alisation de son r\u00eave \u00e0 un enfant gravement malade.<\/p>\n<p>La souscription permet d&rsquo;envoyer le maximum d&rsquo;argent \u00e0 l&rsquo;association R\u00eaves <a href=\"http:\/\/www.reves.fr\/\"><span style=\"color: #0000ff;\"><strong>ICI<\/strong> <\/span><\/a><\/p>\n<p>Petite pr\u00e9cision: Les droits d\u2019auteurs ( cette fois nous sommes 108) et b\u00e9n\u00e9fices r\u00e9alis\u00e9s gr\u00e2ce \u00e0 ces ventes sont enti\u00e8rement revers\u00e9s \u00e0 l\u2019association R\u00eaves.<\/p>\n<p>&nbsp;<\/p>\n<p>&nbsp;<\/p>\n<p>&nbsp;<\/p>\n<p>&nbsp;<\/p>\n<p>Pour vous donnez envie , voici un extrait de mon texte:<\/p>\n<h1><span style=\"font-family: Arial, sans-serif;\"><span style=\"font-size: small;\"><img loading=\"lazy\" decoding=\"async\" class=\"alignright size-full wp-image-13793\" src=\"https:\/\/martinemrichard.fr\/blog\/wp-content\/uploads\/2019\/05\/Couverture.jpg\" alt=\"\" width=\"500\" height=\"343\" srcset=\"https:\/\/martinemrichard.fr\/blog\/wp-content\/uploads\/2019\/05\/Couverture.jpg 500w, https:\/\/martinemrichard.fr\/blog\/wp-content\/uploads\/2019\/05\/Couverture-300x206.jpg 300w\" sizes=\"auto, (max-width: 500px) 100vw, 500px\" \/><\/span><\/span><\/h1>\n<p><span style=\"font-family: Arial, sans-serif;\"><span style=\"font-size: large;\">Un chasseur tr\u00e8s sp\u00e9cial<\/span><\/span><\/p>\n<p><span style=\"font-family: Arial, sans-serif;\"><span style=\"font-size: medium;\">-J\u2019ai vu une petite annonce: \u00abUrgent. Recherchons un chasseur d\u2019un courant d\u2019air frivole. Conditions \u00e0 d\u00e9battre.\u00bb C\u2019est pas courant comme m\u00e9tier, commente madame Mieuxvautpassifier.<\/span><\/span><\/p>\n<p><span style=\"font-family: Arial, sans-serif;\"><span style=\"font-size: medium;\">-Courant, trottant, rampant, qu\u2019importe pourvu qu\u2019il soit efficace. Vous n\u2019en connaissez pas un dans le coin?<\/span><\/span><\/p>\n<p><span style=\"font-family: Arial, sans-serif;\"><span style=\"font-size: medium;\">-Moi? Non. S\u2019il y en a un, vraiment, personne ne m\u2019en a inform\u00e9e. Mais\u2026 dites-moi, je suis curieuse, pourquoi s\u2019enqu\u00e9rir d\u2019une telle personne?<\/span><\/span><\/p>\n<p><span style=\"font-family: Arial, sans-serif;\"><span style=\"font-size: medium;\">Le petit homme (tonsure, lunettes \u00e0 \u00e9cailles et costume trois pi\u00e8ces) se frotte le menton. Apr\u00e8s une mimique interrogative \u00e0 son assistante (longue, maigre, blafarde dans sa grande cape noire) il r\u00e9pond \u00e0 la comm\u00e8re:<\/span><\/span><\/p>\n<p><span style=\"font-family: Arial, sans-serif;\"><span style=\"font-size: medium;\">-Voyez-vous, Mad\u00e2\u00e2\u00e2me, nous venons d\u2019un ch\u00e2teau perdu de l\u2019arri\u00e8re-pays. Un lieu o\u00f9 personne, je dis bien per-sonne n\u2019a jamais entendu un air entra\u00eenant. Ni m\u00eame un chant d\u2019oiseau. Pensez! Un vrai d\u00e9sert o\u00f9 seul le vent donne de la voix.<\/span><\/span><\/p>\n<p><span style=\"font-family: Arial, sans-serif;\"><span style=\"font-size: medium;\">-Pas m\u00eame un oiseau? r\u00e9p\u00e8te abasourdie son interlocutrice. Comment se fait-il?<\/span><\/span><\/p>\n<p><span style=\"font-family: Arial, sans-serif;\"><span style=\"font-size: medium;\">-Nous les avons tous mang\u00e9s! ass\u00e8ne sans sourciller l\u2019\u00e9nigmatique individu.<\/span><\/span><\/p>\n<p>&nbsp;<\/p>\n<p>La suite?\u00a0 \u00e0 d\u00e9couvrir dans<span style=\"color: #993366;\"><strong> les<\/strong><\/span><span style=\"color: #800080;\"><strong> m\u00e9tiers improbables<\/strong><\/span>! \ud83d\ude42<\/p>\n<p>.MMR<\/p>\n<p>Association R\u00eaves : 141 all\u00e9e de Riottier \u2013 CS 7007 Limas \u2013 69651 VILLEFRANCHE-SUR-SAONE Cedex.<br \/>\n(http:\/\/www.reves.fr\/)<\/p>\n","protected":false},"excerpt":{"rendered":"<p>Apr\u00e8s \u00ab\u00a0l&rsquo;atelier de Mijoty\u00a0\u00bb ( Mai 2011), \u00ab\u00a0La boite \u00e0 r\u00eaves\u00a0\u00bb (Novembre 2011), \u00ab\u00a0La marguerite des possibles\u00a0\u00bb ( septembre 2013), \u00ab\u00a0Le mariage\u00a0\u00bb (juillet 2015), \u00ab\u00a0Le voyage\u00a0\u00bb (Octobre 2017), les Anthologies \u00e9ph\u00e9m\u00e8res sortent un sixi\u00e8me titre:\u00a0 M\u00e9tiers improbables &nbsp; Ce livre est \u00e0 commander chez Quichottine , ICI, souscription jusqu&rsquo;au 31Mai 2019 . Plus tard, vous [&hellip;]<\/p>\n","protected":false},"author":1,"featured_media":0,"comment_status":"open","ping_status":"open","sticky":false,"template":"","format":"standard","meta":{"footnotes":""},"categories":[249],"tags":[],"class_list":["post-13790","post","type-post","status-publish","format-standard","hentry","category-mijoty"],"_links":{"self":[{"href":"https:\/\/martinemrichard.fr\/blog\/index.php?rest_route=\/wp\/v2\/posts\/13790","targetHints":{"allow":["GET"]}}],"collection":[{"href":"https:\/\/martinemrichard.fr\/blog\/index.php?rest_route=\/wp\/v2\/posts"}],"about":[{"href":"https:\/\/martinemrichard.fr\/blog\/index.php?rest_route=\/wp\/v2\/types\/post"}],"author":[{"embeddable":true,"href":"https:\/\/martinemrichard.fr\/blog\/index.php?rest_route=\/wp\/v2\/users\/1"}],"replies":[{"embeddable":true,"href":"https:\/\/martinemrichard.fr\/blog\/index.php?rest_route=%2Fwp%2Fv2%2Fcomments&post=13790"}],"version-history":[{"count":15,"href":"https:\/\/martinemrichard.fr\/blog\/index.php?rest_route=\/wp\/v2\/posts\/13790\/revisions"}],"predecessor-version":[{"id":13808,"href":"https:\/\/martinemrichard.fr\/blog\/index.php?rest_route=\/wp\/v2\/posts\/13790\/revisions\/13808"}],"wp:attachment":[{"href":"https:\/\/martinemrichard.fr\/blog\/index.php?rest_route=%2Fwp%2Fv2%2Fmedia&parent=13790"}],"wp:term":[{"taxonomy":"category","embeddable":true,"href":"https:\/\/martinemrichard.fr\/blog\/index.php?rest_route=%2Fwp%2Fv2%2Fcategories&post=13790"},{"taxonomy":"post_tag","embeddable":true,"href":"https:\/\/martinemrichard.fr\/blog\/index.php?rest_route=%2Fwp%2Fv2%2Ftags&post=13790"}],"curies":[{"name":"wp","href":"https:\/\/api.w.org\/{rel}","templated":true}]}}