{"id":13923,"date":"2019-12-08T01:37:51","date_gmt":"2019-12-08T00:37:51","guid":{"rendered":"http:\/\/martinemrichard.fr\/blog\/?p=13923"},"modified":"2019-12-08T01:37:51","modified_gmt":"2019-12-08T00:37:51","slug":"au-replis-du-temps-vagabond","status":"publish","type":"post","link":"https:\/\/martinemrichard.fr\/blog\/?p=13923","title":{"rendered":"Au replis du Temps vagabond"},"content":{"rendered":"<p>&nbsp;<\/p>\n<p style=\"text-align: center;\">Au repli du Temps vagabond<\/p>\n<p style=\"text-align: center;\">Baignades et citronnades<\/p>\n<p style=\"text-align: center;\">Nous confions\u00a0 nos pas \u00e9puis\u00e9s<\/p>\n<p style=\"text-align: center;\">A l&rsquo;\u00e9ventail des lauriers roses<\/p>\n<p>&nbsp;<\/p>\n<p style=\"text-align: center;\">Au repli du Temps buissonnier<\/p>\n<p style=\"text-align: center;\">Balades et planches \u00e0 voile<\/p>\n<p style=\"text-align: center;\">Nous savourons un repas princier<\/p>\n<p style=\"text-align: center;\">Sur fond de mouettes et go\u00e9lands<\/p>\n<p>&nbsp;<\/p>\n<p style=\"text-align: center;\">Au replis du Temps estival<\/p>\n<p style=\"text-align: center;\">Promenades et limonades<\/p>\n<p style=\"text-align: center;\">Nous livrons au vent des vacances<\/p>\n<p style=\"text-align: center;\">Les bulles de nos pens\u00e9es moir\u00e9es&#8230;<\/p>\n<p>&nbsp;<\/p>\n<p><img loading=\"lazy\" decoding=\"async\" class=\"alignright size-large wp-image-13915\" src=\"https:\/\/martinemrichard.fr\/blog\/wp-content\/uploads\/2019\/08\/IMG_2749_v1-1024x768.jpg\" alt=\"\" width=\"1024\" height=\"768\" srcset=\"https:\/\/martinemrichard.fr\/blog\/wp-content\/uploads\/2019\/08\/IMG_2749_v1-1024x768.jpg 1024w, https:\/\/martinemrichard.fr\/blog\/wp-content\/uploads\/2019\/08\/IMG_2749_v1-300x225.jpg 300w, https:\/\/martinemrichard.fr\/blog\/wp-content\/uploads\/2019\/08\/IMG_2749_v1-768x576.jpg 768w, https:\/\/martinemrichard.fr\/blog\/wp-content\/uploads\/2019\/08\/IMG_2749_v1.jpg 1824w\" sizes=\"auto, (max-width: 1024px) 100vw, 1024px\" \/><\/p>\n<p>&nbsp;<\/p>\n<p>.<\/p>\n<p>MMR ( tous droits r\u00e9serv\u00e9s)<\/p>\n","protected":false},"excerpt":{"rendered":"<p>&nbsp; Au repli du Temps vagabond Baignades et citronnades Nous confions\u00a0 nos pas \u00e9puis\u00e9s A l&rsquo;\u00e9ventail des lauriers roses &nbsp; Au repli du Temps buissonnier Balades et planches \u00e0 voile Nous savourons un repas princier Sur fond de mouettes et go\u00e9lands &nbsp; Au replis du Temps estival Promenades et limonades Nous livrons au vent des [&hellip;]<\/p>\n","protected":false},"author":1,"featured_media":0,"comment_status":"open","ping_status":"open","sticky":false,"template":"","format":"standard","meta":{"footnotes":""},"categories":[70],"tags":[297,526,265,134,62],"class_list":["post-13923","post","type-post","status-publish","format-standard","hentry","category-ocean-et-bassin-darcachon","tag-balade","tag-estival","tag-mouette","tag-poeme","tag-temps"],"_links":{"self":[{"href":"https:\/\/martinemrichard.fr\/blog\/index.php?rest_route=\/wp\/v2\/posts\/13923","targetHints":{"allow":["GET"]}}],"collection":[{"href":"https:\/\/martinemrichard.fr\/blog\/index.php?rest_route=\/wp\/v2\/posts"}],"about":[{"href":"https:\/\/martinemrichard.fr\/blog\/index.php?rest_route=\/wp\/v2\/types\/post"}],"author":[{"embeddable":true,"href":"https:\/\/martinemrichard.fr\/blog\/index.php?rest_route=\/wp\/v2\/users\/1"}],"replies":[{"embeddable":true,"href":"https:\/\/martinemrichard.fr\/blog\/index.php?rest_route=%2Fwp%2Fv2%2Fcomments&post=13923"}],"version-history":[{"count":8,"href":"https:\/\/martinemrichard.fr\/blog\/index.php?rest_route=\/wp\/v2\/posts\/13923\/revisions"}],"predecessor-version":[{"id":14068,"href":"https:\/\/martinemrichard.fr\/blog\/index.php?rest_route=\/wp\/v2\/posts\/13923\/revisions\/14068"}],"wp:attachment":[{"href":"https:\/\/martinemrichard.fr\/blog\/index.php?rest_route=%2Fwp%2Fv2%2Fmedia&parent=13923"}],"wp:term":[{"taxonomy":"category","embeddable":true,"href":"https:\/\/martinemrichard.fr\/blog\/index.php?rest_route=%2Fwp%2Fv2%2Fcategories&post=13923"},{"taxonomy":"post_tag","embeddable":true,"href":"https:\/\/martinemrichard.fr\/blog\/index.php?rest_route=%2Fwp%2Fv2%2Ftags&post=13923"}],"curies":[{"name":"wp","href":"https:\/\/api.w.org\/{rel}","templated":true}]}}