{"id":13938,"date":"2019-09-22T09:24:06","date_gmt":"2019-09-22T08:24:06","guid":{"rendered":"http:\/\/martinemrichard.fr\/blog\/?p=13938"},"modified":"2019-09-22T09:24:06","modified_gmt":"2019-09-22T08:24:06","slug":"la-rentree-des-classes","status":"publish","type":"post","link":"https:\/\/martinemrichard.fr\/blog\/?p=13938","title":{"rendered":"La rentr\u00e9e des classes!"},"content":{"rendered":"<p>Ah la rentr\u00e9e! Que de souvenirs! Que ce soit pour ma fratrie et moi ou celle de ma fille.\u00a0 Bien que ce moment soit pass\u00e9 de quelques semaines,\u00a0 c&rsquo;est l&rsquo;occasion de vous parler d&rsquo;un tr\u00e8s joli Mus\u00e9e. Celui de l&rsquo;\u00e9cole qui se situe dans la vieille Cit\u00e9 de Carcassonne, \u00e0 deux pas de la basilique Saint Nazaire.\u00a0 Pas facile de faire un choix parmi toutes les photos ramen\u00e9es de cette visite.<\/p>\n<p><img loading=\"lazy\" decoding=\"async\" class=\"alignright size-medium wp-image-13942\" src=\"https:\/\/martinemrichard.fr\/blog\/wp-content\/uploads\/2019\/08\/IMG_3954_v1-225x300.jpg\" alt=\"\" width=\"225\" height=\"300\" srcset=\"https:\/\/martinemrichard.fr\/blog\/wp-content\/uploads\/2019\/08\/IMG_3954_v1-225x300.jpg 225w, https:\/\/martinemrichard.fr\/blog\/wp-content\/uploads\/2019\/08\/IMG_3954_v1-768x1024.jpg 768w, https:\/\/martinemrichard.fr\/blog\/wp-content\/uploads\/2019\/08\/IMG_3954_v1.jpg 1368w\" sizes=\"auto, (max-width: 225px) 100vw, 225px\" \/><img loading=\"lazy\" decoding=\"async\" class=\"alignright size-medium wp-image-13939\" src=\"https:\/\/martinemrichard.fr\/blog\/wp-content\/uploads\/2019\/08\/IMG_4018_v1-225x300.jpg\" alt=\"\" width=\"225\" height=\"300\" srcset=\"https:\/\/martinemrichard.fr\/blog\/wp-content\/uploads\/2019\/08\/IMG_4018_v1-225x300.jpg 225w, https:\/\/martinemrichard.fr\/blog\/wp-content\/uploads\/2019\/08\/IMG_4018_v1-768x1024.jpg 768w, https:\/\/martinemrichard.fr\/blog\/wp-content\/uploads\/2019\/08\/IMG_4018_v1.jpg 1368w\" sizes=\"auto, (max-width: 225px) 100vw, 225px\" \/><img loading=\"lazy\" decoding=\"async\" class=\"alignright size-medium wp-image-13940\" src=\"https:\/\/martinemrichard.fr\/blog\/wp-content\/uploads\/2019\/08\/IMG_4020_v1-225x300.jpg\" alt=\"\" width=\"225\" height=\"300\" srcset=\"https:\/\/martinemrichard.fr\/blog\/wp-content\/uploads\/2019\/08\/IMG_4020_v1-225x300.jpg 225w, https:\/\/martinemrichard.fr\/blog\/wp-content\/uploads\/2019\/08\/IMG_4020_v1-768x1024.jpg 768w, https:\/\/martinemrichard.fr\/blog\/wp-content\/uploads\/2019\/08\/IMG_4020_v1.jpg 1368w\" sizes=\"auto, (max-width: 225px) 100vw, 225px\" \/><\/p>\n<p>La fa\u00e7ade, simple et qui ressemble \u00e0 tant d&rsquo;autres \u00e9coles fran\u00e7aises de l&rsquo;\u00e9poque, avec sa cour de r\u00e9cr\u00e9ation.<\/p>\n<p>Pr\u00e8s de la porte d&rsquo;entr\u00e9e, l&rsquo;affiche montrant une \u00ab\u00a0Rentr\u00e9e\u00a0\u00bb pas d\u00e9sir\u00e9e du tout.<\/p>\n<p>Et puis la salle de classe avec ses bureaux en bois. J&rsquo;ai connu cette ambiance \u00e0 ma rentr\u00e9e au cours pr\u00e9paratoire. Seulement quelques mois. Ensuite nous e\u00fbmes une \u00e9cole flambant neuve et moderne.<\/p>\n<p>Il y a tant de choses \u00e0 d\u00e9crire mais, il me faudrait un livre. \ud83d\ude42<\/p>\n<p>&nbsp;<\/p>\n<p>Les le\u00e7ons de morale pour d\u00e9marrer la matin\u00e9e apr\u00e8s avoir dessin\u00e9 une frise de deux carreaux s\u00e9parant le travail du jour de celui de la veille. La Ma\u00eetresse avait des affiches, des cartes au mur, de petits livrets avec moult exemples pour nous garder dans le droit chemin. Cette carte ci-dessous m&rsquo;a faite rire. A l&rsquo;\u00e9poque il y avait le bon et le mauvais alcool. Alors que maintenant, on le d\u00e9clare mauvais pour la sant\u00e9, quel qu\u2019il soit.<\/p>\n<p><img loading=\"lazy\" decoding=\"async\" class=\"alignright size-large wp-image-13945\" src=\"https:\/\/martinemrichard.fr\/blog\/wp-content\/uploads\/2019\/08\/IMG_3948_v1-1024x768.jpg\" alt=\"\" width=\"1024\" height=\"768\" srcset=\"https:\/\/martinemrichard.fr\/blog\/wp-content\/uploads\/2019\/08\/IMG_3948_v1-1024x768.jpg 1024w, https:\/\/martinemrichard.fr\/blog\/wp-content\/uploads\/2019\/08\/IMG_3948_v1-300x225.jpg 300w, https:\/\/martinemrichard.fr\/blog\/wp-content\/uploads\/2019\/08\/IMG_3948_v1-768x576.jpg 768w, https:\/\/martinemrichard.fr\/blog\/wp-content\/uploads\/2019\/08\/IMG_3948_v1.jpg 1824w\" sizes=\"auto, (max-width: 1024px) 100vw, 1024px\" \/><\/p>\n<p>&nbsp;<\/p>\n<p>D&rsquo;autres grandes cartes aux murs nous ont interpell\u00e9s. Celle des fleuves et rivi\u00e8res fran\u00e7aises, le corps humain, les plantes, les insectes,\u00a0 des maximes&#8230;<\/p>\n<p><img loading=\"lazy\" decoding=\"async\" class=\"alignright size-large wp-image-13949\" src=\"https:\/\/martinemrichard.fr\/blog\/wp-content\/uploads\/2019\/08\/IMG_3950_v1-1024x768.jpg\" alt=\"\" width=\"1024\" height=\"768\" srcset=\"https:\/\/martinemrichard.fr\/blog\/wp-content\/uploads\/2019\/08\/IMG_3950_v1-1024x768.jpg 1024w, https:\/\/martinemrichard.fr\/blog\/wp-content\/uploads\/2019\/08\/IMG_3950_v1-300x225.jpg 300w, https:\/\/martinemrichard.fr\/blog\/wp-content\/uploads\/2019\/08\/IMG_3950_v1-768x576.jpg 768w, https:\/\/martinemrichard.fr\/blog\/wp-content\/uploads\/2019\/08\/IMG_3950_v1.jpg 1824w\" sizes=\"auto, (max-width: 1024px) 100vw, 1024px\" \/><\/p>\n<p>&nbsp;<\/p>\n<p>L&rsquo;odeur de la craie et de l&rsquo;encre fra\u00eeche. Certains peut-\u00eatre ont connu la \u00ab\u00a0corv\u00e9e\u00a0\u00bb de remplir les encriers chaque matin. Enfin, c&rsquo;\u00e9tait plut\u00f4t vu comme une distinction, une r\u00e9compense par certaines. Il y avait aussi le nettoyage du tableau ; et celle d&rsquo;aller taper la brosse pleine de craie.<\/p>\n<p><img loading=\"lazy\" decoding=\"async\" class=\"alignright size-large wp-image-13948\" src=\"https:\/\/martinemrichard.fr\/blog\/wp-content\/uploads\/2019\/08\/IMG_3989_v1-1024x768.jpg\" alt=\"\" width=\"1024\" height=\"768\" srcset=\"https:\/\/martinemrichard.fr\/blog\/wp-content\/uploads\/2019\/08\/IMG_3989_v1-1024x768.jpg 1024w, https:\/\/martinemrichard.fr\/blog\/wp-content\/uploads\/2019\/08\/IMG_3989_v1-300x225.jpg 300w, https:\/\/martinemrichard.fr\/blog\/wp-content\/uploads\/2019\/08\/IMG_3989_v1-768x576.jpg 768w, https:\/\/martinemrichard.fr\/blog\/wp-content\/uploads\/2019\/08\/IMG_3989_v1.jpg 1824w\" sizes=\"auto, (max-width: 1024px) 100vw, 1024px\" \/><\/p>\n<p>&nbsp;<\/p>\n<p>Et oui, la Rentr\u00e9e! R\u00e9miniscences de l&rsquo;enfance.<\/p>\n<p><img loading=\"lazy\" decoding=\"async\" class=\"alignright size-large wp-image-13952\" src=\"https:\/\/martinemrichard.fr\/blog\/wp-content\/uploads\/2019\/08\/IMG_3972_v1-1024x768.jpg\" alt=\"\" width=\"1024\" height=\"768\" srcset=\"https:\/\/martinemrichard.fr\/blog\/wp-content\/uploads\/2019\/08\/IMG_3972_v1-1024x768.jpg 1024w, https:\/\/martinemrichard.fr\/blog\/wp-content\/uploads\/2019\/08\/IMG_3972_v1-300x225.jpg 300w, https:\/\/martinemrichard.fr\/blog\/wp-content\/uploads\/2019\/08\/IMG_3972_v1-768x576.jpg 768w, https:\/\/martinemrichard.fr\/blog\/wp-content\/uploads\/2019\/08\/IMG_3972_v1.jpg 1824w\" sizes=\"auto, (max-width: 1024px) 100vw, 1024px\" \/><\/p>\n<p>&nbsp;<\/p>\n<p>&nbsp;<\/p>\n<p>MMR ( tous droits r\u00e9serv\u00e9s<\/p>\n<p>Pour en savoir plus, clic sur le lien <a href=\"https:\/\/www.audetourisme.com\/diffusio\/fr\/a-voir-a-faire\/culture-et-patrimoine\/carcassonne\/musee-de-l-ecole_TFOPCULAR0110000032.php\"><span style=\"color: #0000ff;\"><strong>ICI<\/strong><\/span><\/a><\/p>\n","protected":false},"excerpt":{"rendered":"<p>Ah la rentr\u00e9e! Que de souvenirs! Que ce soit pour ma fratrie et moi ou celle de ma fille.\u00a0 Bien que ce moment soit pass\u00e9 de quelques semaines,\u00a0 c&rsquo;est l&rsquo;occasion de vous parler d&rsquo;un tr\u00e8s joli Mus\u00e9e. Celui de l&rsquo;\u00e9cole qui se situe dans la vieille Cit\u00e9 de Carcassonne, \u00e0 deux pas de la basilique [&hellip;]<\/p>\n","protected":false},"author":1,"featured_media":0,"comment_status":"open","ping_status":"open","sticky":false,"template":"","format":"standard","meta":{"footnotes":""},"categories":[389],"tags":[1205,1204],"class_list":["post-13938","post","type-post","status-publish","format-standard","hentry","category-promenades-ici-et-ailleurs","tag-musee-de-lecole-a-carcassonne","tag-rentree-des-classes"],"_links":{"self":[{"href":"https:\/\/martinemrichard.fr\/blog\/index.php?rest_route=\/wp\/v2\/posts\/13938","targetHints":{"allow":["GET"]}}],"collection":[{"href":"https:\/\/martinemrichard.fr\/blog\/index.php?rest_route=\/wp\/v2\/posts"}],"about":[{"href":"https:\/\/martinemrichard.fr\/blog\/index.php?rest_route=\/wp\/v2\/types\/post"}],"author":[{"embeddable":true,"href":"https:\/\/martinemrichard.fr\/blog\/index.php?rest_route=\/wp\/v2\/users\/1"}],"replies":[{"embeddable":true,"href":"https:\/\/martinemrichard.fr\/blog\/index.php?rest_route=%2Fwp%2Fv2%2Fcomments&post=13938"}],"version-history":[{"count":16,"href":"https:\/\/martinemrichard.fr\/blog\/index.php?rest_route=\/wp\/v2\/posts\/13938\/revisions"}],"predecessor-version":[{"id":13987,"href":"https:\/\/martinemrichard.fr\/blog\/index.php?rest_route=\/wp\/v2\/posts\/13938\/revisions\/13987"}],"wp:attachment":[{"href":"https:\/\/martinemrichard.fr\/blog\/index.php?rest_route=%2Fwp%2Fv2%2Fmedia&parent=13938"}],"wp:term":[{"taxonomy":"category","embeddable":true,"href":"https:\/\/martinemrichard.fr\/blog\/index.php?rest_route=%2Fwp%2Fv2%2Fcategories&post=13938"},{"taxonomy":"post_tag","embeddable":true,"href":"https:\/\/martinemrichard.fr\/blog\/index.php?rest_route=%2Fwp%2Fv2%2Ftags&post=13938"}],"curies":[{"name":"wp","href":"https:\/\/api.w.org\/{rel}","templated":true}]}}