{"id":13988,"date":"2019-09-28T23:21:27","date_gmt":"2019-09-28T22:21:27","guid":{"rendered":"http:\/\/martinemrichard.fr\/blog\/?p=13988"},"modified":"2019-09-28T23:21:27","modified_gmt":"2019-09-28T22:21:27","slug":"loiseau-le-soleil-et-moi","status":"publish","type":"post","link":"https:\/\/martinemrichard.fr\/blog\/?p=13988","title":{"rendered":"L&rsquo;oiseau, le soleil et moi"},"content":{"rendered":"<p>Caresse arachn\u00e9enne, si fine, si l\u00e9g\u00e8re de l&rsquo;haleine du Bassin sur mes traits engourdis par la nuit. Moment si particulier o\u00f9 l&rsquo;esquisse du jour est si riche de promesses. Il fait frais mais pas froid. J&rsquo;attends, immobile, le lever du roi Soleil.<\/p>\n<p><img loading=\"lazy\" decoding=\"async\" class=\"alignright size-large wp-image-13995\" src=\"https:\/\/martinemrichard.fr\/blog\/wp-content\/uploads\/2019\/09\/IMG_7656_v1-1024x575.jpg\" alt=\"\" width=\"1024\" height=\"575\" srcset=\"https:\/\/martinemrichard.fr\/blog\/wp-content\/uploads\/2019\/09\/IMG_7656_v1-1024x575.jpg 1024w, https:\/\/martinemrichard.fr\/blog\/wp-content\/uploads\/2019\/09\/IMG_7656_v1-300x169.jpg 300w, https:\/\/martinemrichard.fr\/blog\/wp-content\/uploads\/2019\/09\/IMG_7656_v1-768x432.jpg 768w\" sizes=\"auto, (max-width: 1024px) 100vw, 1024px\" \/><\/p>\n<p>Les minutes s&rsquo;ajoutent aux minutes. L&rsquo;intensit\u00e9 lumineuse monte en puissance.\u00a0 Calme et s\u00e9r\u00e9nit\u00e9. L&rsquo;eau se m\u00e9tamorphose en sirop de fruits exotiques. Orange, mangue et papaye glissent les unes dans les autres pour composer un \u00e9lixir ensorcelant.<\/p>\n<p><img loading=\"lazy\" decoding=\"async\" class=\"alignright size-medium wp-image-13992\" src=\"https:\/\/martinemrichard.fr\/blog\/wp-content\/uploads\/2019\/09\/IMG_7072_v1-300x300.jpg\" alt=\"\" width=\"300\" height=\"300\" srcset=\"https:\/\/martinemrichard.fr\/blog\/wp-content\/uploads\/2019\/09\/IMG_7072_v1-300x300.jpg 300w, https:\/\/martinemrichard.fr\/blog\/wp-content\/uploads\/2019\/09\/IMG_7072_v1-150x150.jpg 150w, https:\/\/martinemrichard.fr\/blog\/wp-content\/uploads\/2019\/09\/IMG_7072_v1-768x768.jpg 768w, https:\/\/martinemrichard.fr\/blog\/wp-content\/uploads\/2019\/09\/IMG_7072_v1-1024x1024.jpg 1024w, https:\/\/martinemrichard.fr\/blog\/wp-content\/uploads\/2019\/09\/IMG_7072_v1.jpg 1182w\" sizes=\"auto, (max-width: 300px) 100vw, 300px\" \/><img loading=\"lazy\" decoding=\"async\" class=\"alignright size-medium wp-image-13989\" src=\"https:\/\/martinemrichard.fr\/blog\/wp-content\/uploads\/2019\/09\/IMG_7080_v1-281x300.jpg\" alt=\"\" width=\"281\" height=\"300\" srcset=\"https:\/\/martinemrichard.fr\/blog\/wp-content\/uploads\/2019\/09\/IMG_7080_v1-281x300.jpg 281w, https:\/\/martinemrichard.fr\/blog\/wp-content\/uploads\/2019\/09\/IMG_7080_v1-768x819.jpg 768w, https:\/\/martinemrichard.fr\/blog\/wp-content\/uploads\/2019\/09\/IMG_7080_v1-960x1024.jpg 960w, https:\/\/martinemrichard.fr\/blog\/wp-content\/uploads\/2019\/09\/IMG_7080_v1.jpg 1108w\" sizes=\"auto, (max-width: 281px) 100vw, 281px\" \/><img loading=\"lazy\" decoding=\"async\" class=\"alignright size-medium wp-image-13990\" src=\"https:\/\/martinemrichard.fr\/blog\/wp-content\/uploads\/2019\/09\/IMG_7078_v1-300x300.jpg\" alt=\"\" width=\"300\" height=\"300\" srcset=\"https:\/\/martinemrichard.fr\/blog\/wp-content\/uploads\/2019\/09\/IMG_7078_v1-300x300.jpg 300w, https:\/\/martinemrichard.fr\/blog\/wp-content\/uploads\/2019\/09\/IMG_7078_v1-150x150.jpg 150w, https:\/\/martinemrichard.fr\/blog\/wp-content\/uploads\/2019\/09\/IMG_7078_v1-768x768.jpg 768w, https:\/\/martinemrichard.fr\/blog\/wp-content\/uploads\/2019\/09\/IMG_7078_v1-1024x1024.jpg 1024w, https:\/\/martinemrichard.fr\/blog\/wp-content\/uploads\/2019\/09\/IMG_7078_v1.jpg 1308w\" sizes=\"auto, (max-width: 300px) 100vw, 300px\" \/><\/p>\n<p>.<\/p>\n<p>&nbsp;<\/p>\n<p>&nbsp;<\/p>\n<p>&nbsp;<\/p>\n<p>&nbsp;<\/p>\n<p>&nbsp;<\/p>\n<p>&nbsp;<\/p>\n<p>&nbsp;<\/p>\n<p>C&rsquo;est un instant partag\u00e9&#8230; avec un oiseau. Enfin, partag\u00e9, c\u2019est beaucoup dire. Celui-ci\u00a0 semblait surtout pr\u00e9occup\u00e9 par sa toilette. Tr\u00e8s consciencieux, il a tout bien pass\u00e9 en revue de la queue \u00e0 la pointe des ailes. De la base du cou\u00a0 ( ah la! la! pas facile d&rsquo;atteindre cette zone) \u00e0 la naissance du bec. Quelle gymnastique!<\/p>\n<p><img loading=\"lazy\" decoding=\"async\" class=\"alignright size-large wp-image-13994\" src=\"https:\/\/martinemrichard.fr\/blog\/wp-content\/uploads\/2019\/09\/IMG_7674_v1-1024x575.jpg\" alt=\"\" width=\"1024\" height=\"575\" srcset=\"https:\/\/martinemrichard.fr\/blog\/wp-content\/uploads\/2019\/09\/IMG_7674_v1-1024x575.jpg 1024w, https:\/\/martinemrichard.fr\/blog\/wp-content\/uploads\/2019\/09\/IMG_7674_v1-300x169.jpg 300w, https:\/\/martinemrichard.fr\/blog\/wp-content\/uploads\/2019\/09\/IMG_7674_v1-768x432.jpg 768w\" sizes=\"auto, (max-width: 1024px) 100vw, 1024px\" \/><\/p>\n<p>Puis, satisfait, le go\u00e9land me tourna le dos et ensemble, nous avons contempl\u00e9 l&rsquo;horizon&#8230;<\/p>\n<p>.<\/p>\n<p>MMR ( tous droits r\u00e9serv\u00e9s)<\/p>\n","protected":false},"excerpt":{"rendered":"<p>Caresse arachn\u00e9enne, si fine, si l\u00e9g\u00e8re de l&rsquo;haleine du Bassin sur mes traits engourdis par la nuit. Moment si particulier o\u00f9 l&rsquo;esquisse du jour est si riche de promesses. Il fait frais mais pas froid. J&rsquo;attends, immobile, le lever du roi Soleil. Les minutes s&rsquo;ajoutent aux minutes. L&rsquo;intensit\u00e9 lumineuse monte en puissance.\u00a0 Calme et s\u00e9r\u00e9nit\u00e9. [&hellip;]<\/p>\n","protected":false},"author":1,"featured_media":0,"comment_status":"open","ping_status":"open","sticky":false,"template":"","format":"standard","meta":{"footnotes":""},"categories":[70],"tags":[364,135,206,122],"class_list":["post-13988","post","type-post","status-publish","format-standard","hentry","category-ocean-et-bassin-darcachon","tag-aurore","tag-bassin-darcachon","tag-lever-de-soleil","tag-soleil"],"_links":{"self":[{"href":"https:\/\/martinemrichard.fr\/blog\/index.php?rest_route=\/wp\/v2\/posts\/13988","targetHints":{"allow":["GET"]}}],"collection":[{"href":"https:\/\/martinemrichard.fr\/blog\/index.php?rest_route=\/wp\/v2\/posts"}],"about":[{"href":"https:\/\/martinemrichard.fr\/blog\/index.php?rest_route=\/wp\/v2\/types\/post"}],"author":[{"embeddable":true,"href":"https:\/\/martinemrichard.fr\/blog\/index.php?rest_route=\/wp\/v2\/users\/1"}],"replies":[{"embeddable":true,"href":"https:\/\/martinemrichard.fr\/blog\/index.php?rest_route=%2Fwp%2Fv2%2Fcomments&post=13988"}],"version-history":[{"count":13,"href":"https:\/\/martinemrichard.fr\/blog\/index.php?rest_route=\/wp\/v2\/posts\/13988\/revisions"}],"predecessor-version":[{"id":14008,"href":"https:\/\/martinemrichard.fr\/blog\/index.php?rest_route=\/wp\/v2\/posts\/13988\/revisions\/14008"}],"wp:attachment":[{"href":"https:\/\/martinemrichard.fr\/blog\/index.php?rest_route=%2Fwp%2Fv2%2Fmedia&parent=13988"}],"wp:term":[{"taxonomy":"category","embeddable":true,"href":"https:\/\/martinemrichard.fr\/blog\/index.php?rest_route=%2Fwp%2Fv2%2Fcategories&post=13988"},{"taxonomy":"post_tag","embeddable":true,"href":"https:\/\/martinemrichard.fr\/blog\/index.php?rest_route=%2Fwp%2Fv2%2Ftags&post=13988"}],"curies":[{"name":"wp","href":"https:\/\/api.w.org\/{rel}","templated":true}]}}