{"id":14120,"date":"2020-05-24T03:04:43","date_gmt":"2020-05-24T02:04:43","guid":{"rendered":"http:\/\/martinemrichard.fr\/blog\/?p=14120"},"modified":"2020-05-24T03:04:43","modified_gmt":"2020-05-24T02:04:43","slug":"les-lavandes","status":"publish","type":"post","link":"https:\/\/martinemrichard.fr\/blog\/?p=14120","title":{"rendered":"Les lavandes"},"content":{"rendered":"<p><img loading=\"lazy\" decoding=\"async\" class=\"alignright size-large wp-image-14086\" src=\"https:\/\/martinemrichard.fr\/blog\/wp-content\/uploads\/2019\/10\/IMG_5882_v1-589x1024.jpg\" alt=\"\" width=\"589\" height=\"1024\" srcset=\"https:\/\/martinemrichard.fr\/blog\/wp-content\/uploads\/2019\/10\/IMG_5882_v1-589x1024.jpg 589w, https:\/\/martinemrichard.fr\/blog\/wp-content\/uploads\/2019\/10\/IMG_5882_v1-173x300.jpg 173w, https:\/\/martinemrichard.fr\/blog\/wp-content\/uploads\/2019\/10\/IMG_5882_v1-768x1334.jpg 768w, https:\/\/martinemrichard.fr\/blog\/wp-content\/uploads\/2019\/10\/IMG_5882_v1.jpg 1183w\" sizes=\"auto, (max-width: 589px) 100vw, 589px\" \/><\/p>\n<p>&nbsp;<\/p>\n<p>Regard perdu d&rsquo;ailleurs<\/p>\n<p>J&rsquo;abandonne\u00a0 \u00e0 l&rsquo;heure blonde<\/p>\n<p>Mon envie de paresse.<\/p>\n<p>Douceur du laisser vivre<\/p>\n<p>Caresse ensoleill\u00e9e<\/p>\n<p>Sur mon h\u00e2le affam\u00e9.<\/p>\n<p>Ensorcelantes<\/p>\n<p>Les lavandes<\/p>\n<p>Exag\u00e8rent leurs fragrances.<\/p>\n<p>Un fr\u00eale papillon*<\/p>\n<p>Succombant\u00a0 \u00e0 l&rsquo;ivresse<\/p>\n<p>Pompe l&rsquo;affolant nectar.<\/p>\n<p>Les yeux dans les yeux<\/p>\n<p>Nous communions, discrets<\/p>\n<p>Sur la saveur suave<\/p>\n<p>Du parme liquoreux.<\/p>\n<p>Ballet bourdonnant,<\/p>\n<p>Abeilles et insectes<\/p>\n<p>S&rsquo;invitent sans fa\u00e7on<\/p>\n<p>Aux agapes lilas.<\/p>\n<p>.<\/p>\n<p>.MMR ( tous droits r\u00e9serv\u00e9s)<\/p>\n<p>* ce papillon\u00a0 Vanessa Cardui: la vanesse des chardons , nomm\u00e9 \u00e9galement Belle-Dame<\/p>\n","protected":false},"excerpt":{"rendered":"<p>&nbsp; Regard perdu d&rsquo;ailleurs J&rsquo;abandonne\u00a0 \u00e0 l&rsquo;heure blonde Mon envie de paresse. Douceur du laisser vivre Caresse ensoleill\u00e9e Sur mon h\u00e2le affam\u00e9. Ensorcelantes Les lavandes Exag\u00e8rent leurs fragrances. Un fr\u00eale papillon* Succombant\u00a0 \u00e0 l&rsquo;ivresse Pompe l&rsquo;affolant nectar. Les yeux dans les yeux Nous communions, discrets Sur la saveur suave Du parme liquoreux. Ballet bourdonnant, Abeilles [&hellip;]<\/p>\n","protected":false},"author":1,"featured_media":0,"comment_status":"open","ping_status":"open","sticky":false,"template":"","format":"standard","meta":{"footnotes":""},"categories":[71],"tags":[484,665,75,952],"class_list":["post-14120","post","type-post","status-publish","format-standard","hentry","category-jardin-fleur","tag-belle-dame","tag-lavandes","tag-papillon","tag-vanessa-cardui"],"_links":{"self":[{"href":"https:\/\/martinemrichard.fr\/blog\/index.php?rest_route=\/wp\/v2\/posts\/14120","targetHints":{"allow":["GET"]}}],"collection":[{"href":"https:\/\/martinemrichard.fr\/blog\/index.php?rest_route=\/wp\/v2\/posts"}],"about":[{"href":"https:\/\/martinemrichard.fr\/blog\/index.php?rest_route=\/wp\/v2\/types\/post"}],"author":[{"embeddable":true,"href":"https:\/\/martinemrichard.fr\/blog\/index.php?rest_route=\/wp\/v2\/users\/1"}],"replies":[{"embeddable":true,"href":"https:\/\/martinemrichard.fr\/blog\/index.php?rest_route=%2Fwp%2Fv2%2Fcomments&post=14120"}],"version-history":[{"count":12,"href":"https:\/\/martinemrichard.fr\/blog\/index.php?rest_route=\/wp\/v2\/posts\/14120\/revisions"}],"predecessor-version":[{"id":14691,"href":"https:\/\/martinemrichard.fr\/blog\/index.php?rest_route=\/wp\/v2\/posts\/14120\/revisions\/14691"}],"wp:attachment":[{"href":"https:\/\/martinemrichard.fr\/blog\/index.php?rest_route=%2Fwp%2Fv2%2Fmedia&parent=14120"}],"wp:term":[{"taxonomy":"category","embeddable":true,"href":"https:\/\/martinemrichard.fr\/blog\/index.php?rest_route=%2Fwp%2Fv2%2Fcategories&post=14120"},{"taxonomy":"post_tag","embeddable":true,"href":"https:\/\/martinemrichard.fr\/blog\/index.php?rest_route=%2Fwp%2Fv2%2Ftags&post=14120"}],"curies":[{"name":"wp","href":"https:\/\/api.w.org\/{rel}","templated":true}]}}