{"id":1420,"date":"2011-04-20T08:01:51","date_gmt":"2011-04-20T06:01:51","guid":{"rendered":"http:\/\/martinemrichard.fr\/blog\/?p=1420"},"modified":"2012-02-12T06:30:03","modified_gmt":"2012-02-12T05:30:03","slug":"coleopteres","status":"publish","type":"post","link":"https:\/\/martinemrichard.fr\/blog\/?p=1420","title":{"rendered":"Coleopt\u00e8res"},"content":{"rendered":"<p style=\"text-align: justify;\">Hier, j&rsquo;ai commenc\u00e9 \u00e0 nettoyer le jardin. Abandonn\u00e9 le pauvre depuis trop longtemps, ce n&rsquo;est pas du luxe. Un petit tour pour compter les orchid\u00e9es nouvellement \u00e9panouies.Dix ophrys lutea. La premi\u00e8re avait fleuri en Mai 2006. Cette vari\u00e9t\u00e9 commence \u00e0 bien s&rsquo;installer. Quelle joie!<\/p>\n<p style=\"text-align: justify;\">Je me trouvais pr\u00e8s du composteur quand un mouvement sombre a attir\u00e9 mon regard.<a href=\"https:\/\/martinemrichard.fr\/blog\/wp-content\/uploads\/2011\/04\/cetoine-noire.jpg\"><img loading=\"lazy\" decoding=\"async\" class=\"alignleft size-medium wp-image-1421\" title=\"cetoine noire\" src=\"https:\/\/martinemrichard.fr\/blog\/wp-content\/uploads\/2011\/04\/cetoine-noire-300x225.jpg\" alt=\"\" width=\"300\" height=\"225\" srcset=\"https:\/\/martinemrichard.fr\/blog\/wp-content\/uploads\/2011\/04\/cetoine-noire-300x225.jpg 300w, https:\/\/martinemrichard.fr\/blog\/wp-content\/uploads\/2011\/04\/cetoine-noire-1024x768.jpg 1024w\" sizes=\"auto, (max-width: 300px) 100vw, 300px\" \/><\/a> Curieuse grosse bestiole, pataude, marchant \u00e0 pas compt\u00e9s sur l&rsquo;argile craquel\u00e9e. Il me sembla qu&rsquo;elle venait du composteur car j&rsquo;y ai vu de tr\u00e8s gros vers blancs un jour. Apr\u00e8s recherche , il me semble que c&rsquo;est une c\u00e9toine noire ( netocia morio). Si je me trompe, dites-le moi s&rsquo;il vous pla\u00eet.<\/p>\n<p style=\"text-align: justify;\">Une chiquenaude et hop! La voici sur le dos. Marrant! Elle a fait le mort! \ud83d\ude42<a href=\"https:\/\/martinemrichard.fr\/blog\/wp-content\/uploads\/2011\/04\/cetoine-noire-dessous-.jpg\"><img loading=\"lazy\" decoding=\"async\" class=\"alignright size-thumbnail wp-image-1422\" title=\"cetoine noire dessous\" src=\"https:\/\/martinemrichard.fr\/blog\/wp-content\/uploads\/2011\/04\/cetoine-noire-dessous--150x150.jpg\" alt=\"\" width=\"150\" height=\"150\" \/><\/a><\/p>\n<p style=\"text-align: justify;\">Je l&rsquo;ai remise sur le ventre. Puis, apr\u00e8s un long moment ( oh, sans doute une ou deux minutes. Le Temps semble s&rsquo;\u00e9tirer lorsque l&rsquo;on attend), elle repartit en h\u00e9sitant un peu.<\/p>\n<p style=\"text-align: justify;\">Du coup j&rsquo;ai un regard\u00e9 un peu partout si je voyais d&rsquo;autres raret\u00e9s.Sur le lilas neigeux, j&rsquo;aper\u00e7us un \u00e9clat vert bronze. <a href=\"https:\/\/martinemrichard.fr\/blog\/wp-content\/uploads\/2011\/04\/cetoine-dore.jpg\"><img loading=\"lazy\" decoding=\"async\" class=\"alignleft size-medium wp-image-1424\" title=\"cetoine dore\" src=\"https:\/\/martinemrichard.fr\/blog\/wp-content\/uploads\/2011\/04\/cetoine-dore-300x225.jpg\" alt=\"\" width=\"300\" height=\"225\" srcset=\"https:\/\/martinemrichard.fr\/blog\/wp-content\/uploads\/2011\/04\/cetoine-dore-300x225.jpg 300w, https:\/\/martinemrichard.fr\/blog\/wp-content\/uploads\/2011\/04\/cetoine-dore-1024x768.jpg 1024w\" sizes=\"auto, (max-width: 300px) 100vw, 300px\" \/><\/a> Un c\u00e9toine dor\u00e9. Il n&rsquo;a pas voulu montrer sa t\u00eate, trop occup\u00e9 \u00e0 brouter . Ou bien se prot\u00e9geant du vent violent. Plusieurs cicatrices ternissaient le bout de ses \u00e9lytres et de son cul. Il a eu des probl\u00e8mes on dirait. J&rsquo;en ai remarqu\u00e9\u00a0 un autre, qui m&rsquo;a sembl\u00e9 \u00e9norme, au sommet du second lilas blanc, mais hors d&rsquo;atteinte. Le vent marin soufflait comme un forcen\u00e9 et secouait l&rsquo;arbuste avec violence. Difficile de photographier dans de telles conditions.\u00a0 Sur un pannicule\u00a0 voisin, j&rsquo;ai pu admirer un nouvel arrivant sur \u00ab\u00a0mes terres\u00a0\u00bb: <a href=\"https:\/\/martinemrichard.fr\/blog\/wp-content\/uploads\/2011\/04\/drap-mortuaire1.jpg\"><img loading=\"lazy\" decoding=\"async\" class=\"alignleft size-medium wp-image-1426\" title=\"drap mortuaire\" src=\"https:\/\/martinemrichard.fr\/blog\/wp-content\/uploads\/2011\/04\/drap-mortuaire1-300x225.jpg\" alt=\"\" width=\"300\" height=\"225\" srcset=\"https:\/\/martinemrichard.fr\/blog\/wp-content\/uploads\/2011\/04\/drap-mortuaire1-300x225.jpg 300w, https:\/\/martinemrichard.fr\/blog\/wp-content\/uploads\/2011\/04\/drap-mortuaire1-1024x768.jpg 1024w\" sizes=\"auto, (max-width: 300px) 100vw, 300px\" \/><\/a><\/p>\n<p style=\"text-align: justify;\">Oxythyrea funesta &#8211; appel\u00e9 plus simplement drap mortuaire. Curieux nom.<a href=\"https:\/\/martinemrichard.fr\/blog\/wp-content\/uploads\/2011\/04\/drap-mortuaire-2-.jpg\"><img loading=\"lazy\" decoding=\"async\" class=\"alignright size-thumbnail wp-image-1427\" title=\"drap mortuaire 2\" src=\"https:\/\/martinemrichard.fr\/blog\/wp-content\/uploads\/2011\/04\/drap-mortuaire-2--150x150.jpg\" alt=\"\" width=\"150\" height=\"150\" \/><\/a><\/p>\n<p style=\"text-align: justify;\">Lui aussi m&rsquo;a tourn\u00e9 le dos et camoufla sa t\u00eate au c\u0153ur des fleurs. S&rsquo;en r\u00e9galait-il? Ou bien, tout comme moi, s&rsquo;enivrait-il de leur parfum? Allez, laissez-moi r\u00eaver et imaginer que cette petite b\u00e9b\u00eate est un peu po\u00e8te. \ud83d\ude42<\/p>\n<p style=\"text-align: justify;\">MMR ( tous droits r\u00e9serv\u00e9s)<\/p>\n","protected":false},"excerpt":{"rendered":"<p>Hier, j&rsquo;ai commenc\u00e9 \u00e0 nettoyer le jardin. Abandonn\u00e9 le pauvre depuis trop longtemps, ce n&rsquo;est pas du luxe. Un petit tour pour compter les orchid\u00e9es nouvellement \u00e9panouies.Dix ophrys lutea. La premi\u00e8re avait fleuri en Mai 2006. Cette vari\u00e9t\u00e9 commence \u00e0 bien s&rsquo;installer. Quelle joie! Je me trouvais pr\u00e8s du composteur quand un mouvement sombre a [&hellip;]<\/p>\n","protected":false},"author":1,"featured_media":0,"comment_status":"open","ping_status":"open","sticky":false,"template":"","format":"standard","meta":{"footnotes":""},"categories":[72,71],"tags":[],"class_list":["post-1420","post","type-post","status-publish","format-standard","hentry","category-animaux","category-jardin-fleur"],"_links":{"self":[{"href":"https:\/\/martinemrichard.fr\/blog\/index.php?rest_route=\/wp\/v2\/posts\/1420","targetHints":{"allow":["GET"]}}],"collection":[{"href":"https:\/\/martinemrichard.fr\/blog\/index.php?rest_route=\/wp\/v2\/posts"}],"about":[{"href":"https:\/\/martinemrichard.fr\/blog\/index.php?rest_route=\/wp\/v2\/types\/post"}],"author":[{"embeddable":true,"href":"https:\/\/martinemrichard.fr\/blog\/index.php?rest_route=\/wp\/v2\/users\/1"}],"replies":[{"embeddable":true,"href":"https:\/\/martinemrichard.fr\/blog\/index.php?rest_route=%2Fwp%2Fv2%2Fcomments&post=1420"}],"version-history":[{"count":3,"href":"https:\/\/martinemrichard.fr\/blog\/index.php?rest_route=\/wp\/v2\/posts\/1420\/revisions"}],"predecessor-version":[{"id":3876,"href":"https:\/\/martinemrichard.fr\/blog\/index.php?rest_route=\/wp\/v2\/posts\/1420\/revisions\/3876"}],"wp:attachment":[{"href":"https:\/\/martinemrichard.fr\/blog\/index.php?rest_route=%2Fwp%2Fv2%2Fmedia&parent=1420"}],"wp:term":[{"taxonomy":"category","embeddable":true,"href":"https:\/\/martinemrichard.fr\/blog\/index.php?rest_route=%2Fwp%2Fv2%2Fcategories&post=1420"},{"taxonomy":"post_tag","embeddable":true,"href":"https:\/\/martinemrichard.fr\/blog\/index.php?rest_route=%2Fwp%2Fv2%2Ftags&post=1420"}],"curies":[{"name":"wp","href":"https:\/\/api.w.org\/{rel}","templated":true}]}}