{"id":14224,"date":"2019-11-22T06:23:27","date_gmt":"2019-11-22T05:23:27","guid":{"rendered":"http:\/\/martinemrichard.fr\/blog\/?p=14224"},"modified":"2019-11-24T01:44:49","modified_gmt":"2019-11-24T00:44:49","slug":"la-tete-dans-les-etoiles","status":"publish","type":"post","link":"https:\/\/martinemrichard.fr\/blog\/?p=14224","title":{"rendered":"La t\u00eate dans les \u00e9toiles"},"content":{"rendered":"<p><em>Pour l&rsquo;Herbier de po\u00e9sies Adamante, <a href=\"https:\/\/imagesreves.blogspot.com\/2019\/11\/pour-la-p-154-la-tete-dans-les-etoiles.html?utm_source=feedburner&amp;utm_medium=email&amp;utm_campaign=Feed%3A+ImagesEtRves+%28Images+et+r%C3%AAves%29\"><span style=\"color: #0000ff;\"><strong>ICI<\/strong><\/span> ,<\/a> nous propose d&rsquo;\u00e9crire sur ce tableau de Vincent Van Gogh<\/em><\/p>\n<p><img loading=\"lazy\" decoding=\"async\" class=\"alignright size-full wp-image-14225\" src=\"https:\/\/martinemrichard.fr\/blog\/wp-content\/uploads\/2019\/11\/Vangogh_Lanuit_5_2x.jpg\" alt=\"\" width=\"499\" height=\"640\" srcset=\"https:\/\/martinemrichard.fr\/blog\/wp-content\/uploads\/2019\/11\/Vangogh_Lanuit_5_2x.jpg 499w, https:\/\/martinemrichard.fr\/blog\/wp-content\/uploads\/2019\/11\/Vangogh_Lanuit_5_2x-234x300.jpg 234w\" sizes=\"auto, (max-width: 499px) 100vw, 499px\" \/><\/p>\n<p>&nbsp;<\/p>\n<p>Sous le satin soyeux<\/p>\n<p>De la nuit\u00a0 proven\u00e7ale<\/p>\n<p>Un\u00a0 regard ricoche<\/p>\n<p>D&rsquo;un joyau \u00e0 l&rsquo;autre.<\/p>\n<p>La t\u00eate dans les \u00e9toiles<\/p>\n<p>Van Gogh se perd<\/p>\n<p>Imagine, r\u00e9-invente<\/p>\n<p>Ce noir sid\u00e9ral<\/p>\n<p>Constell\u00e9 de diamants.<\/p>\n<p>Son pinceau virevolte<\/p>\n<p>Traduisant l\u2019indicible<\/p>\n<p>Ce vertige spatial<\/p>\n<p>O\u00f9 sa raison s&rsquo;\u00e9gare.<\/p>\n<p>Les orbes lumineuses<\/p>\n<p>Aux touches v\u00e9h\u00e9mentes<\/p>\n<p>Nous emportent sur les notes<\/p>\n<p>De la musique des sph\u00e8res. &#8230;<\/p>\n<p>.<\/p>\n<p><em><span style=\"color: #0000ff;\"><strong>Seconde inspiration:<\/strong><\/span> <img loading=\"lazy\" decoding=\"async\" class=\"alignright size-large wp-image-14239\" src=\"https:\/\/martinemrichard.fr\/blog\/wp-content\/uploads\/2019\/11\/img_7965_v1-647x1024.jpg\" alt=\"\" width=\"647\" height=\"1024\" srcset=\"https:\/\/martinemrichard.fr\/blog\/wp-content\/uploads\/2019\/11\/img_7965_v1-647x1024.jpg 647w, https:\/\/martinemrichard.fr\/blog\/wp-content\/uploads\/2019\/11\/img_7965_v1-189x300.jpg 189w, https:\/\/martinemrichard.fr\/blog\/wp-content\/uploads\/2019\/11\/img_7965_v1-768x1216.jpg 768w, https:\/\/martinemrichard.fr\/blog\/wp-content\/uploads\/2019\/11\/img_7965_v1.jpg 840w\" sizes=\"auto, (max-width: 647px) 100vw, 647px\" \/><\/em><\/p>\n<p>&nbsp;<\/p>\n<p>&nbsp;<\/p>\n<p style=\"text-align: left;\">.<\/p>\n<p style=\"text-align: left;\">L&rsquo;argent du chemin creux<\/p>\n<p style=\"text-align: left;\">Coule, nonchalant<\/p>\n<p style=\"text-align: left;\">Caress\u00e9 par la lune .<\/p>\n<p>&nbsp;<\/p>\n<p style=\"text-align: left;\">\n<p style=\"text-align: left;\">Criquets et grillons<\/p>\n<p style=\"text-align: left;\">Rythment , complices<\/p>\n<p style=\"text-align: left;\">Nos pens\u00e9es nomades<\/p>\n<p style=\"text-align: left;\">\n<p>&nbsp;<\/p>\n<p style=\"text-align: left;\">Le manteau de la nuit<\/p>\n<p style=\"text-align: left;\">\u00a0Brille des mille feux<\/p>\n<p style=\"text-align: left;\">De romances enfuies.<\/p>\n<p style=\"text-align: left;\">\n<p>&nbsp;<\/p>\n<p style=\"text-align: left;\">\u00a0Cadence cosmique<\/p>\n<p style=\"text-align: left;\">Dont l&rsquo;\u00e9cho romantique<\/p>\n<p style=\"text-align: left;\">Fait danser les lucioles&#8230;<\/p>\n<p style=\"text-align: left;\">.<\/p>\n<p>MMR ( tous droits r\u00e9serv\u00e9s)<\/p>\n","protected":false},"excerpt":{"rendered":"<p>Pour l&rsquo;Herbier de po\u00e9sies Adamante, ICI , nous propose d&rsquo;\u00e9crire sur ce tableau de Vincent Van Gogh &nbsp; Sous le satin soyeux De la nuit\u00a0 proven\u00e7ale Un\u00a0 regard ricoche D&rsquo;un joyau \u00e0 l&rsquo;autre. La t\u00eate dans les \u00e9toiles Van Gogh se perd Imagine, r\u00e9-invente Ce noir sid\u00e9ral Constell\u00e9 de diamants. Son pinceau virevolte Traduisant l\u2019indicible [&hellip;]<\/p>\n","protected":false},"author":1,"featured_media":0,"comment_status":"open","ping_status":"open","sticky":false,"template":"","format":"standard","meta":{"footnotes":""},"categories":[900],"tags":[1219],"class_list":["post-14224","post","type-post","status-publish","format-standard","hentry","category-lherbier-de-poesie","tag-van-gogh"],"_links":{"self":[{"href":"https:\/\/martinemrichard.fr\/blog\/index.php?rest_route=\/wp\/v2\/posts\/14224","targetHints":{"allow":["GET"]}}],"collection":[{"href":"https:\/\/martinemrichard.fr\/blog\/index.php?rest_route=\/wp\/v2\/posts"}],"about":[{"href":"https:\/\/martinemrichard.fr\/blog\/index.php?rest_route=\/wp\/v2\/types\/post"}],"author":[{"embeddable":true,"href":"https:\/\/martinemrichard.fr\/blog\/index.php?rest_route=\/wp\/v2\/users\/1"}],"replies":[{"embeddable":true,"href":"https:\/\/martinemrichard.fr\/blog\/index.php?rest_route=%2Fwp%2Fv2%2Fcomments&post=14224"}],"version-history":[{"count":12,"href":"https:\/\/martinemrichard.fr\/blog\/index.php?rest_route=\/wp\/v2\/posts\/14224\/revisions"}],"predecessor-version":[{"id":14240,"href":"https:\/\/martinemrichard.fr\/blog\/index.php?rest_route=\/wp\/v2\/posts\/14224\/revisions\/14240"}],"wp:attachment":[{"href":"https:\/\/martinemrichard.fr\/blog\/index.php?rest_route=%2Fwp%2Fv2%2Fmedia&parent=14224"}],"wp:term":[{"taxonomy":"category","embeddable":true,"href":"https:\/\/martinemrichard.fr\/blog\/index.php?rest_route=%2Fwp%2Fv2%2Fcategories&post=14224"},{"taxonomy":"post_tag","embeddable":true,"href":"https:\/\/martinemrichard.fr\/blog\/index.php?rest_route=%2Fwp%2Fv2%2Ftags&post=14224"}],"curies":[{"name":"wp","href":"https:\/\/api.w.org\/{rel}","templated":true}]}}