{"id":1429,"date":"2011-04-21T20:52:45","date_gmt":"2011-04-21T18:52:45","guid":{"rendered":"http:\/\/martinemrichard.fr\/blog\/?p=1429"},"modified":"2011-05-17T07:24:08","modified_gmt":"2011-05-17T05:24:08","slug":"soleil-au-jardin","status":"publish","type":"post","link":"https:\/\/martinemrichard.fr\/blog\/?p=1429","title":{"rendered":"Soleil au jardin"},"content":{"rendered":"<p style=\"text-align: justify;\">Une journ\u00e9e ensoleill\u00e9e.Un vent \u00e0 d\u00e9corner les b\u0153ufs!<a href=\"https:\/\/martinemrichard.fr\/blog\/wp-content\/uploads\/2011\/04\/genets.jpg\"><img loading=\"lazy\" decoding=\"async\" class=\"alignright size-medium wp-image-1430\" title=\"genets\" src=\"https:\/\/martinemrichard.fr\/blog\/wp-content\/uploads\/2011\/04\/genets-225x300.jpg\" alt=\"\" width=\"225\" height=\"300\" srcset=\"https:\/\/martinemrichard.fr\/blog\/wp-content\/uploads\/2011\/04\/genets-225x300.jpg 225w, https:\/\/martinemrichard.fr\/blog\/wp-content\/uploads\/2011\/04\/genets-768x1024.jpg 768w, https:\/\/martinemrichard.fr\/blog\/wp-content\/uploads\/2011\/04\/genets.jpg 1586w\" sizes=\"auto, (max-width: 225px) 100vw, 225px\" \/><\/a> Les genets , secou\u00e9s, se balancent et vont se m\u00ealer au petit mimosa. Sans parfum\u00a0 miell\u00e9 ( mon regret) mais une belle exub\u00e9rance dor\u00e9e.<\/p>\n<p style=\"text-align: justify;\">Un peu au dessous, blottie entre lavande et sauge, une magnifique agapanthe n&rsquo;est pas avare d&rsquo;\u0153illades du plus beau bleu .<a href=\"https:\/\/martinemrichard.fr\/blog\/wp-content\/uploads\/2011\/04\/agapanthe1.jpg\"><img loading=\"lazy\" decoding=\"async\" class=\"alignleft size-thumbnail wp-image-1432\" title=\"agapanthe\" src=\"https:\/\/martinemrichard.fr\/blog\/wp-content\/uploads\/2011\/04\/agapanthe1-150x150.jpg\" alt=\"\" width=\"150\" height=\"150\" \/><\/a><\/p>\n<p style=\"text-align: justify;\">\n<p style=\"text-align: justify;\">\n<p style=\"text-align: justify;\">\n<p style=\"text-align: justify;\">\n<p style=\"text-align: justify;\">Je quitte ce petit talus o\u00f9 se pressent tant de fleurs et arbustes, contourne la maison et vais un peu admirer la plate-bande c\u00f4t\u00e9 fa\u00e7ade. Entre les cypr\u00e8s une foule de girofl\u00e9es et se s\u00e8ment et ress\u00e8ment \u00e0 profusion. Jeux de l&rsquo;ombre et de la lumi\u00e8re&#8230; Quoi de plus beau pour un peintre! \ud83d\ude42 <a href=\"https:\/\/martinemrichard.fr\/blog\/wp-content\/uploads\/2011\/04\/giroflees.jpg\"><img loading=\"lazy\" decoding=\"async\" class=\"alignright size-medium wp-image-1433\" title=\"giroflees\" src=\"https:\/\/martinemrichard.fr\/blog\/wp-content\/uploads\/2011\/04\/giroflees-225x300.jpg\" alt=\"\" width=\"225\" height=\"300\" srcset=\"https:\/\/martinemrichard.fr\/blog\/wp-content\/uploads\/2011\/04\/giroflees-225x300.jpg 225w, https:\/\/martinemrichard.fr\/blog\/wp-content\/uploads\/2011\/04\/giroflees-768x1024.jpg 768w, https:\/\/martinemrichard.fr\/blog\/wp-content\/uploads\/2011\/04\/giroflees.jpg 1785w\" sizes=\"auto, (max-width: 225px) 100vw, 225px\" \/><\/a><\/p>\n<p style=\"text-align: justify;\">Certaines ont vol\u00e9 sa couleur au citron le plus acide, d&rsquo;autre \u00e0 la chaleur du soleil. Le cuivre, le pourpre, le ros\u00e9 ou le cr\u00e8me se disputent la vedette&#8230; des senteurs \u00e9tourdissantes s&rsquo;envolent, s&rsquo;enroulent autour de moi. Les iris\u00a0 ne sont pas en reste. <a href=\"https:\/\/martinemrichard.fr\/blog\/wp-content\/uploads\/2011\/04\/iris-violet-nanus1.jpg\"><img loading=\"lazy\" decoding=\"async\" class=\"alignleft size-thumbnail wp-image-1435\" title=\"iris violet nanus\" src=\"https:\/\/martinemrichard.fr\/blog\/wp-content\/uploads\/2011\/04\/iris-violet-nanus1-150x150.jpg\" alt=\"\" width=\"150\" height=\"150\" \/><\/a><\/p>\n<p style=\"text-align: justify;\">.<\/p>\n<p style=\"text-align: justify;\">.<\/p>\n<p style=\"text-align: justify;\">\n<p style=\"text-align: justify;\">.<\/p>\n<p style=\"text-align: justify;\">.<\/p>\n<p style=\"text-align: justify;\">\n<p style=\"text-align: justify;\">\n<p style=\"text-align: justify;\">\n<p style=\"text-align: justify;\">\n<p style=\"text-align: justify;\">Une tulipe a la belle robe myst\u00e9rieuse tient t\u00eate au vent. Mais ne va pas tarder \u00e0 s&rsquo;incliner&#8230;<\/p>\n<p style=\"text-align: justify;\"><a href=\"https:\/\/martinemrichard.fr\/blog\/wp-content\/uploads\/2011\/04\/tulipe-violette.jpg\"><img loading=\"lazy\" decoding=\"async\" class=\"alignleft size-medium wp-image-1436\" title=\"tulipe violette\" src=\"https:\/\/martinemrichard.fr\/blog\/wp-content\/uploads\/2011\/04\/tulipe-violette-300x225.jpg\" alt=\"\" width=\"300\" height=\"225\" srcset=\"https:\/\/martinemrichard.fr\/blog\/wp-content\/uploads\/2011\/04\/tulipe-violette-300x225.jpg 300w, https:\/\/martinemrichard.fr\/blog\/wp-content\/uploads\/2011\/04\/tulipe-violette-1024x768.jpg 1024w\" sizes=\"auto, (max-width: 300px) 100vw, 300px\" \/><\/a><\/p>\n<p style=\"text-align: justify;\">\n<p style=\"text-align: justify;\">\n<p style=\"text-align: justify;\">\n<p style=\"text-align: justify;\">\n<p style=\"text-align: justify;\">\n<p style=\"text-align: justify;\">\n<p style=\"text-align: justify;\">\n<p style=\"text-align: justify;\">\n<p style=\"text-align: justify;\">MMR ( tous droits r\u00e9serv\u00e9s)<\/p>\n<p style=\"text-align: justify;\">.<\/p>\n<p style=\"text-align: justify;\">.<\/p>\n<p style=\"text-align: justify;\">.<\/p>\n<p style=\"text-align: justify;\">.<\/p>\n<p style=\"text-align: justify;\">.<\/p>\n<p style=\"text-align: justify;\">.<\/p>\n<p style=\"text-align: justify;\">\n<p style=\"text-align: justify;\">\n<p style=\"text-align: justify;\">\n<p style=\"text-align: justify;\">\n<p style=\"text-align: justify;\">\n<p style=\"text-align: justify;\">\n<p style=\"text-align: justify;\">Correction: ma jolie fleur bleue <a href=\"https:\/\/martinemrichard.fr\/blog\/wp-content\/uploads\/2011\/04\/scille-du-perou1.jpg\"><img loading=\"lazy\" decoding=\"async\" class=\"alignright size-medium wp-image-1479\" title=\"scille du perou\" src=\"https:\/\/martinemrichard.fr\/blog\/wp-content\/uploads\/2011\/04\/scille-du-perou1-300x225.jpg\" alt=\"\" width=\"300\" height=\"225\" srcset=\"https:\/\/martinemrichard.fr\/blog\/wp-content\/uploads\/2011\/04\/scille-du-perou1-300x225.jpg 300w, https:\/\/martinemrichard.fr\/blog\/wp-content\/uploads\/2011\/04\/scille-du-perou1-1024x768.jpg 1024w\" sizes=\"auto, (max-width: 300px) 100vw, 300px\" \/><\/a>n&rsquo;est pas un agapanthe mais un scille du P\u00e9rou.<\/p>\n<p style=\"text-align: justify;\">Merci Cathline d&rsquo;avoir corrig\u00e9 mon erreur<\/p>\n<p style=\"text-align: justify;\">\n<p style=\"text-align: justify;\">\n<p style=\"text-align: justify;\">\n<p style=\"text-align: justify;\">\n<p style=\"text-align: justify;\">\n","protected":false},"excerpt":{"rendered":"<p>Une journ\u00e9e ensoleill\u00e9e.Un vent \u00e0 d\u00e9corner les b\u0153ufs! Les genets , secou\u00e9s, se balancent et vont se m\u00ealer au petit mimosa. Sans parfum\u00a0 miell\u00e9 ( mon regret) mais une belle exub\u00e9rance dor\u00e9e. Un peu au dessous, blottie entre lavande et sauge, une magnifique agapanthe n&rsquo;est pas avare d&rsquo;\u0153illades du plus beau bleu . Je quitte [&hellip;]<\/p>\n","protected":false},"author":1,"featured_media":0,"comment_status":"open","ping_status":"open","sticky":false,"template":"","format":"standard","meta":{"footnotes":""},"categories":[71],"tags":[],"class_list":["post-1429","post","type-post","status-publish","format-standard","hentry","category-jardin-fleur"],"_links":{"self":[{"href":"https:\/\/martinemrichard.fr\/blog\/index.php?rest_route=\/wp\/v2\/posts\/1429","targetHints":{"allow":["GET"]}}],"collection":[{"href":"https:\/\/martinemrichard.fr\/blog\/index.php?rest_route=\/wp\/v2\/posts"}],"about":[{"href":"https:\/\/martinemrichard.fr\/blog\/index.php?rest_route=\/wp\/v2\/types\/post"}],"author":[{"embeddable":true,"href":"https:\/\/martinemrichard.fr\/blog\/index.php?rest_route=\/wp\/v2\/users\/1"}],"replies":[{"embeddable":true,"href":"https:\/\/martinemrichard.fr\/blog\/index.php?rest_route=%2Fwp%2Fv2%2Fcomments&post=1429"}],"version-history":[{"count":7,"href":"https:\/\/martinemrichard.fr\/blog\/index.php?rest_route=\/wp\/v2\/posts\/1429\/revisions"}],"predecessor-version":[{"id":1575,"href":"https:\/\/martinemrichard.fr\/blog\/index.php?rest_route=\/wp\/v2\/posts\/1429\/revisions\/1575"}],"wp:attachment":[{"href":"https:\/\/martinemrichard.fr\/blog\/index.php?rest_route=%2Fwp%2Fv2%2Fmedia&parent=1429"}],"wp:term":[{"taxonomy":"category","embeddable":true,"href":"https:\/\/martinemrichard.fr\/blog\/index.php?rest_route=%2Fwp%2Fv2%2Fcategories&post=1429"},{"taxonomy":"post_tag","embeddable":true,"href":"https:\/\/martinemrichard.fr\/blog\/index.php?rest_route=%2Fwp%2Fv2%2Ftags&post=1429"}],"curies":[{"name":"wp","href":"https:\/\/api.w.org\/{rel}","templated":true}]}}