{"id":14398,"date":"2020-01-12T02:17:48","date_gmt":"2020-01-12T01:17:48","guid":{"rendered":"http:\/\/martinemrichard.fr\/blog\/?p=14398"},"modified":"2020-01-12T02:17:48","modified_gmt":"2020-01-12T01:17:48","slug":"feerie-marine","status":"publish","type":"post","link":"https:\/\/martinemrichard.fr\/blog\/?p=14398","title":{"rendered":"F\u00e9\u00e9rie marine"},"content":{"rendered":"<p style=\"text-align: left;\">Outremer<img loading=\"lazy\" decoding=\"async\" class=\"alignright size-large wp-image-14401\" src=\"https:\/\/martinemrichard.fr\/blog\/wp-content\/uploads\/2020\/01\/IMG_7579_v1-651x1024.jpg\" alt=\"\" width=\"651\" height=\"1024\" srcset=\"https:\/\/martinemrichard.fr\/blog\/wp-content\/uploads\/2020\/01\/IMG_7579_v1-651x1024.jpg 651w, https:\/\/martinemrichard.fr\/blog\/wp-content\/uploads\/2020\/01\/IMG_7579_v1-191x300.jpg 191w, https:\/\/martinemrichard.fr\/blog\/wp-content\/uploads\/2020\/01\/IMG_7579_v1-768x1207.jpg 768w, https:\/\/martinemrichard.fr\/blog\/wp-content\/uploads\/2020\/01\/IMG_7579_v1-977x1536.jpg 977w, https:\/\/martinemrichard.fr\/blog\/wp-content\/uploads\/2020\/01\/IMG_7579_v1.jpg 1045w\" sizes=\"auto, (max-width: 651px) 100vw, 651px\" \/><\/p>\n<p style=\"text-align: left;\">Rose pourpre<\/p>\n<p style=\"text-align: left;\">Matin vaporeux<\/p>\n<p>Paresseux<\/p>\n<p>Les nuages , mousseline effiloch\u00e9e<\/p>\n<p>Glissent comme \u00e0 regret sur la trame du temps.<\/p>\n<p>Un temps oubli\u00e9 des hommes<\/p>\n<p>Un temps o\u00f9 l&rsquo;eau se marie au ciel<\/p>\n<p>F\u00e9\u00e9rie marine<\/p>\n<p>Th\u00e9\u00e2tre sublime<\/p>\n<p>O\u00f9 dansent les couleurs.<\/p>\n<p>Amours coquillages<\/p>\n<p>Idylles clandestines<\/p>\n<p>Affleurant au r\u00e9el<\/p>\n<p>L\u00e0<\/p>\n<p>Au miroir de l&rsquo;eau<\/p>\n<p>Est-ce une sir\u00e8ne?<\/p>\n<p>Un r\u00eave \u00e9vad\u00e9 d&rsquo;un conte?<\/p>\n<p>La chim\u00e8re prend corps<\/p>\n<p>Se nourrit d&rsquo;illusions<\/p>\n<p>De la chanson des vagues<\/p>\n<p>Des bulles des poissons.<\/p>\n<p>Marmelade d&rsquo;orange<\/p>\n<p>Gel\u00e9e de cassis<\/p>\n<p>Sucr\u00e9 sal\u00e9 de mots secrets<\/p>\n<p>S&rsquo;\u00e9vadant,<\/p>\n<p>Myst\u00e9rieux<\/p>\n<p>De l&rsquo;haleine du Bassin&#8230;<\/p>\n<p>.<\/p>\n<p>MMR ( tous droits r\u00e9serv\u00e9s)<\/p>\n","protected":false},"excerpt":{"rendered":"<p>Outremer Rose pourpre Matin vaporeux Paresseux Les nuages , mousseline effiloch\u00e9e Glissent comme \u00e0 regret sur la trame du temps. Un temps oubli\u00e9 des hommes Un temps o\u00f9 l&rsquo;eau se marie au ciel F\u00e9\u00e9rie marine Th\u00e9\u00e2tre sublime O\u00f9 dansent les couleurs. Amours coquillages Idylles clandestines Affleurant au r\u00e9el L\u00e0 Au miroir de l&rsquo;eau Est-ce une [&hellip;]<\/p>\n","protected":false},"author":1,"featured_media":0,"comment_status":"open","ping_status":"open","sticky":false,"template":"","format":"standard","meta":{"footnotes":""},"categories":[70],"tags":[364,135,1242,1241,200,134,62,65],"class_list":["post-14398","post","type-post","status-publish","format-standard","hentry","category-ocean-et-bassin-darcachon","tag-aurore","tag-bassin-darcachon","tag-gelee-de-cassis","tag-marmelade-dorange","tag-outremer","tag-poeme","tag-temps","tag-vagues"],"_links":{"self":[{"href":"https:\/\/martinemrichard.fr\/blog\/index.php?rest_route=\/wp\/v2\/posts\/14398","targetHints":{"allow":["GET"]}}],"collection":[{"href":"https:\/\/martinemrichard.fr\/blog\/index.php?rest_route=\/wp\/v2\/posts"}],"about":[{"href":"https:\/\/martinemrichard.fr\/blog\/index.php?rest_route=\/wp\/v2\/types\/post"}],"author":[{"embeddable":true,"href":"https:\/\/martinemrichard.fr\/blog\/index.php?rest_route=\/wp\/v2\/users\/1"}],"replies":[{"embeddable":true,"href":"https:\/\/martinemrichard.fr\/blog\/index.php?rest_route=%2Fwp%2Fv2%2Fcomments&post=14398"}],"version-history":[{"count":11,"href":"https:\/\/martinemrichard.fr\/blog\/index.php?rest_route=\/wp\/v2\/posts\/14398\/revisions"}],"predecessor-version":[{"id":14411,"href":"https:\/\/martinemrichard.fr\/blog\/index.php?rest_route=\/wp\/v2\/posts\/14398\/revisions\/14411"}],"wp:attachment":[{"href":"https:\/\/martinemrichard.fr\/blog\/index.php?rest_route=%2Fwp%2Fv2%2Fmedia&parent=14398"}],"wp:term":[{"taxonomy":"category","embeddable":true,"href":"https:\/\/martinemrichard.fr\/blog\/index.php?rest_route=%2Fwp%2Fv2%2Fcategories&post=14398"},{"taxonomy":"post_tag","embeddable":true,"href":"https:\/\/martinemrichard.fr\/blog\/index.php?rest_route=%2Fwp%2Fv2%2Ftags&post=14398"}],"curies":[{"name":"wp","href":"https:\/\/api.w.org\/{rel}","templated":true}]}}