{"id":1442,"date":"2011-04-29T06:26:02","date_gmt":"2011-04-29T04:26:02","guid":{"rendered":"http:\/\/martinemrichard.fr\/blog\/?p=1442"},"modified":"2011-05-17T07:23:29","modified_gmt":"2011-05-17T05:23:29","slug":"muguet-du-1er-mai","status":"publish","type":"post","link":"https:\/\/martinemrichard.fr\/blog\/?p=1442","title":{"rendered":"Muguet du 1er mai"},"content":{"rendered":"<p>Pour le rendez-vous du \u00ab\u00a0Coucou du ha\u00efku\u00a0\u00bb ,<strong> <a href=\"http:\/\/www.over-blog.com\/com-1172092675\/Le_coucou_du_haiku.html\">ici<\/a> <\/strong>, et son petit d\u00e9fi du vendredi sur une aquarelle de Alice:<\/p>\n<p><a href=\"https:\/\/martinemrichard.fr\/blog\/wp-content\/uploads\/2011\/04\/Muguet.jpg\"><img loading=\"lazy\" decoding=\"async\" class=\"alignright size-medium wp-image-1443\" title=\"Muguet\" src=\"https:\/\/martinemrichard.fr\/blog\/wp-content\/uploads\/2011\/04\/Muguet-239x300.jpg\" alt=\"\" width=\"239\" height=\"300\" srcset=\"https:\/\/martinemrichard.fr\/blog\/wp-content\/uploads\/2011\/04\/Muguet-239x300.jpg 239w, https:\/\/martinemrichard.fr\/blog\/wp-content\/uploads\/2011\/04\/Muguet.jpg 479w\" sizes=\"auto, (max-width: 239px) 100vw, 239px\" \/><\/a>.<\/p>\n<p>F\u00eate du travail-<\/p>\n<p>Muguet \u00e0 la boutonni\u00e8re<\/p>\n<p>Symbole parfum\u00e9<\/p>\n<p>&#8230;&#8230;&#8230;.<\/p>\n<p>Cueillette du muguet-<\/p>\n<p>Sous-bois troubl\u00e9 par les rires<\/p>\n<p>Bouquets pour Maman<\/p>\n<p>&#8230;&#8230;&#8230;.<\/p>\n<p>.<\/p>\n<p><a href=\"https:\/\/martinemrichard.fr\/blog\/wp-content\/uploads\/2011\/04\/muguet-1-.jpg\"><img loading=\"lazy\" decoding=\"async\" class=\"alignright size-medium wp-image-1458\" title=\"muguet 1\" src=\"https:\/\/martinemrichard.fr\/blog\/wp-content\/uploads\/2011\/04\/muguet-1--300x225.jpg\" alt=\"\" width=\"300\" height=\"225\" srcset=\"https:\/\/martinemrichard.fr\/blog\/wp-content\/uploads\/2011\/04\/muguet-1--300x225.jpg 300w, https:\/\/martinemrichard.fr\/blog\/wp-content\/uploads\/2011\/04\/muguet-1--1024x768.jpg 1024w\" sizes=\"auto, (max-width: 300px) 100vw, 300px\" \/><\/a>Comme au bois d&rsquo; Chaville-<\/p>\n<p>Sur les verres, nappes et assiettes<\/p>\n<p>Muguet en folie<\/p>\n<p>&#8230;&#8230;&#8230;&#8230;.<\/p>\n<p>Question annuelle-<\/p>\n<p>Il tiendra ou tiendra pas?<\/p>\n<p>Muguet trop press\u00e9<\/p>\n<p>&#8230;&#8230;&#8230;..<\/p>\n<p>.\u00a0<a href=\"https:\/\/martinemrichard.fr\/blog\/wp-content\/uploads\/2011\/04\/muguet-2.jpg\"><img loading=\"lazy\" decoding=\"async\" class=\"alignright size-medium wp-image-1459\" title=\"muguet 2\" src=\"https:\/\/martinemrichard.fr\/blog\/wp-content\/uploads\/2011\/04\/muguet-2-300x225.jpg\" alt=\"\" width=\"300\" height=\"225\" srcset=\"https:\/\/martinemrichard.fr\/blog\/wp-content\/uploads\/2011\/04\/muguet-2-300x225.jpg 300w, https:\/\/martinemrichard.fr\/blog\/wp-content\/uploads\/2011\/04\/muguet-2-1024x768.jpg 1024w\" sizes=\"auto, (max-width: 300px) 100vw, 300px\" \/><\/a><\/p>\n<p>Pour un peu de chance-<\/p>\n<p>De jolis brins de muguets<\/p>\n<p>A prix d\u00e9lirants<\/p>\n<p>.<\/p>\n<p>Au jardin ou dans les pots,<\/p>\n<p>C&rsquo;est gratuit pour les insectes<\/p>\n<p>.<\/p>\n<p>MMR ( tous droits r\u00e9serv\u00e9s)<\/p>\n","protected":false},"excerpt":{"rendered":"<p>Pour le rendez-vous du \u00ab\u00a0Coucou du ha\u00efku\u00a0\u00bb , ici , et son petit d\u00e9fi du vendredi sur une aquarelle de Alice: . F\u00eate du travail- Muguet \u00e0 la boutonni\u00e8re Symbole parfum\u00e9 &#8230;&#8230;&#8230;. Cueillette du muguet- Sous-bois troubl\u00e9 par les rires Bouquets pour Maman &#8230;&#8230;&#8230;. . Comme au bois d&rsquo; Chaville- Sur les verres, nappes et [&hellip;]<\/p>\n","protected":false},"author":1,"featured_media":0,"comment_status":"open","ping_status":"open","sticky":false,"template":"","format":"standard","meta":{"footnotes":""},"categories":[71,35],"tags":[37,38],"class_list":["post-1442","post","type-post","status-publish","format-standard","hentry","category-jardin-fleur","category-haikus-haibuns","tag-haikus","tag-muguet"],"_links":{"self":[{"href":"https:\/\/martinemrichard.fr\/blog\/index.php?rest_route=\/wp\/v2\/posts\/1442","targetHints":{"allow":["GET"]}}],"collection":[{"href":"https:\/\/martinemrichard.fr\/blog\/index.php?rest_route=\/wp\/v2\/posts"}],"about":[{"href":"https:\/\/martinemrichard.fr\/blog\/index.php?rest_route=\/wp\/v2\/types\/post"}],"author":[{"embeddable":true,"href":"https:\/\/martinemrichard.fr\/blog\/index.php?rest_route=\/wp\/v2\/users\/1"}],"replies":[{"embeddable":true,"href":"https:\/\/martinemrichard.fr\/blog\/index.php?rest_route=%2Fwp%2Fv2%2Fcomments&post=1442"}],"version-history":[{"count":8,"href":"https:\/\/martinemrichard.fr\/blog\/index.php?rest_route=\/wp\/v2\/posts\/1442\/revisions"}],"predecessor-version":[{"id":1573,"href":"https:\/\/martinemrichard.fr\/blog\/index.php?rest_route=\/wp\/v2\/posts\/1442\/revisions\/1573"}],"wp:attachment":[{"href":"https:\/\/martinemrichard.fr\/blog\/index.php?rest_route=%2Fwp%2Fv2%2Fmedia&parent=1442"}],"wp:term":[{"taxonomy":"category","embeddable":true,"href":"https:\/\/martinemrichard.fr\/blog\/index.php?rest_route=%2Fwp%2Fv2%2Fcategories&post=1442"},{"taxonomy":"post_tag","embeddable":true,"href":"https:\/\/martinemrichard.fr\/blog\/index.php?rest_route=%2Fwp%2Fv2%2Ftags&post=1442"}],"curies":[{"name":"wp","href":"https:\/\/api.w.org\/{rel}","templated":true}]}}