{"id":1446,"date":"2011-04-25T06:00:54","date_gmt":"2011-04-25T04:00:54","guid":{"rendered":"http:\/\/martinemrichard.fr\/blog\/?p=1446"},"modified":"2011-05-17T07:23:51","modified_gmt":"2011-05-17T05:23:51","slug":"autour-dune-touffe-de-sarriette","status":"publish","type":"post","link":"https:\/\/martinemrichard.fr\/blog\/?p=1446","title":{"rendered":"Autour d\u2019une touffe de sarriette"},"content":{"rendered":"<p style=\"text-align: justify;\">Ce printemps, la sarriette est un \u00e9norme coussin rose. <a href=\"https:\/\/martinemrichard.fr\/blog\/wp-content\/uploads\/2011\/04\/sarriette.jpg\"><img loading=\"lazy\" decoding=\"async\" class=\"alignleft size-medium wp-image-1447\" title=\"sarriette\" src=\"https:\/\/martinemrichard.fr\/blog\/wp-content\/uploads\/2011\/04\/sarriette-300x225.jpg\" alt=\"\" width=\"300\" height=\"225\" srcset=\"https:\/\/martinemrichard.fr\/blog\/wp-content\/uploads\/2011\/04\/sarriette-300x225.jpg 300w, https:\/\/martinemrichard.fr\/blog\/wp-content\/uploads\/2011\/04\/sarriette-1024x768.jpg 1024w\" sizes=\"auto, (max-width: 300px) 100vw, 300px\" \/><\/a>Que de vie sur et autour d&rsquo;elle. Le vent , l&rsquo;effleurant, diffuse son parfum, plus fin que celui du thym. Les abeilles font une belle vendange de pollen et nectar. Quel bonheur de les contempler si actives. Il me semble qu&rsquo;elles sont plus nombreuses que deux ann\u00e9es en arri\u00e8re. Rassurant vu tous les dangers qui les menacent.<\/p>\n<p style=\"text-align: justify;\"><a href=\"https:\/\/martinemrichard.fr\/blog\/wp-content\/uploads\/2011\/04\/abeille.jpg\"><img loading=\"lazy\" decoding=\"async\" class=\"alignright size-thumbnail wp-image-1448\" title=\"abeille\" src=\"https:\/\/martinemrichard.fr\/blog\/wp-content\/uploads\/2011\/04\/abeille-150x150.jpg\" alt=\"\" width=\"150\" height=\"150\" \/><\/a>.<\/p>\n<p>.<\/p>\n<p style=\"text-align: justify;\">\n<p style=\"text-align: justify;\">Une gigantesque euphorbe pousse gaillardement \u00e0 soixante centim\u00e8tres. Son inflorescence attire beaucoup de monde. L\u00e0 aussi les\u00a0 butineuses sont \u00e0 leur affaire. Le supermarch\u00e9 du coin est \u00e0 leur go\u00fbt! :). D&rsquo;autres h\u00f4tes,\u00a0 redoutables et discrets, guettent la bonne fortune.<\/p>\n<p style=\"text-align: justify;\"><a href=\"https:\/\/martinemrichard.fr\/blog\/wp-content\/uploads\/2011\/04\/araignee-crabe1.jpg\"><img loading=\"lazy\" decoding=\"async\" class=\"alignleft size-medium wp-image-1450\" title=\"araignee crabe\" src=\"https:\/\/martinemrichard.fr\/blog\/wp-content\/uploads\/2011\/04\/araignee-crabe1-300x225.jpg\" alt=\"\" width=\"300\" height=\"225\" srcset=\"https:\/\/martinemrichard.fr\/blog\/wp-content\/uploads\/2011\/04\/araignee-crabe1-300x225.jpg 300w, https:\/\/martinemrichard.fr\/blog\/wp-content\/uploads\/2011\/04\/araignee-crabe1-1024x768.jpg 1024w\" sizes=\"auto, (max-width: 300px) 100vw, 300px\" \/><\/a><a href=\"https:\/\/martinemrichard.fr\/blog\/wp-content\/uploads\/2011\/04\/piegee.jpg\"><img loading=\"lazy\" decoding=\"async\" class=\"alignright size-thumbnail wp-image-1451\" title=\"piegee\" src=\"https:\/\/martinemrichard.fr\/blog\/wp-content\/uploads\/2011\/04\/piegee-150x150.jpg\" alt=\"\" width=\"150\" height=\"150\" \/><\/a>.<\/p>\n<p style=\"text-align: justify;\">.<\/p>\n<p style=\"text-align: justify;\">.<\/p>\n<p style=\"text-align: justify;\">.<\/p>\n<p style=\"text-align: justify;\">.<\/p>\n<p style=\"text-align: justify;\">\n<p style=\"text-align: justify;\">\n<p style=\"text-align: justify;\">\n<p style=\"text-align: justify;\">\n<p style=\"text-align: justify;\">\n<p>Cette mouche\u00a0 s&rsquo;est faite prendre. Dure loi de la jungle de mon joli talus fleuri. Certaines ont plus de chance; ou bien\u00a0 sont sauv\u00e9es de part leur tour de taille . imposant. <a href=\"https:\/\/martinemrichard.fr\/blog\/wp-content\/uploads\/2011\/04\/tachina.jpg\"><img loading=\"lazy\" decoding=\"async\" class=\"alignright size-medium wp-image-1453\" title=\"tachina\" src=\"https:\/\/martinemrichard.fr\/blog\/wp-content\/uploads\/2011\/04\/tachina-300x225.jpg\" alt=\"\" width=\"300\" height=\"225\" srcset=\"https:\/\/martinemrichard.fr\/blog\/wp-content\/uploads\/2011\/04\/tachina-300x225.jpg 300w, https:\/\/martinemrichard.fr\/blog\/wp-content\/uploads\/2011\/04\/tachina-1024x768.jpg 1024w\" sizes=\"auto, (max-width: 300px) 100vw, 300px\" \/><\/a><\/p>\n<p style=\"text-align: justify;\">Celle ci-contre, une tachina ( fera ou bien magnicornis) butine tranquillement le doux miell\u00e9 . C&rsquo;est la premi\u00e8re fois que je l&rsquo;observe dans mon petit univers.<\/p>\n<p style=\"text-align: justify;\">A l&rsquo;automne, souvenez-vous, un gros pied de fenouil, m\u00eal\u00e9 \u00e0 cette remarquable labi\u00e9e, \u00e9tait habit\u00e9 par une chenille de machaon ( <a href=\"https:\/\/martinemrichard.fr\/blog\/?p=748\"><strong>ici <\/strong><\/a>) . Un splendide papillon est venu pondre ( peut-\u00eatre cette chenille l\u00e0) sur les plumes anis\u00e9es <a href=\"https:\/\/martinemrichard.fr\/blog\/wp-content\/uploads\/2011\/04\/machaon.jpg\"><img loading=\"lazy\" decoding=\"async\" class=\"alignright size-medium wp-image-1454\" title=\"machaon\" src=\"https:\/\/martinemrichard.fr\/blog\/wp-content\/uploads\/2011\/04\/machaon-253x300.jpg\" alt=\"\" width=\"253\" height=\"300\" srcset=\"https:\/\/martinemrichard.fr\/blog\/wp-content\/uploads\/2011\/04\/machaon-253x300.jpg 253w, https:\/\/martinemrichard.fr\/blog\/wp-content\/uploads\/2011\/04\/machaon.jpg 754w\" sizes=\"auto, (max-width: 253px) 100vw, 253px\" \/><\/a>.\u00a0 Que de choses passionnantes \u00e0 observer. Que d&rsquo;histoires \u00e0 imaginer!<\/p>\n<p style=\"text-align: justify;\"><a href=\"https:\/\/martinemrichard.fr\/blog\/wp-content\/uploads\/2011\/04\/iris-hollandais-jaune1.jpg\"><img loading=\"lazy\" decoding=\"async\" class=\"alignright size-thumbnail wp-image-1456\" title=\"iris hollandais jaune\" src=\"https:\/\/martinemrichard.fr\/blog\/wp-content\/uploads\/2011\/04\/iris-hollandais-jaune1-150x150.jpg\" alt=\"\" width=\"150\" height=\"150\" \/><\/a>Le jaune soufre de l&rsquo;iris hollandais secoue l&rsquo;harmonie rose et verte . Il n&rsquo;a pas de parfum mais qu&rsquo;importe. Lui aussi attire par ses propres codes de s\u00e9duction.<\/p>\n<p style=\"text-align: justify;\">MMR ( tous droits r\u00e9serv\u00e9s)<\/p>\n","protected":false},"excerpt":{"rendered":"<p>Ce printemps, la sarriette est un \u00e9norme coussin rose. Que de vie sur et autour d&rsquo;elle. Le vent , l&rsquo;effleurant, diffuse son parfum, plus fin que celui du thym. Les abeilles font une belle vendange de pollen et nectar. Quel bonheur de les contempler si actives. Il me semble qu&rsquo;elles sont plus nombreuses que deux [&hellip;]<\/p>\n","protected":false},"author":1,"featured_media":0,"comment_status":"open","ping_status":"open","sticky":false,"template":"","format":"standard","meta":{"footnotes":""},"categories":[71],"tags":[],"class_list":["post-1446","post","type-post","status-publish","format-standard","hentry","category-jardin-fleur"],"_links":{"self":[{"href":"https:\/\/martinemrichard.fr\/blog\/index.php?rest_route=\/wp\/v2\/posts\/1446","targetHints":{"allow":["GET"]}}],"collection":[{"href":"https:\/\/martinemrichard.fr\/blog\/index.php?rest_route=\/wp\/v2\/posts"}],"about":[{"href":"https:\/\/martinemrichard.fr\/blog\/index.php?rest_route=\/wp\/v2\/types\/post"}],"author":[{"embeddable":true,"href":"https:\/\/martinemrichard.fr\/blog\/index.php?rest_route=\/wp\/v2\/users\/1"}],"replies":[{"embeddable":true,"href":"https:\/\/martinemrichard.fr\/blog\/index.php?rest_route=%2Fwp%2Fv2%2Fcomments&post=1446"}],"version-history":[{"count":3,"href":"https:\/\/martinemrichard.fr\/blog\/index.php?rest_route=\/wp\/v2\/posts\/1446\/revisions"}],"predecessor-version":[{"id":1574,"href":"https:\/\/martinemrichard.fr\/blog\/index.php?rest_route=\/wp\/v2\/posts\/1446\/revisions\/1574"}],"wp:attachment":[{"href":"https:\/\/martinemrichard.fr\/blog\/index.php?rest_route=%2Fwp%2Fv2%2Fmedia&parent=1446"}],"wp:term":[{"taxonomy":"category","embeddable":true,"href":"https:\/\/martinemrichard.fr\/blog\/index.php?rest_route=%2Fwp%2Fv2%2Fcategories&post=1446"},{"taxonomy":"post_tag","embeddable":true,"href":"https:\/\/martinemrichard.fr\/blog\/index.php?rest_route=%2Fwp%2Fv2%2Ftags&post=1446"}],"curies":[{"name":"wp","href":"https:\/\/api.w.org\/{rel}","templated":true}]}}