{"id":14486,"date":"2020-02-23T05:15:04","date_gmt":"2020-02-23T04:15:04","guid":{"rendered":"http:\/\/martinemrichard.fr\/blog\/?p=14486"},"modified":"2020-02-23T05:15:04","modified_gmt":"2020-02-23T04:15:04","slug":"renouveau","status":"publish","type":"post","link":"https:\/\/martinemrichard.fr\/blog\/?p=14486","title":{"rendered":"Renouveau"},"content":{"rendered":"<p>Les jours succ\u00e8dent aux jours&#8230; Les saisons toujours emm\u00eal\u00e9es&#8230;\u00a0\u00a0 Certains matins frileux se r\u00e9chauffent aux nuances mandarine de Ph\u00e9bus ragaillardi.\u00a0 Les petits habitants du jardin reprennent possession des lieux.<\/p>\n<p><img loading=\"lazy\" decoding=\"async\" class=\"alignright size-large wp-image-14491\" src=\"https:\/\/martinemrichard.fr\/blog\/wp-content\/uploads\/2020\/02\/IMG_0510_v1-1024x575.jpg\" alt=\"\" width=\"1024\" height=\"575\" srcset=\"https:\/\/martinemrichard.fr\/blog\/wp-content\/uploads\/2020\/02\/IMG_0510_v1-1024x575.jpg 1024w, https:\/\/martinemrichard.fr\/blog\/wp-content\/uploads\/2020\/02\/IMG_0510_v1-300x169.jpg 300w, https:\/\/martinemrichard.fr\/blog\/wp-content\/uploads\/2020\/02\/IMG_0510_v1-768x432.jpg 768w, https:\/\/martinemrichard.fr\/blog\/wp-content\/uploads\/2020\/02\/IMG_0510_v1-1536x863.jpg 1536w, https:\/\/martinemrichard.fr\/blog\/wp-content\/uploads\/2020\/02\/IMG_0510_v1-2048x1151.jpg 2048w\" sizes=\"auto, (max-width: 1024px) 100vw, 1024px\" \/><\/p>\n<p style=\"text-align: center;\">Lever de rideau-<\/p>\n<p style=\"text-align: center;\">Sifflets et remue-m\u00e9nage<\/p>\n<p style=\"text-align: center;\">Deux merles jouent du bec<\/p>\n<p>&nbsp;<\/p>\n<p><img loading=\"lazy\" decoding=\"async\" class=\"alignright size-large wp-image-14487\" src=\"https:\/\/martinemrichard.fr\/blog\/wp-content\/uploads\/2020\/02\/IMG_0466_v1-1024x575.jpg\" alt=\"\" width=\"1024\" height=\"575\" srcset=\"https:\/\/martinemrichard.fr\/blog\/wp-content\/uploads\/2020\/02\/IMG_0466_v1-1024x575.jpg 1024w, https:\/\/martinemrichard.fr\/blog\/wp-content\/uploads\/2020\/02\/IMG_0466_v1-300x169.jpg 300w, https:\/\/martinemrichard.fr\/blog\/wp-content\/uploads\/2020\/02\/IMG_0466_v1-768x432.jpg 768w, https:\/\/martinemrichard.fr\/blog\/wp-content\/uploads\/2020\/02\/IMG_0466_v1-1536x863.jpg 1536w, https:\/\/martinemrichard.fr\/blog\/wp-content\/uploads\/2020\/02\/IMG_0466_v1-2048x1151.jpg 2048w\" sizes=\"auto, (max-width: 1024px) 100vw, 1024px\" \/><\/p>\n<p>La brume\u00a0 du vent marin se sublime insensiblement. Explosion silencieuse! Un prunier l\u00e2che ses p\u00e9tales sous la course excit\u00e9e des merles.\u00a0 \u00ab\u00a0Pin! Pin!\u00a0\u00bb L&rsquo;un d&rsquo;eux, sans doute un c\u00e9libataire endurci, salut le retour du soleil.\u00a0\u00a0 Affam\u00e9s, les premiers oiseaux viennent\u00a0 chiper quelques graines \u00e0 la mangeoire.<\/p>\n<p><img loading=\"lazy\" decoding=\"async\" class=\"alignright size-large wp-image-14492\" src=\"https:\/\/martinemrichard.fr\/blog\/wp-content\/uploads\/2020\/02\/IMG_0774_v1-1024x1024.jpg\" alt=\"\" width=\"1024\" height=\"1024\" srcset=\"https:\/\/martinemrichard.fr\/blog\/wp-content\/uploads\/2020\/02\/IMG_0774_v1-1024x1024.jpg 1024w, https:\/\/martinemrichard.fr\/blog\/wp-content\/uploads\/2020\/02\/IMG_0774_v1-300x300.jpg 300w, https:\/\/martinemrichard.fr\/blog\/wp-content\/uploads\/2020\/02\/IMG_0774_v1-150x150.jpg 150w, https:\/\/martinemrichard.fr\/blog\/wp-content\/uploads\/2020\/02\/IMG_0774_v1-768x768.jpg 768w, https:\/\/martinemrichard.fr\/blog\/wp-content\/uploads\/2020\/02\/IMG_0774_v1.jpg 1315w\" sizes=\"auto, (max-width: 1024px) 100vw, 1024px\" \/><\/p>\n<p style=\"text-align: center;\">Saint Valentin-<\/p>\n<p style=\"text-align: center;\">L&rsquo;amour toque \u00e0 la fen\u00eatre<\/p>\n<p style=\"text-align: center;\">Des m\u00e9sanges bleues<\/p>\n<p><img loading=\"lazy\" decoding=\"async\" class=\"alignright size-large wp-image-14493\" src=\"https:\/\/martinemrichard.fr\/blog\/wp-content\/uploads\/2020\/02\/IMG_0821_v1-1024x895.jpg\" alt=\"\" width=\"1024\" height=\"895\" srcset=\"https:\/\/martinemrichard.fr\/blog\/wp-content\/uploads\/2020\/02\/IMG_0821_v1-1024x895.jpg 1024w, https:\/\/martinemrichard.fr\/blog\/wp-content\/uploads\/2020\/02\/IMG_0821_v1-300x262.jpg 300w, https:\/\/martinemrichard.fr\/blog\/wp-content\/uploads\/2020\/02\/IMG_0821_v1-768x671.jpg 768w, https:\/\/martinemrichard.fr\/blog\/wp-content\/uploads\/2020\/02\/IMG_0821_v1.jpg 1153w\" sizes=\"auto, (max-width: 1024px) 100vw, 1024px\" \/><\/p>\n<p>Un pi\u00e9ride survole le jardin en ligne droite.\u00a0 O\u00f9 donc va-t-il ainsi, aussi press\u00e9 qu&rsquo;un citron?\u00a0 Romarin et\u00a0 laurier tin, mimosas, p\u00e2querettes, pissenlits, violettes blanches et violettes, crocus, narcisses&#8230;\u00a0 sont courtis\u00e9s par maintes trompes gourmandes.\u00a0 Quelques syrphes* font doucement du sur place. Les premi\u00e8res abeilles sauvages filent \u00e0 droite ou \u00e0 gauche. Une osmie bicolore semble tr\u00e8s int\u00e9ress\u00e9e par les \u00ab\u00a0appartements\u00a0\u00bb de l&rsquo;h\u00f4tel \u00e0 insectes.<\/p>\n<p><img loading=\"lazy\" decoding=\"async\" class=\"alignright size-large wp-image-14496\" src=\"https:\/\/martinemrichard.fr\/blog\/wp-content\/uploads\/2020\/02\/IMG_1268_v1-1024x768.jpg\" alt=\"\" width=\"1024\" height=\"768\" srcset=\"https:\/\/martinemrichard.fr\/blog\/wp-content\/uploads\/2020\/02\/IMG_1268_v1-1024x768.jpg 1024w, https:\/\/martinemrichard.fr\/blog\/wp-content\/uploads\/2020\/02\/IMG_1268_v1-300x225.jpg 300w, https:\/\/martinemrichard.fr\/blog\/wp-content\/uploads\/2020\/02\/IMG_1268_v1-768x576.jpg 768w, https:\/\/martinemrichard.fr\/blog\/wp-content\/uploads\/2020\/02\/IMG_1268_v1-1536x1152.jpg 1536w, https:\/\/martinemrichard.fr\/blog\/wp-content\/uploads\/2020\/02\/IMG_1268_v1.jpg 1824w\" sizes=\"auto, (max-width: 1024px) 100vw, 1024px\" \/><\/p>\n<p style=\"text-align: center;\">22 f\u00e9vrier-<\/p>\n<p style=\"text-align: center;\">Les jacinthes carillonnent<\/p>\n<p style=\"text-align: center;\">Vive le printemps!<\/p>\n<p>&nbsp;<\/p>\n<p>MMR ( tous droits r\u00e9serv\u00e9s)<\/p>\n<p>*syrphe: une mouche tr\u00e8s utile au jardinier. Elle butine les fleurs et ses larves adorent les pucerons.<\/p>\n","protected":false},"excerpt":{"rendered":"<p>Les jours succ\u00e8dent aux jours&#8230; Les saisons toujours emm\u00eal\u00e9es&#8230;\u00a0\u00a0 Certains matins frileux se r\u00e9chauffent aux nuances mandarine de Ph\u00e9bus ragaillardi.\u00a0 Les petits habitants du jardin reprennent possession des lieux. Lever de rideau- Sifflets et remue-m\u00e9nage Deux merles jouent du bec &nbsp; La brume\u00a0 du vent marin se sublime insensiblement. Explosion silencieuse! Un prunier l\u00e2che ses [&hellip;]<\/p>\n","protected":false},"author":1,"featured_media":0,"comment_status":"open","ping_status":"open","sticky":false,"template":"","format":"standard","meta":{"footnotes":""},"categories":[72,71,35],"tags":[85,1250,206,1174,983,440],"class_list":["post-14486","post","type-post","status-publish","format-standard","hentry","category-animaux","category-jardin-fleur","category-haikus-haibuns","tag-haibun","tag-jacinthes","tag-lever-de-soleil","tag-mesange-bleue","tag-osmie-bicolore","tag-printemps"],"_links":{"self":[{"href":"https:\/\/martinemrichard.fr\/blog\/index.php?rest_route=\/wp\/v2\/posts\/14486","targetHints":{"allow":["GET"]}}],"collection":[{"href":"https:\/\/martinemrichard.fr\/blog\/index.php?rest_route=\/wp\/v2\/posts"}],"about":[{"href":"https:\/\/martinemrichard.fr\/blog\/index.php?rest_route=\/wp\/v2\/types\/post"}],"author":[{"embeddable":true,"href":"https:\/\/martinemrichard.fr\/blog\/index.php?rest_route=\/wp\/v2\/users\/1"}],"replies":[{"embeddable":true,"href":"https:\/\/martinemrichard.fr\/blog\/index.php?rest_route=%2Fwp%2Fv2%2Fcomments&post=14486"}],"version-history":[{"count":16,"href":"https:\/\/martinemrichard.fr\/blog\/index.php?rest_route=\/wp\/v2\/posts\/14486\/revisions"}],"predecessor-version":[{"id":14509,"href":"https:\/\/martinemrichard.fr\/blog\/index.php?rest_route=\/wp\/v2\/posts\/14486\/revisions\/14509"}],"wp:attachment":[{"href":"https:\/\/martinemrichard.fr\/blog\/index.php?rest_route=%2Fwp%2Fv2%2Fmedia&parent=14486"}],"wp:term":[{"taxonomy":"category","embeddable":true,"href":"https:\/\/martinemrichard.fr\/blog\/index.php?rest_route=%2Fwp%2Fv2%2Fcategories&post=14486"},{"taxonomy":"post_tag","embeddable":true,"href":"https:\/\/martinemrichard.fr\/blog\/index.php?rest_route=%2Fwp%2Fv2%2Ftags&post=14486"}],"curies":[{"name":"wp","href":"https:\/\/api.w.org\/{rel}","templated":true}]}}