{"id":14806,"date":"2020-06-28T01:31:19","date_gmt":"2020-06-28T00:31:19","guid":{"rendered":"http:\/\/martinemrichard.fr\/blog\/?p=14806"},"modified":"2020-08-09T05:52:05","modified_gmt":"2020-08-09T04:52:05","slug":"le-chateau-desplas","status":"publish","type":"post","link":"https:\/\/martinemrichard.fr\/blog\/?p=14806","title":{"rendered":"Le ch\u00e2teau d&rsquo;Esplas"},"content":{"rendered":"<p><img loading=\"lazy\" decoding=\"async\" class=\"alignright size-large wp-image-14807\" src=\"https:\/\/martinemrichard.fr\/blog\/wp-content\/uploads\/2020\/06\/IMG_4192_v1-1024x575.jpg\" alt=\"\" width=\"1024\" height=\"575\" srcset=\"https:\/\/martinemrichard.fr\/blog\/wp-content\/uploads\/2020\/06\/IMG_4192_v1-1024x575.jpg 1024w, https:\/\/martinemrichard.fr\/blog\/wp-content\/uploads\/2020\/06\/IMG_4192_v1-300x168.jpg 300w, https:\/\/martinemrichard.fr\/blog\/wp-content\/uploads\/2020\/06\/IMG_4192_v1-768x431.jpg 768w, https:\/\/martinemrichard.fr\/blog\/wp-content\/uploads\/2020\/06\/IMG_4192_v1-1536x863.jpg 1536w, https:\/\/martinemrichard.fr\/blog\/wp-content\/uploads\/2020\/06\/IMG_4192_v1-2048x1150.jpg 2048w\" sizes=\"auto, (max-width: 1024px) 100vw, 1024px\" \/><\/p>\n<p>L&rsquo;ardeur du jour br\u00fble la peau.\u00a0 Aussi, nous recherchons l&rsquo;ombre bienfaisante de grands arbres. Au dessus de nos t\u00eates, les chants d&rsquo;oiseaux invisibles se r\u00e9pondent joyeusement. L\u2019entrelacs des branches laisse deviner la blondeur sobre et imposante d&rsquo;un b\u00e2timent.<\/p>\n<p><img loading=\"lazy\" decoding=\"async\" class=\"alignright size-large wp-image-14808\" src=\"https:\/\/martinemrichard.fr\/blog\/wp-content\/uploads\/2020\/06\/IMG_4202_v1-1024x575.jpg\" alt=\"\" width=\"1024\" height=\"575\" srcset=\"https:\/\/martinemrichard.fr\/blog\/wp-content\/uploads\/2020\/06\/IMG_4202_v1-1024x575.jpg 1024w, https:\/\/martinemrichard.fr\/blog\/wp-content\/uploads\/2020\/06\/IMG_4202_v1-300x168.jpg 300w, https:\/\/martinemrichard.fr\/blog\/wp-content\/uploads\/2020\/06\/IMG_4202_v1-768x431.jpg 768w, https:\/\/martinemrichard.fr\/blog\/wp-content\/uploads\/2020\/06\/IMG_4202_v1-1536x863.jpg 1536w, https:\/\/martinemrichard.fr\/blog\/wp-content\/uploads\/2020\/06\/IMG_4202_v1-2048x1150.jpg 2048w\" sizes=\"auto, (max-width: 1024px) 100vw, 1024px\" \/><\/p>\n<p>Tout en nous extasiant nous longeons le mur de la propri\u00e9t\u00e9 et arrivons face \u00e0 l&rsquo;entr\u00e9e. Un panonceau indique: Ch\u00e2teau d&rsquo;Esplas- XIII \u00e8me et XIV \u00e8me si\u00e8cles.\u00a0 Il s&rsquo;agit d&rsquo;une forteresse f\u00e9odale\u00a0 qui a r\u00e9sist\u00e9 au si\u00e8ge des anglais lors de la guerre de cent ans.\u00a0 Qui a su traverser\u00a0 les turbulences des guerres de religion.<\/p>\n<p><img loading=\"lazy\" decoding=\"async\" class=\"alignright size-medium wp-image-14809\" src=\"https:\/\/martinemrichard.fr\/blog\/wp-content\/uploads\/2020\/06\/IMG_4204_v1-168x300.jpg\" alt=\"\" width=\"168\" height=\"300\" srcset=\"https:\/\/martinemrichard.fr\/blog\/wp-content\/uploads\/2020\/06\/IMG_4204_v1-168x300.jpg 168w, https:\/\/martinemrichard.fr\/blog\/wp-content\/uploads\/2020\/06\/IMG_4204_v1-575x1024.jpg 575w, https:\/\/martinemrichard.fr\/blog\/wp-content\/uploads\/2020\/06\/IMG_4204_v1-768x1368.jpg 768w, https:\/\/martinemrichard.fr\/blog\/wp-content\/uploads\/2020\/06\/IMG_4204_v1-863x1536.jpg 863w, https:\/\/martinemrichard.fr\/blog\/wp-content\/uploads\/2020\/06\/IMG_4204_v1-1150x2048.jpg 1150w, https:\/\/martinemrichard.fr\/blog\/wp-content\/uploads\/2020\/06\/IMG_4204_v1.jpg 1291w\" sizes=\"auto, (max-width: 168px) 100vw, 168px\" \/><img loading=\"lazy\" decoding=\"async\" class=\"alignright size-medium wp-image-14812\" src=\"https:\/\/martinemrichard.fr\/blog\/wp-content\/uploads\/2020\/06\/IMG_4231_v1-168x300.jpg\" alt=\"\" width=\"168\" height=\"300\" srcset=\"https:\/\/martinemrichard.fr\/blog\/wp-content\/uploads\/2020\/06\/IMG_4231_v1-168x300.jpg 168w, https:\/\/martinemrichard.fr\/blog\/wp-content\/uploads\/2020\/06\/IMG_4231_v1-575x1024.jpg 575w, https:\/\/martinemrichard.fr\/blog\/wp-content\/uploads\/2020\/06\/IMG_4231_v1-768x1368.jpg 768w, https:\/\/martinemrichard.fr\/blog\/wp-content\/uploads\/2020\/06\/IMG_4231_v1-863x1536.jpg 863w, https:\/\/martinemrichard.fr\/blog\/wp-content\/uploads\/2020\/06\/IMG_4231_v1-1150x2048.jpg 1150w, https:\/\/martinemrichard.fr\/blog\/wp-content\/uploads\/2020\/06\/IMG_4231_v1.jpg 1291w\" sizes=\"auto, (max-width: 168px) 100vw, 168px\" \/><\/p>\n<p>Le portail brise net la curiosit\u00e9, l&rsquo;envie d&rsquo;en d\u00e9couvrir plus.<\/p>\n<p>Pas un chat. Pas un \u00e9clat de voix.\u00a0 L&rsquo;espace\u00a0 appartient \u00e0 la gente ail\u00e9e.\u00a0 Je l\u00e2che la bride \u00e0 mon imagination.\u00a0 Que cachent ces murs?\u00a0 Une belle au bois dormant?<\/p>\n<p>Le chant strident des cigales accompagne nos pas fl\u00e2neurs<\/p>\n<p><img loading=\"lazy\" decoding=\"async\" class=\"alignright size-large wp-image-14810\" src=\"https:\/\/martinemrichard.fr\/blog\/wp-content\/uploads\/2020\/06\/IMG_4208_v1-1024x575.jpg\" alt=\"\" width=\"1024\" height=\"575\" srcset=\"https:\/\/martinemrichard.fr\/blog\/wp-content\/uploads\/2020\/06\/IMG_4208_v1-1024x575.jpg 1024w, https:\/\/martinemrichard.fr\/blog\/wp-content\/uploads\/2020\/06\/IMG_4208_v1-300x168.jpg 300w, https:\/\/martinemrichard.fr\/blog\/wp-content\/uploads\/2020\/06\/IMG_4208_v1-768x431.jpg 768w, https:\/\/martinemrichard.fr\/blog\/wp-content\/uploads\/2020\/06\/IMG_4208_v1-1536x863.jpg 1536w, https:\/\/martinemrichard.fr\/blog\/wp-content\/uploads\/2020\/06\/IMG_4208_v1-2048x1150.jpg 2048w\" sizes=\"auto, (max-width: 1024px) 100vw, 1024px\" \/><\/p>\n<p>Nous voici face \u00e0 une tour carr\u00e9e. Un donjon de plus de 20 m\u00e8tres dominant un ensemble architectural form\u00e9 de quatre corps de logis ferm\u00e9s par des tours \u00e0 chaque angle ( renseignements pris sur internet)<\/p>\n<p>Nous continuons en suivant ce mur de pierres patin\u00e9es peupl\u00e9es de mousses, de foug\u00e8res et autres plantes succulentes. Il s&rsquo;agit d&rsquo;un gr\u00e8s rouge, typique de l&rsquo;Aveyron.<\/p>\n<p><img loading=\"lazy\" decoding=\"async\" class=\"alignright size-large wp-image-14811\" src=\"https:\/\/martinemrichard.fr\/blog\/wp-content\/uploads\/2020\/06\/IMG_4221_v1-1024x575.jpg\" alt=\"\" width=\"1024\" height=\"575\" srcset=\"https:\/\/martinemrichard.fr\/blog\/wp-content\/uploads\/2020\/06\/IMG_4221_v1-1024x575.jpg 1024w, https:\/\/martinemrichard.fr\/blog\/wp-content\/uploads\/2020\/06\/IMG_4221_v1-300x168.jpg 300w, https:\/\/martinemrichard.fr\/blog\/wp-content\/uploads\/2020\/06\/IMG_4221_v1-768x431.jpg 768w, https:\/\/martinemrichard.fr\/blog\/wp-content\/uploads\/2020\/06\/IMG_4221_v1-1536x863.jpg 1536w, https:\/\/martinemrichard.fr\/blog\/wp-content\/uploads\/2020\/06\/IMG_4221_v1-2048x1150.jpg 2048w\" sizes=\"auto, (max-width: 1024px) 100vw, 1024px\" \/><\/p>\n<p>Au d\u00e9tour du vieux mur,\u00a0 nous d\u00e9bouchons sur un paysage\u00a0 qui nous arrache un cri d\u2019admiration. Des for\u00eats d&rsquo;un vert profond\u00a0 alternent avec des p\u00e2turages, des champs fauch\u00e9s de frais.\u00a0 Au bord du chemin une \u00e9norme touffe de lavandes \u00e9tanche la soif d&rsquo;abeilles et de plusieurs papillons.\u00a0 Ceux-ci d&rsquo;ailleurs jaillissent de partout. La nature ici semble pr\u00e9serv\u00e9e.<\/p>\n<p><img loading=\"lazy\" decoding=\"async\" class=\"alignright size-large wp-image-14813\" src=\"https:\/\/martinemrichard.fr\/blog\/wp-content\/uploads\/2020\/06\/IMG_4259_v1-1024x575.jpg\" alt=\"\" width=\"1024\" height=\"575\" srcset=\"https:\/\/martinemrichard.fr\/blog\/wp-content\/uploads\/2020\/06\/IMG_4259_v1-1024x575.jpg 1024w, https:\/\/martinemrichard.fr\/blog\/wp-content\/uploads\/2020\/06\/IMG_4259_v1-300x168.jpg 300w, https:\/\/martinemrichard.fr\/blog\/wp-content\/uploads\/2020\/06\/IMG_4259_v1-768x431.jpg 768w, https:\/\/martinemrichard.fr\/blog\/wp-content\/uploads\/2020\/06\/IMG_4259_v1-1536x863.jpg 1536w, https:\/\/martinemrichard.fr\/blog\/wp-content\/uploads\/2020\/06\/IMG_4259_v1-2048x1150.jpg 2048w\" sizes=\"auto, (max-width: 1024px) 100vw, 1024px\" \/><\/p>\n<p>Tournant le dos \u00e0 ce panorama bucolique, nous d\u00e9couvrons une vaste partie de ce castel si bien restaur\u00e9 et entretenu.\u00a0 Le ch\u00e2teau d&rsquo;Esplas est le gardien silencieux d&rsquo;un tout petit village perch\u00e9 au sommet d&rsquo;une colline.<\/p>\n<p>Pour en savoir plus\u00a0 sur la seigneurie d&rsquo;Esplas, sur l&rsquo;histoire du ch\u00e2teau : clic\u00a0<a href=\"http:\/\/www.chateau-esplas.fr\/default.asp\"><span style=\"color: #0000ff;\"><strong> ICI<\/strong><\/span><\/a><\/p>\n<p><span style=\"color: #ff0000;\"><strong>Il s&rsquo;agit d&rsquo;une demeure priv\u00e9e.\u00a0 Pas de visite.<\/strong><\/span><\/p>\n<p>MMR ( tous droits r\u00e9serv\u00e9s)<\/p>\n<p><span style=\"color: #ff0000;\"><strong>Merci pour vos commentaires que je lis avec un immense plaisir.<\/strong><\/span><\/p>\n","protected":false},"excerpt":{"rendered":"<p>L&rsquo;ardeur du jour br\u00fble la peau.\u00a0 Aussi, nous recherchons l&rsquo;ombre bienfaisante de grands arbres. Au dessus de nos t\u00eates, les chants d&rsquo;oiseaux invisibles se r\u00e9pondent joyeusement. L\u2019entrelacs des branches laisse deviner la blondeur sobre et imposante d&rsquo;un b\u00e2timent. Tout en nous extasiant nous longeons le mur de la propri\u00e9t\u00e9 et arrivons face \u00e0 l&rsquo;entr\u00e9e. Un [&hellip;]<\/p>\n","protected":false},"author":1,"featured_media":0,"comment_status":"open","ping_status":"open","sticky":false,"template":"","format":"standard","meta":{"footnotes":""},"categories":[389],"tags":[1263,1264,1265],"class_list":["post-14806","post","type-post","status-publish","format-standard","hentry","category-promenades-ici-et-ailleurs","tag-aveyron","tag-chateau-desplas","tag-gres-rouge"],"_links":{"self":[{"href":"https:\/\/martinemrichard.fr\/blog\/index.php?rest_route=\/wp\/v2\/posts\/14806","targetHints":{"allow":["GET"]}}],"collection":[{"href":"https:\/\/martinemrichard.fr\/blog\/index.php?rest_route=\/wp\/v2\/posts"}],"about":[{"href":"https:\/\/martinemrichard.fr\/blog\/index.php?rest_route=\/wp\/v2\/types\/post"}],"author":[{"embeddable":true,"href":"https:\/\/martinemrichard.fr\/blog\/index.php?rest_route=\/wp\/v2\/users\/1"}],"replies":[{"embeddable":true,"href":"https:\/\/martinemrichard.fr\/blog\/index.php?rest_route=%2Fwp%2Fv2%2Fcomments&post=14806"}],"version-history":[{"count":12,"href":"https:\/\/martinemrichard.fr\/blog\/index.php?rest_route=\/wp\/v2\/posts\/14806\/revisions"}],"predecessor-version":[{"id":14917,"href":"https:\/\/martinemrichard.fr\/blog\/index.php?rest_route=\/wp\/v2\/posts\/14806\/revisions\/14917"}],"wp:attachment":[{"href":"https:\/\/martinemrichard.fr\/blog\/index.php?rest_route=%2Fwp%2Fv2%2Fmedia&parent=14806"}],"wp:term":[{"taxonomy":"category","embeddable":true,"href":"https:\/\/martinemrichard.fr\/blog\/index.php?rest_route=%2Fwp%2Fv2%2Fcategories&post=14806"},{"taxonomy":"post_tag","embeddable":true,"href":"https:\/\/martinemrichard.fr\/blog\/index.php?rest_route=%2Fwp%2Fv2%2Ftags&post=14806"}],"curies":[{"name":"wp","href":"https:\/\/api.w.org\/{rel}","templated":true}]}}