{"id":14827,"date":"2020-07-12T01:25:17","date_gmt":"2020-07-12T00:25:17","guid":{"rendered":"http:\/\/martinemrichard.fr\/blog\/?p=14827"},"modified":"2020-08-09T05:50:50","modified_gmt":"2020-08-09T04:50:50","slug":"esplas-suite","status":"publish","type":"post","link":"https:\/\/martinemrichard.fr\/blog\/?p=14827","title":{"rendered":"Esplas( suite)"},"content":{"rendered":"<p><img loading=\"lazy\" decoding=\"async\" class=\"alignright size-medium wp-image-14828\" src=\"https:\/\/martinemrichard.fr\/blog\/wp-content\/uploads\/2020\/07\/IMG_4209_v1-300x168.jpg\" alt=\"\" width=\"300\" height=\"168\" srcset=\"https:\/\/martinemrichard.fr\/blog\/wp-content\/uploads\/2020\/07\/IMG_4209_v1-300x168.jpg 300w, https:\/\/martinemrichard.fr\/blog\/wp-content\/uploads\/2020\/07\/IMG_4209_v1-1024x575.jpg 1024w, https:\/\/martinemrichard.fr\/blog\/wp-content\/uploads\/2020\/07\/IMG_4209_v1-768x431.jpg 768w, https:\/\/martinemrichard.fr\/blog\/wp-content\/uploads\/2020\/07\/IMG_4209_v1-1536x863.jpg 1536w, https:\/\/martinemrichard.fr\/blog\/wp-content\/uploads\/2020\/07\/IMG_4209_v1-2048x1150.jpg 2048w\" sizes=\"auto, (max-width: 300px) 100vw, 300px\" \/><\/p>\n<p>&nbsp;<\/p>\n<p>Lors du billet pr\u00e9c\u00e9dent je vous ai parl\u00e9 du ch\u00e2teau d&rsquo;Esplas \u00a0 <a href=\"https:\/\/martinemrichard.fr\/blog\/?p=14806\"><span style=\"color: #0000ff;\"><strong>ICI<\/strong><\/span><\/a><\/p>\n<p>Voici \u00e0 pr\u00e9sent quelques vues du village.\u00a0 Beaucoup de b\u00e2timents sont construits avec le gr\u00e8s rouge typique de l&rsquo; Aveyron.<\/p>\n<p><img loading=\"lazy\" decoding=\"async\" class=\"alignright size-large wp-image-14832\" src=\"https:\/\/martinemrichard.fr\/blog\/wp-content\/uploads\/2020\/07\/IMG_4184_v1-1024x575.jpg\" alt=\"\" width=\"1024\" height=\"575\" srcset=\"https:\/\/martinemrichard.fr\/blog\/wp-content\/uploads\/2020\/07\/IMG_4184_v1-1024x575.jpg 1024w, https:\/\/martinemrichard.fr\/blog\/wp-content\/uploads\/2020\/07\/IMG_4184_v1-300x169.jpg 300w, https:\/\/martinemrichard.fr\/blog\/wp-content\/uploads\/2020\/07\/IMG_4184_v1-768x432.jpg 768w, https:\/\/martinemrichard.fr\/blog\/wp-content\/uploads\/2020\/07\/IMG_4184_v1-1536x863.jpg 1536w, https:\/\/martinemrichard.fr\/blog\/wp-content\/uploads\/2020\/07\/IMG_4184_v1-2048x1151.jpg 2048w\" sizes=\"auto, (max-width: 1024px) 100vw, 1024px\" \/><\/p>\n<p>Une grande place, vide, d\u00e9serte.\u00a0 Pas de cris, de rires,\u00a0 d&rsquo;appels ou de saluts. M\u00eame pas un bruit de t\u00e9l\u00e9vision. Ce village semble endormi. Tout est net, propre, joliment fleuri.\u00a0 Une vraie carte postale.<\/p>\n<p><img loading=\"lazy\" decoding=\"async\" class=\"alignright size-large wp-image-14829\" src=\"https:\/\/martinemrichard.fr\/blog\/wp-content\/uploads\/2020\/07\/IMG_4199_v1-1024x575.jpg\" alt=\"\" width=\"1024\" height=\"575\" srcset=\"https:\/\/martinemrichard.fr\/blog\/wp-content\/uploads\/2020\/07\/IMG_4199_v1-1024x575.jpg 1024w, https:\/\/martinemrichard.fr\/blog\/wp-content\/uploads\/2020\/07\/IMG_4199_v1-300x169.jpg 300w, https:\/\/martinemrichard.fr\/blog\/wp-content\/uploads\/2020\/07\/IMG_4199_v1-768x432.jpg 768w, https:\/\/martinemrichard.fr\/blog\/wp-content\/uploads\/2020\/07\/IMG_4199_v1-1536x863.jpg 1536w, https:\/\/martinemrichard.fr\/blog\/wp-content\/uploads\/2020\/07\/IMG_4199_v1-2048x1151.jpg 2048w\" sizes=\"auto, (max-width: 1024px) 100vw, 1024px\" \/><\/p>\n<p>&nbsp;<\/p>\n<p>Tiens! Un chien!\u00a0 Il aboie\u00a0 un peu, mani\u00e8re, comme on dit dans l&rsquo;Aude.\u00a0 J&rsquo;ignore si cette expression est aussi employ\u00e9e en Aveyron. Le chien, trottine jusqu&rsquo;\u00e0 nous, renifle un peu. Puis,\u00a0 finalement, nous r\u00e9ussissons l&rsquo;examen de passage. Ce brave toutou esseul\u00e9 qu\u00e9mande juste quelques caresses que nous lui accordons bien\u00a0 volontiers.<\/p>\n<p><img loading=\"lazy\" decoding=\"async\" class=\"alignright size-medium wp-image-14834\" src=\"https:\/\/martinemrichard.fr\/blog\/wp-content\/uploads\/2020\/07\/IMG_4210_v1-300x169.jpg\" alt=\"\" width=\"300\" height=\"169\" srcset=\"https:\/\/martinemrichard.fr\/blog\/wp-content\/uploads\/2020\/07\/IMG_4210_v1-300x169.jpg 300w, https:\/\/martinemrichard.fr\/blog\/wp-content\/uploads\/2020\/07\/IMG_4210_v1-1024x575.jpg 1024w, https:\/\/martinemrichard.fr\/blog\/wp-content\/uploads\/2020\/07\/IMG_4210_v1-768x432.jpg 768w, https:\/\/martinemrichard.fr\/blog\/wp-content\/uploads\/2020\/07\/IMG_4210_v1-1536x863.jpg 1536w, https:\/\/martinemrichard.fr\/blog\/wp-content\/uploads\/2020\/07\/IMG_4210_v1-2048x1151.jpg 2048w\" sizes=\"auto, (max-width: 300px) 100vw, 300px\" \/><img loading=\"lazy\" decoding=\"async\" class=\"alignright size-medium wp-image-14836\" src=\"https:\/\/martinemrichard.fr\/blog\/wp-content\/uploads\/2020\/07\/IMG_4241_v1-300x169.jpg\" alt=\"\" width=\"300\" height=\"169\" srcset=\"https:\/\/martinemrichard.fr\/blog\/wp-content\/uploads\/2020\/07\/IMG_4241_v1-300x169.jpg 300w, https:\/\/martinemrichard.fr\/blog\/wp-content\/uploads\/2020\/07\/IMG_4241_v1-1024x575.jpg 1024w, https:\/\/martinemrichard.fr\/blog\/wp-content\/uploads\/2020\/07\/IMG_4241_v1-768x432.jpg 768w, https:\/\/martinemrichard.fr\/blog\/wp-content\/uploads\/2020\/07\/IMG_4241_v1-1536x863.jpg 1536w, https:\/\/martinemrichard.fr\/blog\/wp-content\/uploads\/2020\/07\/IMG_4241_v1-2048x1151.jpg 2048w\" sizes=\"auto, (max-width: 300px) 100vw, 300px\" \/><img loading=\"lazy\" decoding=\"async\" class=\"alignright size-medium wp-image-14833\" src=\"https:\/\/martinemrichard.fr\/blog\/wp-content\/uploads\/2020\/07\/IMG_4212_v1-300x169.jpg\" alt=\"\" width=\"300\" height=\"169\" srcset=\"https:\/\/martinemrichard.fr\/blog\/wp-content\/uploads\/2020\/07\/IMG_4212_v1-300x169.jpg 300w, https:\/\/martinemrichard.fr\/blog\/wp-content\/uploads\/2020\/07\/IMG_4212_v1-1024x575.jpg 1024w, https:\/\/martinemrichard.fr\/blog\/wp-content\/uploads\/2020\/07\/IMG_4212_v1-768x432.jpg 768w, https:\/\/martinemrichard.fr\/blog\/wp-content\/uploads\/2020\/07\/IMG_4212_v1-1536x863.jpg 1536w, https:\/\/martinemrichard.fr\/blog\/wp-content\/uploads\/2020\/07\/IMG_4212_v1-2048x1151.jpg 2048w\" sizes=\"auto, (max-width: 300px) 100vw, 300px\" \/><\/p>\n<p>&nbsp;<\/p>\n<p>&nbsp;<\/p>\n<p>&nbsp;<\/p>\n<p>&nbsp;<\/p>\n<p>&nbsp;<\/p>\n<p>Apr\u00e8s avoir contourn\u00e9 le ch\u00e2teau, nous d\u00e9couvrons une toute petite b\u00e2tisse. Nulle fum\u00e9e ne sort de sa superbe chemin\u00e9e. Il est vrai que nous sommes en \u00e9t\u00e9. Pas un chat ne somnole sur son seuil br\u00fbl\u00e9 de soleil. Par contre, trois pas plus loin, une \u00e9norme touffe de lavandes bruisse de vie.<\/p>\n<p><img loading=\"lazy\" decoding=\"async\" class=\"alignright size-large wp-image-14835\" src=\"https:\/\/martinemrichard.fr\/blog\/wp-content\/uploads\/2020\/07\/IMG_4220_v1-1024x575.jpg\" alt=\"\" width=\"1024\" height=\"575\" srcset=\"https:\/\/martinemrichard.fr\/blog\/wp-content\/uploads\/2020\/07\/IMG_4220_v1-1024x575.jpg 1024w, https:\/\/martinemrichard.fr\/blog\/wp-content\/uploads\/2020\/07\/IMG_4220_v1-300x169.jpg 300w, https:\/\/martinemrichard.fr\/blog\/wp-content\/uploads\/2020\/07\/IMG_4220_v1-768x432.jpg 768w, https:\/\/martinemrichard.fr\/blog\/wp-content\/uploads\/2020\/07\/IMG_4220_v1-1536x863.jpg 1536w, https:\/\/martinemrichard.fr\/blog\/wp-content\/uploads\/2020\/07\/IMG_4220_v1-2048x1151.jpg 2048w\" sizes=\"auto, (max-width: 1024px) 100vw, 1024px\" \/><\/p>\n<p>&nbsp;<\/p>\n<p>Je vous montre l&rsquo;autre pendant du paysage vallonn\u00e9 entourant Esplas. Des champs, des pr\u00e8s, des bocages, quelques villages lointains et les for\u00eats au vert si profond.<\/p>\n<p><img loading=\"lazy\" decoding=\"async\" class=\"alignright size-large wp-image-14837\" src=\"https:\/\/martinemrichard.fr\/blog\/wp-content\/uploads\/2020\/07\/IMG_4225_v1-1024x575.jpg\" alt=\"\" width=\"1024\" height=\"575\" srcset=\"https:\/\/martinemrichard.fr\/blog\/wp-content\/uploads\/2020\/07\/IMG_4225_v1-1024x575.jpg 1024w, https:\/\/martinemrichard.fr\/blog\/wp-content\/uploads\/2020\/07\/IMG_4225_v1-300x169.jpg 300w, https:\/\/martinemrichard.fr\/blog\/wp-content\/uploads\/2020\/07\/IMG_4225_v1-768x432.jpg 768w, https:\/\/martinemrichard.fr\/blog\/wp-content\/uploads\/2020\/07\/IMG_4225_v1-1536x863.jpg 1536w, https:\/\/martinemrichard.fr\/blog\/wp-content\/uploads\/2020\/07\/IMG_4225_v1-2048x1151.jpg 2048w\" sizes=\"auto, (max-width: 1024px) 100vw, 1024px\" \/><\/p>\n<p>Apr\u00e8s nous \u00eatre rempli les yeux de pur bonheur champ\u00eatre, nous prenons un chemin herbeux et caillouteux\u00a0 se coulant entre des murs pourpre.\u00a0 Il longe de vastes maisons pittoresques \u00e0 souhait. Que de sujets \u00e0 peindre!<img loading=\"lazy\" decoding=\"async\" class=\"alignright size-large wp-image-14831\" src=\"https:\/\/martinemrichard.fr\/blog\/wp-content\/uploads\/2020\/07\/IMG_4226_v1-575x1024.jpg\" alt=\"\" width=\"575\" height=\"1024\" srcset=\"https:\/\/martinemrichard.fr\/blog\/wp-content\/uploads\/2020\/07\/IMG_4226_v1-575x1024.jpg 575w, https:\/\/martinemrichard.fr\/blog\/wp-content\/uploads\/2020\/07\/IMG_4226_v1-169x300.jpg 169w, https:\/\/martinemrichard.fr\/blog\/wp-content\/uploads\/2020\/07\/IMG_4226_v1-768x1367.jpg 768w, https:\/\/martinemrichard.fr\/blog\/wp-content\/uploads\/2020\/07\/IMG_4226_v1-863x1536.jpg 863w, https:\/\/martinemrichard.fr\/blog\/wp-content\/uploads\/2020\/07\/IMG_4226_v1-1151x2048.jpg 1151w, https:\/\/martinemrichard.fr\/blog\/wp-content\/uploads\/2020\/07\/IMG_4226_v1-scaled.jpg 1438w\" sizes=\"auto, (max-width: 575px) 100vw, 575px\" \/><\/p>\n<p>&nbsp;<\/p>\n<p>&nbsp;<\/p>\n<p>&nbsp;<\/p>\n<p>Le parfum des tilleuls<\/p>\n<p>Flotte<\/p>\n<p>Invisible et sucr\u00e9<\/p>\n<p>Sur la blondeur du Temps.<\/p>\n<p>Fragile compagnon<\/p>\n<p>Un papillon<\/p>\n<p>Roux<\/p>\n<p>Joue\u00a0 \u00e0 cloche-ailes<\/p>\n<p>Entre ombres moussues<\/p>\n<p>Et flaques soleilleuses.<\/p>\n<p>Sur trois fils lumineux<\/p>\n<p>Inconstants et boh\u00e8mes<\/p>\n<p>Danse le quatuor mouches et moucherons..<\/p>\n<p>Pris dans les rets de Ra<\/p>\n<p>Chor\u00e9graphie simpliste<\/p>\n<p>Ce yoyo zonzonne<\/p>\n<p>Inconscient des secondes.<\/p>\n<p>&nbsp;<\/p>\n<p><img loading=\"lazy\" decoding=\"async\" class=\"alignleft size-thumbnail wp-image-14830\" src=\"https:\/\/martinemrichard.fr\/blog\/wp-content\/uploads\/2020\/07\/IMG_4227_v1-150x150.jpg\" alt=\"\" width=\"150\" height=\"150\" \/><\/p>\n<p>&nbsp;<\/p>\n<p>&nbsp;<\/p>\n<p>&nbsp;<\/p>\n<p>&nbsp;<\/p>\n<p>&nbsp;<\/p>\n<p>MMR ( tous droits r\u00e9serv\u00e9s)<\/p>\n<p><span style=\"color: #ff0000;\"><strong>Merci pour toutes vos visites et vos commentaires que je d\u00e9couvre avec grand plaisir<\/strong><\/span><\/p>\n<p>&nbsp;<\/p>\n","protected":false},"excerpt":{"rendered":"<p>&nbsp; Lors du billet pr\u00e9c\u00e9dent je vous ai parl\u00e9 du ch\u00e2teau d&rsquo;Esplas \u00a0 ICI Voici \u00e0 pr\u00e9sent quelques vues du village.\u00a0 Beaucoup de b\u00e2timents sont construits avec le gr\u00e8s rouge typique de l&rsquo; Aveyron. Une grande place, vide, d\u00e9serte.\u00a0 Pas de cris, de rires,\u00a0 d&rsquo;appels ou de saluts. M\u00eame pas un bruit de t\u00e9l\u00e9vision. Ce [&hellip;]<\/p>\n","protected":false},"author":1,"featured_media":0,"comment_status":"open","ping_status":"open","sticky":false,"template":"","format":"standard","meta":{"footnotes":""},"categories":[389],"tags":[1266,160,313,32,75,122,62],"class_list":["post-14827","post","type-post","status-publish","format-standard","hentry","category-promenades-ici-et-ailleurs","tag-esplas","tag-ete","tag-mouche","tag-ombre","tag-papillon","tag-soleil","tag-temps"],"_links":{"self":[{"href":"https:\/\/martinemrichard.fr\/blog\/index.php?rest_route=\/wp\/v2\/posts\/14827","targetHints":{"allow":["GET"]}}],"collection":[{"href":"https:\/\/martinemrichard.fr\/blog\/index.php?rest_route=\/wp\/v2\/posts"}],"about":[{"href":"https:\/\/martinemrichard.fr\/blog\/index.php?rest_route=\/wp\/v2\/types\/post"}],"author":[{"embeddable":true,"href":"https:\/\/martinemrichard.fr\/blog\/index.php?rest_route=\/wp\/v2\/users\/1"}],"replies":[{"embeddable":true,"href":"https:\/\/martinemrichard.fr\/blog\/index.php?rest_route=%2Fwp%2Fv2%2Fcomments&post=14827"}],"version-history":[{"count":33,"href":"https:\/\/martinemrichard.fr\/blog\/index.php?rest_route=\/wp\/v2\/posts\/14827\/revisions"}],"predecessor-version":[{"id":14916,"href":"https:\/\/martinemrichard.fr\/blog\/index.php?rest_route=\/wp\/v2\/posts\/14827\/revisions\/14916"}],"wp:attachment":[{"href":"https:\/\/martinemrichard.fr\/blog\/index.php?rest_route=%2Fwp%2Fv2%2Fmedia&parent=14827"}],"wp:term":[{"taxonomy":"category","embeddable":true,"href":"https:\/\/martinemrichard.fr\/blog\/index.php?rest_route=%2Fwp%2Fv2%2Fcategories&post=14827"},{"taxonomy":"post_tag","embeddable":true,"href":"https:\/\/martinemrichard.fr\/blog\/index.php?rest_route=%2Fwp%2Fv2%2Ftags&post=14827"}],"curies":[{"name":"wp","href":"https:\/\/api.w.org\/{rel}","templated":true}]}}