{"id":1488,"date":"2011-05-04T08:34:03","date_gmt":"2011-05-04T06:34:03","guid":{"rendered":"http:\/\/martinemrichard.fr\/blog\/?p=1488"},"modified":"2011-05-17T07:22:58","modified_gmt":"2011-05-17T05:22:58","slug":"iris","status":"publish","type":"post","link":"https:\/\/martinemrichard.fr\/blog\/?p=1488","title":{"rendered":"Iris \u2026."},"content":{"rendered":"<p style=\"text-align: justify;\">L&rsquo;iris domine le jardin <a href=\"https:\/\/martinemrichard.fr\/blog\/wp-content\/uploads\/2011\/05\/iris-blanc-et-anis1.jpg\"><img loading=\"lazy\" decoding=\"async\" class=\"alignright size-medium wp-image-1490\" title=\"iris blanc et anis\" src=\"https:\/\/martinemrichard.fr\/blog\/wp-content\/uploads\/2011\/05\/iris-blanc-et-anis1-300x225.jpg\" alt=\"\" width=\"300\" height=\"225\" srcset=\"https:\/\/martinemrichard.fr\/blog\/wp-content\/uploads\/2011\/05\/iris-blanc-et-anis1-300x225.jpg 300w, https:\/\/martinemrichard.fr\/blog\/wp-content\/uploads\/2011\/05\/iris-blanc-et-anis1-1024x768.jpg 1024w\" sizes=\"auto, (max-width: 300px) 100vw, 300px\" \/><\/a>, fier et g\u00e9n\u00e9reux.<\/p>\n<p style=\"text-align: justify;\">Parfum capiteux,<\/p>\n<p style=\"text-align: justify;\">P\u00e9tales pr\u00e9cieux<\/p>\n<p style=\"text-align: justify;\">Instants vaporeux<\/p>\n<p style=\"text-align: justify;\">o\u00f9 je succombe \u00e0 son charme si vari\u00e9, si riche&#8230;<\/p>\n<p style=\"text-align: justify;\">Tableaux fugaces,<\/p>\n<p style=\"text-align: justify;\">Jupons dentel\u00e9s, cisel\u00e9s de lumi\u00e8re.<\/p>\n<p style=\"text-align: justify;\">Le Temps poin\u00e7onne ses secondes <a href=\"https:\/\/martinemrichard.fr\/blog\/wp-content\/uploads\/2011\/05\/iris-abricot-et-violet.jpg\"><img loading=\"lazy\" decoding=\"async\" class=\"alignright size-medium wp-image-1491\" title=\"iris abricot et violet\" src=\"https:\/\/martinemrichard.fr\/blog\/wp-content\/uploads\/2011\/05\/iris-abricot-et-violet-300x225.jpg\" alt=\"\" width=\"300\" height=\"225\" srcset=\"https:\/\/martinemrichard.fr\/blog\/wp-content\/uploads\/2011\/05\/iris-abricot-et-violet-300x225.jpg 300w, https:\/\/martinemrichard.fr\/blog\/wp-content\/uploads\/2011\/05\/iris-abricot-et-violet-1024x768.jpg 1024w\" sizes=\"auto, (max-width: 300px) 100vw, 300px\" \/><\/a>, caresse ses minutes et retient son heure.<\/p>\n<p style=\"text-align: justify;\">L&rsquo;iris est l\u00e0, lourd et si fragile.<\/p>\n<p style=\"text-align: justify;\">Tramontane, oublie un peu ta fougue, ta hargne et ton tapage .<\/p>\n<p style=\"text-align: justify;\">Mets-toi en vacances<\/p>\n<p style=\"text-align: justify;\">\u00c9coute la senteur aux envol\u00e9es lyriques<\/p>\n<p style=\"text-align: justify;\">Ce parl\u00e9 de l&rsquo;iris aux mots poivr\u00e9s et doux<\/p>\n<p style=\"text-align: justify;\"><a href=\"https:\/\/martinemrichard.fr\/blog\/wp-content\/uploads\/2011\/05\/iris-jaune-et-pourpre.jpg\"><img loading=\"lazy\" decoding=\"async\" class=\"alignright size-medium wp-image-1492\" title=\"iris jaune et pourpre\" src=\"https:\/\/martinemrichard.fr\/blog\/wp-content\/uploads\/2011\/05\/iris-jaune-et-pourpre-225x300.jpg\" alt=\"\" width=\"225\" height=\"300\" srcset=\"https:\/\/martinemrichard.fr\/blog\/wp-content\/uploads\/2011\/05\/iris-jaune-et-pourpre-225x300.jpg 225w, https:\/\/martinemrichard.fr\/blog\/wp-content\/uploads\/2011\/05\/iris-jaune-et-pourpre-768x1024.jpg 768w, https:\/\/martinemrichard.fr\/blog\/wp-content\/uploads\/2011\/05\/iris-jaune-et-pourpre.jpg 1785w\" sizes=\"auto, (max-width: 225px) 100vw, 225px\" \/><\/a>Velours,<\/p>\n<p style=\"text-align: justify;\">Satin,<\/p>\n<p style=\"text-align: justify;\">Drap\u00e9,<\/p>\n<p style=\"text-align: justify;\">Dentelle,<\/p>\n<p style=\"text-align: justify;\">Tissus des grands jours,<\/p>\n<p style=\"text-align: justify;\">Bal au clair soleil.<\/p>\n<p style=\"text-align: justify;\">Je touche des yeux,<\/p>\n<p style=\"text-align: justify;\">Friponne du nez toutes ces gorges capiteuses&#8230;<\/p>\n<p style=\"text-align: justify;\">Iris des jardins<\/p>\n<p style=\"text-align: justify;\">Iris Germanica<\/p>\n<p style=\"text-align: justify;\"><a href=\"https:\/\/martinemrichard.fr\/blog\/wp-content\/uploads\/2011\/05\/iris-jaune-et-blanc.jpg\"><img loading=\"lazy\" decoding=\"async\" class=\"alignleft size-medium wp-image-1493\" title=\"iris jaune et blanc\" src=\"https:\/\/martinemrichard.fr\/blog\/wp-content\/uploads\/2011\/05\/iris-jaune-et-blanc-300x225.jpg\" alt=\"\" width=\"300\" height=\"225\" srcset=\"https:\/\/martinemrichard.fr\/blog\/wp-content\/uploads\/2011\/05\/iris-jaune-et-blanc-300x225.jpg 300w, https:\/\/martinemrichard.fr\/blog\/wp-content\/uploads\/2011\/05\/iris-jaune-et-blanc-1024x768.jpg 1024w\" sizes=\"auto, (max-width: 300px) 100vw, 300px\" \/><\/a> <a href=\"https:\/\/martinemrichard.fr\/blog\/wp-content\/uploads\/2011\/05\/iris-pourpre.jpg\"><img loading=\"lazy\" decoding=\"async\" class=\"alignright size-thumbnail wp-image-1494\" title=\"iris pourpre\" src=\"https:\/\/martinemrichard.fr\/blog\/wp-content\/uploads\/2011\/05\/iris-pourpre-150x150.jpg\" alt=\"\" width=\"150\" height=\"150\" \/><\/a><\/p>\n<p style=\"text-align: justify;\">\n<p style=\"text-align: justify;\">\n<p style=\"text-align: justify;\">\n<p style=\"text-align: justify;\">\n<p style=\"text-align: justify;\">Soieries tant d\u00e9sir\u00e9es,<\/p>\n<p style=\"text-align: justify;\">Feuilles lanc\u00e9ol\u00e9es \u00e0 la garde ac\u00e9r\u00e9e,<\/p>\n<p style=\"text-align: justify;\">Fil tranchant dont se moque l&rsquo;escargot de l&rsquo;aurore&#8230;.<\/p>\n<p style=\"text-align: justify;\"><a href=\"https:\/\/martinemrichard.fr\/blog\/wp-content\/uploads\/2011\/05\/iris-abricot-clair.jpg\"><img loading=\"lazy\" decoding=\"async\" class=\"alignright size-medium wp-image-1495\" title=\"iris abricot clair\" src=\"https:\/\/martinemrichard.fr\/blog\/wp-content\/uploads\/2011\/05\/iris-abricot-clair-225x300.jpg\" alt=\"\" width=\"225\" height=\"300\" srcset=\"https:\/\/martinemrichard.fr\/blog\/wp-content\/uploads\/2011\/05\/iris-abricot-clair-225x300.jpg 225w, https:\/\/martinemrichard.fr\/blog\/wp-content\/uploads\/2011\/05\/iris-abricot-clair-768x1024.jpg 768w, https:\/\/martinemrichard.fr\/blog\/wp-content\/uploads\/2011\/05\/iris-abricot-clair.jpg 1785w\" sizes=\"auto, (max-width: 225px) 100vw, 225px\" \/><\/a>Avril et mai distillent<\/p>\n<p style=\"text-align: justify;\">Sur tes robes d\u00e9licates,<\/p>\n<p style=\"text-align: justify;\">Quelques gouttes diamant,<\/p>\n<p style=\"text-align: justify;\">Broches \u00e9ph\u00e9m\u00e8res,<\/p>\n<p style=\"text-align: justify;\">Colliers de matins calmes<\/p>\n<p style=\"text-align: justify;\">Que glorifient le merle,<\/p>\n<p style=\"text-align: justify;\">Le coucou et le geai&#8230;.<\/p>\n<p style=\"text-align: justify;\">Iris! Mon bel iris!<\/p>\n<p style=\"text-align: justify;\">Un an que je t&rsquo;attendais, que je m&rsquo;impatientais,<\/p>\n<p style=\"text-align: justify;\">et\u00a0<a href=\"https:\/\/martinemrichard.fr\/blog\/wp-content\/uploads\/2011\/05\/iris-chair-et-violet.jpg\"><img loading=\"lazy\" decoding=\"async\" class=\"alignright size-medium wp-image-1496\" title=\"iris chair et violet\" src=\"https:\/\/martinemrichard.fr\/blog\/wp-content\/uploads\/2011\/05\/iris-chair-et-violet-300x225.jpg\" alt=\"\" width=\"300\" height=\"225\" srcset=\"https:\/\/martinemrichard.fr\/blog\/wp-content\/uploads\/2011\/05\/iris-chair-et-violet-300x225.jpg 300w, https:\/\/martinemrichard.fr\/blog\/wp-content\/uploads\/2011\/05\/iris-chair-et-violet-1024x768.jpg 1024w\" sizes=\"auto, (max-width: 300px) 100vw, 300px\" \/><\/a><\/p>\n<p style=\"text-align: justify;\">Te voici&#8230;<\/p>\n<p style=\"text-align: justify;\">Enfin&#8230;.<\/p>\n<p style=\"text-align: justify;\">\n<p style=\"text-align: justify;\">MMR ( tous droits r\u00e9serv\u00e9s)<\/p>\n<p style=\"text-align: justify;\">\n<p style=\"text-align: justify;\">\n<p style=\"text-align: justify;\">\n<p style=\"text-align: justify;\">\n","protected":false},"excerpt":{"rendered":"<p>L&rsquo;iris domine le jardin , fier et g\u00e9n\u00e9reux. Parfum capiteux, P\u00e9tales pr\u00e9cieux Instants vaporeux o\u00f9 je succombe \u00e0 son charme si vari\u00e9, si riche&#8230; Tableaux fugaces, Jupons dentel\u00e9s, cisel\u00e9s de lumi\u00e8re. Le Temps poin\u00e7onne ses secondes , caresse ses minutes et retient son heure. L&rsquo;iris est l\u00e0, lourd et si fragile. Tramontane, oublie un peu [&hellip;]<\/p>\n","protected":false},"author":1,"featured_media":0,"comment_status":"open","ping_status":"open","sticky":false,"template":"","format":"standard","meta":{"footnotes":""},"categories":[71],"tags":[13,12,10,11,15,14],"class_list":["post-1488","post","type-post","status-publish","format-standard","hentry","category-jardin-fleur","tag-anis","tag-blanc","tag-iris","tag-jardin","tag-pourpre","tag-violet"],"_links":{"self":[{"href":"https:\/\/martinemrichard.fr\/blog\/index.php?rest_route=\/wp\/v2\/posts\/1488","targetHints":{"allow":["GET"]}}],"collection":[{"href":"https:\/\/martinemrichard.fr\/blog\/index.php?rest_route=\/wp\/v2\/posts"}],"about":[{"href":"https:\/\/martinemrichard.fr\/blog\/index.php?rest_route=\/wp\/v2\/types\/post"}],"author":[{"embeddable":true,"href":"https:\/\/martinemrichard.fr\/blog\/index.php?rest_route=\/wp\/v2\/users\/1"}],"replies":[{"embeddable":true,"href":"https:\/\/martinemrichard.fr\/blog\/index.php?rest_route=%2Fwp%2Fv2%2Fcomments&post=1488"}],"version-history":[{"count":2,"href":"https:\/\/martinemrichard.fr\/blog\/index.php?rest_route=\/wp\/v2\/posts\/1488\/revisions"}],"predecessor-version":[{"id":1571,"href":"https:\/\/martinemrichard.fr\/blog\/index.php?rest_route=\/wp\/v2\/posts\/1488\/revisions\/1571"}],"wp:attachment":[{"href":"https:\/\/martinemrichard.fr\/blog\/index.php?rest_route=%2Fwp%2Fv2%2Fmedia&parent=1488"}],"wp:term":[{"taxonomy":"category","embeddable":true,"href":"https:\/\/martinemrichard.fr\/blog\/index.php?rest_route=%2Fwp%2Fv2%2Fcategories&post=1488"},{"taxonomy":"post_tag","embeddable":true,"href":"https:\/\/martinemrichard.fr\/blog\/index.php?rest_route=%2Fwp%2Fv2%2Ftags&post=1488"}],"curies":[{"name":"wp","href":"https:\/\/api.w.org\/{rel}","templated":true}]}}