{"id":1504,"date":"2011-05-08T05:59:38","date_gmt":"2011-05-08T03:59:38","guid":{"rendered":"http:\/\/martinemrichard.fr\/blog\/?p=1504"},"modified":"2012-02-12T06:23:47","modified_gmt":"2012-02-12T05:23:47","slug":"chenilles-vertes","status":"publish","type":"post","link":"https:\/\/martinemrichard.fr\/blog\/?p=1504","title":{"rendered":"Chenilles vertes"},"content":{"rendered":"<p style=\"text-align: justify;\"><a href=\"https:\/\/martinemrichard.fr\/blog\/wp-content\/uploads\/2011\/05\/iris-et-oeillets.jpg\"><img loading=\"lazy\" decoding=\"async\" class=\"alignright size-medium wp-image-1505\" title=\"iris et oeillets\" src=\"https:\/\/martinemrichard.fr\/blog\/wp-content\/uploads\/2011\/05\/iris-et-oeillets-225x300.jpg\" alt=\"\" width=\"225\" height=\"300\" srcset=\"https:\/\/martinemrichard.fr\/blog\/wp-content\/uploads\/2011\/05\/iris-et-oeillets-225x300.jpg 225w, https:\/\/martinemrichard.fr\/blog\/wp-content\/uploads\/2011\/05\/iris-et-oeillets-768x1024.jpg 768w, https:\/\/martinemrichard.fr\/blog\/wp-content\/uploads\/2011\/05\/iris-et-oeillets.jpg 1785w\" sizes=\"auto, (max-width: 225px) 100vw, 225px\" \/><\/a>Quelques minutes au jardin&#8230;.. Un plaisir inestimable. C&rsquo;est comme se laver l&rsquo;int\u00e9rieur de la t\u00eate de ces pens\u00e9es parasites qui nous usent \u00e0 petit feu&#8230;<\/p>\n<p style=\"text-align: justify;\">Aussi, chaque occasion est bonne de m&rsquo;\u00e9chapper, de contempler mes fleurs&#8230;. de d\u00e9couvrir un nouveau petit visiteur&#8230;<\/p>\n<p style=\"text-align: justify;\">Mercredi, j&rsquo;admirais la derni\u00e8re fleur de ce bel iris abricot clair, au pied de l&rsquo;arbre de Jud\u00e9e. Son merveilleux parfum \u00e9tait \u00e9clips\u00e9 par la violence poivr\u00e9e des \u0153illets mignardises. Une touffe\u00a0 qui a doubl\u00e9 de volume depuis l&rsquo;an dernier. Deux teintes mari\u00e9es intimement. Lorsque j&rsquo;avais repiqu\u00e9 ce pied, un autre, tout petit, \u00e9tait coll\u00e9 \u00e0 lui.\u00a0 Cela n&rsquo;a pas eu l&rsquo;air de les g\u00eaner beaucoup.<\/p>\n<p style=\"text-align: justify;\">Je me penchais pour humer avec d\u00e9lice &#8230;.<a href=\"https:\/\/martinemrichard.fr\/blog\/wp-content\/uploads\/2011\/05\/chenille-verte-1-.jpg\"><img loading=\"lazy\" decoding=\"async\" class=\"alignright size-medium wp-image-1506\" title=\"chenille verte 1\" src=\"https:\/\/martinemrichard.fr\/blog\/wp-content\/uploads\/2011\/05\/chenille-verte-1--300x225.jpg\" alt=\"\" width=\"300\" height=\"225\" srcset=\"https:\/\/martinemrichard.fr\/blog\/wp-content\/uploads\/2011\/05\/chenille-verte-1--300x225.jpg 300w, https:\/\/martinemrichard.fr\/blog\/wp-content\/uploads\/2011\/05\/chenille-verte-1--1024x768.jpg 1024w\" sizes=\"auto, (max-width: 300px) 100vw, 300px\" \/><\/a> lorsque je m&rsquo;aper\u00e7us que quelque chose clochait. Certains boutons semblaient vides. Plus rien. Un, deux, dix&#8230; j&rsquo;en comptais une bonne quinzaine. Sacril\u00e8ge! Un par -ci, un par- l\u00e0, tant pis. Je comprends et admets que mes petits locataires aient besoin de vivre. Mais l\u00e0, c&rsquo;\u00e9tait un vrai carnage. Qui \u00e9tait le coupable! Non de non! Je cherchai et finis par trouver l&rsquo;auteur de ce beau g\u00e2chis: une chenille verte. Une belle \u00e0 la robe fluo, vaguement tach\u00e9e et surlign\u00e9e d&rsquo;un peu de blanc. Sa teinte la dissimulait quasi parfaitement \u00e0 l&rsquo;oiseau fureteur<a href=\"https:\/\/martinemrichard.fr\/blog\/wp-content\/uploads\/2011\/05\/chenille-verte-2-.jpg\"><img loading=\"lazy\" decoding=\"async\" class=\"alignright size-thumbnail wp-image-1507\" title=\"chenille verte 2\" src=\"https:\/\/martinemrichard.fr\/blog\/wp-content\/uploads\/2011\/05\/chenille-verte-2--150x150.jpg\" alt=\"\" width=\"150\" height=\"150\" \/><\/a>. Cette demoiselle , bien grasse, bien nourrie, \u00e9tait sans piti\u00e9 pour\u00a0 mes \u0153illets. Ils allaient tous y passer. A l&rsquo;aide d&rsquo;un brin d&rsquo;herbe, je la for\u00e7ai \u00e0 l\u00e2cher prise. Puis lui offris une vill\u00e9giature dans l&rsquo;espace vert de l&rsquo;autre c\u00f4t\u00e9 de la rue. Elle pourra exercer librement sa voracit\u00e9 parmi les fleurs sauvages.<\/p>\n<p style=\"text-align: justify;\">Apr\u00e8s cette alerte, une inspection en r\u00e8gle s&rsquo;imposait.\u00a0 Bien m&rsquo;en a pris. Je d\u00e9couvris une autre gloutonne. grrrrrrrrrrr!!! Celle-l\u00e0 se r\u00e9galait des fines tiges du seul et unique pied de catananche qui\u00a0 ait bien voulu survivre.<\/p>\n<p style=\"text-align: justify;\"><a href=\"https:\/\/martinemrichard.fr\/blog\/wp-content\/uploads\/2011\/05\/chenille-verte-4.jpg\"><img loading=\"lazy\" decoding=\"async\" class=\"alignleft size-thumbnail wp-image-1508\" title=\"chenille verte 4\" src=\"https:\/\/martinemrichard.fr\/blog\/wp-content\/uploads\/2011\/05\/chenille-verte-4-150x150.jpg\" alt=\"\" width=\"150\" height=\"150\" \/><\/a> J&rsquo;adore <a href=\"https:\/\/martinemrichard.fr\/blog\/wp-content\/uploads\/2011\/05\/catananche-caerulea.jpg\"><img loading=\"lazy\" decoding=\"async\" class=\"alignright size-medium wp-image-1509\" title=\"catananche caerulea\" src=\"https:\/\/martinemrichard.fr\/blog\/wp-content\/uploads\/2011\/05\/catananche-caerulea-225x300.jpg\" alt=\"\" width=\"225\" height=\"300\" srcset=\"https:\/\/martinemrichard.fr\/blog\/wp-content\/uploads\/2011\/05\/catananche-caerulea-225x300.jpg 225w, https:\/\/martinemrichard.fr\/blog\/wp-content\/uploads\/2011\/05\/catananche-caerulea-768x1024.jpg 768w, https:\/\/martinemrichard.fr\/blog\/wp-content\/uploads\/2011\/05\/catananche-caerulea.jpg 1785w\" sizes=\"auto, (max-width: 225px) 100vw, 225px\" \/><\/a>le bleu de cette fleur\u00a0 , un peu sauvage. Cette photo a \u00e9t\u00e9 prise l&rsquo;an dernier. Les abeilles , les mouches et maints autres insectes appr\u00e9ciaient son pollen.\u00a0 Ce qui, bien entendu, \u00e9tait un lieu id\u00e9al pour chasser.\u00a0 Sous la douceur des p\u00e9tales inf\u00e9rieurs, on peut apercevoir une araign\u00e9e crabe. Je crois que c&rsquo;est une Heriaeus .\u00a0 Une redoutable pr\u00e9datrice.<\/p>\n<p style=\"text-align: justify;\">Apr\u00e8s l&rsquo;avoir r\u00e9cup\u00e9r\u00e9e \u00e0 l&rsquo;aide d&rsquo;une brindille, j&#8217;emportais cette seconde chenille\u00a0 et la d\u00e9posais \u00e0 une dizaine de m\u00e8tres de la pr\u00e9c\u00e9dente.<a href=\"https:\/\/martinemrichard.fr\/blog\/wp-content\/uploads\/2011\/05\/chenille-verte-3.jpg\"><img loading=\"lazy\" decoding=\"async\" class=\"alignright size-medium wp-image-1510\" title=\"chenille verte 3\" src=\"https:\/\/martinemrichard.fr\/blog\/wp-content\/uploads\/2011\/05\/chenille-verte-3-300x225.jpg\" alt=\"\" width=\"300\" height=\"225\" srcset=\"https:\/\/martinemrichard.fr\/blog\/wp-content\/uploads\/2011\/05\/chenille-verte-3-300x225.jpg 300w, https:\/\/martinemrichard.fr\/blog\/wp-content\/uploads\/2011\/05\/chenille-verte-3-1024x768.jpg 1024w\" sizes=\"auto, (max-width: 300px) 100vw, 300px\" \/><\/a><\/p>\n<p style=\"text-align: justify;\">Gros plan sur la t\u00eate de cette\u00a0 jolie enquiquineuse. J&rsquo;ai cherch\u00e9 \u00e0 l&rsquo;identifier. Peut-\u00eatre une orthosia mais laquelle: incerta? Si quelqu&rsquo;un peut me renseigner, merci par avance.<\/p>\n<p style=\"text-align: justify;\">MMR ( tous droits r\u00e9serv\u00e9s)<\/p>\n","protected":false},"excerpt":{"rendered":"<p>Quelques minutes au jardin&#8230;.. Un plaisir inestimable. C&rsquo;est comme se laver l&rsquo;int\u00e9rieur de la t\u00eate de ces pens\u00e9es parasites qui nous usent \u00e0 petit feu&#8230; Aussi, chaque occasion est bonne de m&rsquo;\u00e9chapper, de contempler mes fleurs&#8230;. de d\u00e9couvrir un nouveau petit visiteur&#8230; Mercredi, j&rsquo;admirais la derni\u00e8re fleur de ce bel iris abricot clair, au pied [&hellip;]<\/p>\n","protected":false},"author":1,"featured_media":0,"comment_status":"open","ping_status":"open","sticky":false,"template":"","format":"standard","meta":{"footnotes":""},"categories":[72,71],"tags":[29,30,25,28,31,27,26],"class_list":["post-1504","post","type-post","status-publish","format-standard","hentry","category-animaux","category-jardin-fleur","tag-araignee-crabe","tag-catananche","tag-chenille","tag-incerta","tag-oeillets","tag-orthosia","tag-verte"],"_links":{"self":[{"href":"https:\/\/martinemrichard.fr\/blog\/index.php?rest_route=\/wp\/v2\/posts\/1504","targetHints":{"allow":["GET"]}}],"collection":[{"href":"https:\/\/martinemrichard.fr\/blog\/index.php?rest_route=\/wp\/v2\/posts"}],"about":[{"href":"https:\/\/martinemrichard.fr\/blog\/index.php?rest_route=\/wp\/v2\/types\/post"}],"author":[{"embeddable":true,"href":"https:\/\/martinemrichard.fr\/blog\/index.php?rest_route=\/wp\/v2\/users\/1"}],"replies":[{"embeddable":true,"href":"https:\/\/martinemrichard.fr\/blog\/index.php?rest_route=%2Fwp%2Fv2%2Fcomments&post=1504"}],"version-history":[{"count":3,"href":"https:\/\/martinemrichard.fr\/blog\/index.php?rest_route=\/wp\/v2\/posts\/1504\/revisions"}],"predecessor-version":[{"id":3873,"href":"https:\/\/martinemrichard.fr\/blog\/index.php?rest_route=\/wp\/v2\/posts\/1504\/revisions\/3873"}],"wp:attachment":[{"href":"https:\/\/martinemrichard.fr\/blog\/index.php?rest_route=%2Fwp%2Fv2%2Fmedia&parent=1504"}],"wp:term":[{"taxonomy":"category","embeddable":true,"href":"https:\/\/martinemrichard.fr\/blog\/index.php?rest_route=%2Fwp%2Fv2%2Fcategories&post=1504"},{"taxonomy":"post_tag","embeddable":true,"href":"https:\/\/martinemrichard.fr\/blog\/index.php?rest_route=%2Fwp%2Fv2%2Ftags&post=1504"}],"curies":[{"name":"wp","href":"https:\/\/api.w.org\/{rel}","templated":true}]}}